{"id":1463,"date":"2012-09-07T22:39:30","date_gmt":"2012-09-07T20:39:30","guid":{"rendered":"https:\/\/blog-alexis.monville.com\/?p=1463"},"modified":"2014-01-08T22:14:15","modified_gmt":"2014-01-08T21:14:15","slug":"ale2012-quest-ce-quune-keynote","status":"publish","type":"post","link":"https:\/\/blog-alexis.monville.com\/en\/2012\/09\/07\/ale2012-quest-ce-quune-keynote\/","title":{"rendered":"ALE2012 &#8211; qu&#8217;est-ce qu&#8217;une keynote ?"},"content":{"rendered":"<p><a href=\"https:\/\/i0.wp.com\/blog-alexis.monville.com\/wp-content\/uploads\/sites\/2\/2012\/09\/ALE2012-1.jpg?ssl=1\"><img data-recalc-dims=\"1\" loading=\"lazy\" decoding=\"async\" data-attachment-id=\"1464\" data-permalink=\"https:\/\/blog-alexis.monville.com\/en\/2012\/09\/07\/ale2012-quest-ce-quune-keynote\/ale2012-1\/\" data-orig-file=\"https:\/\/i0.wp.com\/blog-alexis.monville.com\/en\/wp-content\/uploads\/sites\/2\/2012\/09\/ALE2012-1-scaled.jpg?fit=2560%2C1920&amp;ssl=1\" data-orig-size=\"2560,1920\" data-comments-opened=\"1\" data-image-meta=\"{&quot;aperture&quot;:&quot;2.4&quot;,&quot;credit&quot;:&quot;&quot;,&quot;camera&quot;:&quot;iPhone 4S&quot;,&quot;caption&quot;:&quot;&quot;,&quot;created_timestamp&quot;:&quot;1346232027&quot;,&quot;copyright&quot;:&quot;&quot;,&quot;focal_length&quot;:&quot;4.28&quot;,&quot;iso&quot;:&quot;400&quot;,&quot;shutter_speed&quot;:&quot;0.058823529411765&quot;,&quot;title&quot;:&quot;&quot;,&quot;orientation&quot;:&quot;1&quot;}\" data-image-title=\"ALE2012-1\" data-image-description=\"\" data-image-caption=\"\" data-large-file=\"https:\/\/i0.wp.com\/blog-alexis.monville.com\/en\/wp-content\/uploads\/sites\/2\/2012\/09\/ALE2012-1-scaled.jpg?fit=1024%2C768&amp;ssl=1\" class=\"alignleft size-medium wp-image-1464\" title=\"ALE2012-1\" src=\"https:\/\/i0.wp.com\/blog-alexis.monville.com\/wp-content\/uploads\/sites\/2\/2012\/09\/ALE2012-1-300x225.jpg?resize=300%2C225&#038;ssl=1\" alt=\"\" width=\"300\" height=\"225\" srcset=\"https:\/\/i0.wp.com\/blog-alexis.monville.com\/en\/wp-content\/uploads\/sites\/2\/2012\/09\/ALE2012-1-scaled.jpg?resize=300%2C225&amp;ssl=1 300w, https:\/\/i0.wp.com\/blog-alexis.monville.com\/en\/wp-content\/uploads\/sites\/2\/2012\/09\/ALE2012-1-scaled.jpg?resize=1024%2C768&amp;ssl=1 1024w, https:\/\/i0.wp.com\/blog-alexis.monville.com\/en\/wp-content\/uploads\/sites\/2\/2012\/09\/ALE2012-1-scaled.jpg?resize=768%2C576&amp;ssl=1 768w, https:\/\/i0.wp.com\/blog-alexis.monville.com\/en\/wp-content\/uploads\/sites\/2\/2012\/09\/ALE2012-1-scaled.jpg?resize=1536%2C1152&amp;ssl=1 1536w, https:\/\/i0.wp.com\/blog-alexis.monville.com\/en\/wp-content\/uploads\/sites\/2\/2012\/09\/ALE2012-1-scaled.jpg?resize=2048%2C1536&amp;ssl=1 2048w, https:\/\/i0.wp.com\/blog-alexis.monville.com\/en\/wp-content\/uploads\/sites\/2\/2012\/09\/ALE2012-1-scaled.jpg?resize=1200%2C900&amp;ssl=1 1200w, https:\/\/i0.wp.com\/blog-alexis.monville.com\/en\/wp-content\/uploads\/sites\/2\/2012\/09\/ALE2012-1-scaled.jpg?resize=1980%2C1485&amp;ssl=1 1980w\" sizes=\"auto, (max-width: 300px) 100vw, 300px\" \/><\/a>C&#8217;est lors d&#8217;une discussion autour d&#8217;un verre \u00e0 la sortie d&#8217;ALE que la question a \u00e9t\u00e9 abord\u00e9e. Nous partagions nos points de vue sur les Keynotes de l&#8217;\u00e9dition 2012 de la conf\u00e9rence annuelle du <a href=\"http:\/\/alenetwork.eu\/\" target=\"_blank\">r\u00e9seau Agile Lean Europe (ALE Network)<\/a>. &#8220;Nous&#8221; ici ce sont <a href=\"https:\/\/twitter.com\/pablopernot\" target=\"_blank\">Pablo<\/a>, <a href=\"https:\/\/twitter.com\/duarte_vasco\" target=\"_blank\">Duarte<\/a>, <a href=\"https:\/\/twitter.com\/leanvoices\" target=\"_blank\">Stephen<\/a>, <a href=\"https:\/\/twitter.com\/ojuncu\" target=\"_blank\">Oana<\/a> et quelques autres\u2026 Et c&#8217;est avec un peu de surprise que je constatais que nous ne classions pas les 3 Keynotes de la m\u00eame fa\u00e7on\u2026<\/p>\n<p>Celle que je pr\u00e9f\u00e9rais oublier, apparaissant m\u00eame en 1er, voire m\u00eame comme la seule Keynote pour certain.<\/p>\n<p>Suivant le\u00a0<a href=\"http:\/\/fr.wiktionary.org\/wiki\/keynote\" target=\"_blank\">Wiktionnaire<\/a>, une keynote est un anglicisme d\u00e9signant le discours d&#8217;ouverture d&#8217;un \u00e9v\u00e9nement. Et il est utilis\u00e9, peut-\u00eatre abusivement, pour d\u00e9signer les interventions en pl\u00e9ni\u00e8re lors des conf\u00e9rences.<\/p>\n<h3>Keynote d&#8217;ouverture<\/h3>\n<p>La Keynote d&#8217;ouverture devrait donner le ton de la conf\u00e9rence, ouvrir les esprits, favoriser les \u00e9changes et donner de l&#8217;\u00e9nergie aux participants pour la dur\u00e9e de la conf\u00e9rence.<\/p>\n<h3>Keynote de cl\u00f4ture<\/h3>\n<p>La Keynote de cl\u00f4ture devrait proposer une synth\u00e8se de la conf\u00e9rence et donner de l&#8217;\u00e9nergie aux participants pour partager, \u00e9changer et construire pour l&#8217;ann\u00e9e enti\u00e8re.<\/p>\n<p>Bien sur, les intervenants des Keynotes devraient \u00eatre disponibles et accessibles durant les journ\u00e9es de la conf\u00e9rence, participer et proposer des ateliers lors des sessions open space, participer aux d\u00e9jeuners et diners\u2026 Bref, vivre la conf\u00e9rence avec les autres participants.<\/p>\n<h3>Keynote by a Stranger<\/h3>\n<p>Et comme nous avons pour la deuxi\u00e8me ann\u00e9e de la conf\u00e9rence ALE pu profiter des soir\u00e9es &#8220;beer with a stranger&#8221; et &#8220;dinner with a stranger&#8221;, il m&#8217;est venu l&#8217;id\u00e9e de faire pour les prochaines \u00e9ditions une Keynote by a stranger\u2026 Pas n\u00e9cessairement un total inconnu, mais quelqu&#8217;un \u00e0 qui l&#8217;on confierait la mission d&#8217;ouvrir ou de cl\u00f4re la conf\u00e9rence.<\/p>\n<p>Cela n\u00e9cessiterait probablement pas mal de travail pour la personne d\u00e9sign\u00e9e, et elle aurait probablement besoin d&#8217;accompagnement et d&#8217;entrainement pour r\u00e9ussir sa mission\u2026 Mais nous aurions alors un nouveau membre du r\u00e9seaux en capacit\u00e9 d&#8217;aller porter la vision d&#8217;ALE dans d&#8217;autres conf\u00e9rences.<\/p>\n<p>Pour vous faire votre propre opinion et votre propre classement, voici les 3 keynotes de ALE2012. Ce n&#8217;est pas comme y \u00eatre bien sur&#8230;<\/p>\n<p>Jim McCarthy<\/p>\n<p><iframe loading=\"lazy\" src=\"http:\/\/player.vimeo.com\/video\/48710105\" frameborder=\"0\" width=\"400\" height=\"300\"><\/iframe><\/p>\n<p>Siraj Sirajuddin<\/p>\n<p><iframe loading=\"lazy\" src=\"http:\/\/player.vimeo.com\/video\/48740811\" frameborder=\"0\" width=\"400\" height=\"300\"><\/iframe><\/p>\n<p>Henrik Kniberg<\/p>\n<p><iframe loading=\"lazy\" src=\"http:\/\/player.vimeo.com\/video\/48722332\" frameborder=\"0\" width=\"400\" height=\"300\"><\/iframe><\/p>\n<p><object width=\"500\" height=\"375\" classid=\"clsid:d27cdb6e-ae6d-11cf-96b8-444553540000\" codebase=\"http:\/\/download.macromedia.com\/pub\/shockwave\/cabs\/flash\/swflash.cab#version=6,0,40,0\"><param name=\"flashvars\" value=\"offsite=true&amp;lang=en-us&amp;page_show_url=%2Fphotos%2Fmonville%2Fsets%2F72157631374387448%2Fshow%2F&amp;page_show_back_url=%2Fphotos%2Fmonville%2Fsets%2F72157631374387448%2F&amp;set_id=72157631374387448&amp;jump_to=\" \/><param name=\"allowFullScreen\" value=\"true\" \/><param name=\"src\" value=\"http:\/\/www.flickr.com\/apps\/slideshow\/show.swf?v=109615\" \/><param name=\"allowfullscreen\" value=\"true\" \/><\/object><\/p>\n","protected":false},"excerpt":{"rendered":"<p>C&#8217;est lors d&#8217;une discussion autour d&#8217;un verre \u00e0 la sortie d&#8217;ALE que la question a \u00e9t\u00e9 abord\u00e9e. Nous partagions nos points de vue sur les Keynotes de l&#8217;\u00e9dition 2012 de la conf\u00e9rence annuelle du r\u00e9seau Agile Lean Europe (ALE Network). &#8220;Nous&#8221; ici ce sont Pablo, Duarte, Stephen, Oana et quelques autres\u2026 Et c&#8217;est avec un [&hellip;]<\/p>\n","protected":false},"author":1,"featured_media":1464,"comment_status":"open","ping_status":"open","sticky":false,"template":"","format":"standard","meta":{"advanced_seo_description":"","jetpack_seo_html_title":"","jetpack_seo_noindex":false,"jetpack_post_was_ever_published":false,"_jetpack_newsletter_access":"","_jetpack_dont_email_post_to_subs":false,"_jetpack_newsletter_tier_id":0,"_jetpack_memberships_contains_paywalled_content":false,"_jetpack_memberships_contains_paid_content":false,"footnotes":""},"categories":[1],"tags":[],"class_list":["post-1463","post","type-post","status-publish","format-standard","has-post-thumbnail","hentry","category-all"],"jetpack_featured_media_url":"https:\/\/i0.wp.com\/blog-alexis.monville.com\/en\/wp-content\/uploads\/sites\/2\/2012\/09\/ALE2012-1-scaled.jpg?fit=2560%2C1920&ssl=1","jetpack_shortlink":"https:\/\/wp.me\/paNjQG-nB","jetpack-related-posts":[{"id":291,"url":"https:\/\/blog-alexis.monville.com\/en\/2008\/12\/17\/mantegnaun-jour-une-oeuvre-au-louvre\/","url_meta":{"origin":1463,"position":0},"title":"Un Jour Une \u0152uvre au Louvre","author":"Alexis","date":"December 17, 2008","format":false,"excerpt":"Ce mercredi 12 d\u00e9cembre, nous nous sommes retrouv\u00e9s au Louvre pour visiter l\u2019exposition consacr\u00e9e \u00e0 Mantegna. Nous\u00a0? Nous c\u2019est Ivan (qui raconte l\u2019exp\u00e9rience sur son blog), Jean-Fran\u00e7ois et moi, trois parmi ceux qui avaient envie de participer \u00e0 cette exp\u00e9rience de mutualisation des regards dans le monde r\u00e9el, exp\u00e9rience que\u2026","rel":"","context":"In &quot;General&quot;","block_context":{"text":"General","link":"https:\/\/blog-alexis.monville.com\/en\/category\/all\/"},"img":{"alt_text":"","src":"http:\/\/upload.wikimedia.org\/wikipedia\/commons\/thumb\/4\/4d\/Andrea_Mantegna_089.jpg\/257px-Andrea_Mantegna_089.jpg","width":350,"height":200},"classes":[]},{"id":1680,"url":"https:\/\/blog-alexis.monville.com\/en\/2013\/11\/11\/the-agilists-a-lagiletour-bordeaux\/","url_meta":{"origin":1463,"position":1},"title":"The Agilists \u00e0 l&#8217;AgileTour Bordeaux","author":"Alexis","date":"November 11, 2013","format":false,"excerpt":"Nous avons eu la grande joie, Bruno Sbille et moi-m\u00eame, de donner une nouvelle session de \"The Agilists\" lors de l'\u00e9dition 2013 de l'AgileTour Bordeaux qui s'est d\u00e9roul\u00e9e le 8 novembre. J'ai particuli\u00e8rement appr\u00e9ci\u00e9 l'accueil qui nous a \u00e9t\u00e9 r\u00e9serv\u00e9 dans l'amphi comble de l'Epitech ! Un grand merci pour\u2026","rel":"","context":"In &quot;General&quot;","block_context":{"text":"General","link":"https:\/\/blog-alexis.monville.com\/en\/category\/all\/"},"img":{"alt_text":"","src":"https:\/\/i0.wp.com\/blog-alexis.monville.com\/en\/wp-content\/uploads\/sites\/2\/2013\/11\/the-agilists.png?fit=1024%2C768&ssl=1&resize=350%2C200","width":350,"height":200,"srcset":"https:\/\/i0.wp.com\/blog-alexis.monville.com\/en\/wp-content\/uploads\/sites\/2\/2013\/11\/the-agilists.png?fit=1024%2C768&ssl=1&resize=350%2C200 1x, https:\/\/i0.wp.com\/blog-alexis.monville.com\/en\/wp-content\/uploads\/sites\/2\/2013\/11\/the-agilists.png?fit=1024%2C768&ssl=1&resize=525%2C300 1.5x, https:\/\/i0.wp.com\/blog-alexis.monville.com\/en\/wp-content\/uploads\/sites\/2\/2013\/11\/the-agilists.png?fit=1024%2C768&ssl=1&resize=700%2C400 2x"},"classes":[]},{"id":1227,"url":"https:\/\/blog-alexis.monville.com\/en\/2011\/10\/04\/strategie-vs-mise-en-oeuvre\/","url_meta":{"origin":1463,"position":2},"title":"Strat\u00e9gie vs Mise en oeuvre","author":"Alexis","date":"October 4, 2011","format":false,"excerpt":"Je re\u00e7ois p\u00e9riodiquement la lettre d'information de McKinsey.\u00a0Le titre de l'\u00e9dition du mois d'octobre m'a permis de comprendre l'\u00e9cart de vision qu'il pouvait exister avec ce que je propose. Cette lettre est titr\u00e9e : Strat\u00e9gie pour une \u00e9poque incertaine ou Strategy for uncertain times en version originale. Pourquoi un \u00e9cart\u2026","rel":"","context":"In &quot;ayeba&quot;","block_context":{"text":"ayeba","link":"https:\/\/blog-alexis.monville.com\/en\/category\/ayeba\/"},"img":{"alt_text":"","src":"https:\/\/i0.wp.com\/blog-alexis.monville.com\/wp-content\/uploads\/sites\/2\/2011\/10\/strategy-chess-1024x682.jpg?resize=350%2C200&ssl=1","width":350,"height":200},"classes":[]},{"id":93,"url":"https:\/\/blog-alexis.monville.com\/en\/2008\/05\/09\/ce-n%e2%80%99est-pas-eux-et-nous-c%e2%80%99est-toi-et-moi\/","url_meta":{"origin":1463,"position":3},"title":"Ce n\u2019est pas eux et nous, c\u2019est toi et moi","author":"Alexis","date":"May 9, 2008","format":false,"excerpt":"\u00abCe n\u2019est pas eux et nous, c\u2019est toi et moi\u00bb: le 9 mai, des milliers de personnes vont f\u00eater la diversit\u00e9 culturelle de l\u2019Europe Voici le th\u00e8me de la 22\u00e8me f\u00eate de l'Europe ! Bonne f\u00eate ! \u00e0 voir sur Europa.eu et sur feteleurope.fr","rel":"","context":"In &quot;General&quot;","block_context":{"text":"General","link":"https:\/\/blog-alexis.monville.com\/en\/category\/all\/"},"img":{"alt_text":"","src":"","width":0,"height":0},"classes":[]},{"id":912,"url":"https:\/\/blog-alexis.monville.com\/en\/2010\/10\/03\/turn-freedom-on\/","url_meta":{"origin":1463,"position":4},"title":"Turn freedom on","author":"Alexis","date":"October 3, 2010","format":false,"excerpt":"Eben Moglen a donn\u00e9e la keynote de cloture de la premi\u00e8re journ\u00e9e de l'OpenWorldForum le 30 septembre 2010. La libert\u00e9 \u00e9tait le th\u00e8me principal de l'adresse d'Eben Moglen. La libert\u00e9 apport\u00e9e par les travaux du mouvement pour le logiciel libre qui a r\u00e9ussi \u00e0 mettre de la libert\u00e9 dans de\u2026","rel":"","context":"In &quot;International&quot;","block_context":{"text":"International","link":"https:\/\/blog-alexis.monville.com\/en\/category\/international\/"},"img":{"alt_text":"","src":"https:\/\/i0.wp.com\/blog-alexis.monville.com\/wp-content\/uploads\/sites\/2\/2010\/10\/gnu-social-logo.png?resize=350%2C200&ssl=1","width":350,"height":200},"classes":[]},{"id":1828,"url":"https:\/\/blog-alexis.monville.com\/en\/2014\/04\/22\/developper-des-produits-avec-des-equipes-distribuees\/","url_meta":{"origin":1463,"position":5},"title":"D\u00e9velopper des produits avec des \u00e9quipes distribu\u00e9es","author":"Alexis","date":"April 22, 2014","format":false,"excerpt":"Apr\u00e8s la conf\u00e9rence que j'ai donn\u00e9 le 10 avril pour le ScrumDay, je suis en train de pr\u00e9parer celle que je donnerais lors de Mix-IT le 30 avril 2014. Le r\u00e9sum\u00e9 de la session est assez similaire entre les deux, voici celui du ScrumDay : De nos jours, presque tout\u2026","rel":"","context":"In &quot;Interventions&quot;","block_context":{"text":"Interventions","link":"https:\/\/blog-alexis.monville.com\/en\/category\/interventions\/"},"img":{"alt_text":"","src":"https:\/\/i0.wp.com\/blog-alexis.monville.com\/en\/wp-content\/uploads\/sites\/2\/2014\/04\/mixit-banner.png?fit=800%2C270&ssl=1&resize=350%2C200","width":350,"height":200,"srcset":"https:\/\/i0.wp.com\/blog-alexis.monville.com\/en\/wp-content\/uploads\/sites\/2\/2014\/04\/mixit-banner.png?fit=800%2C270&ssl=1&resize=350%2C200 1x, https:\/\/i0.wp.com\/blog-alexis.monville.com\/en\/wp-content\/uploads\/sites\/2\/2014\/04\/mixit-banner.png?fit=800%2C270&ssl=1&resize=525%2C300 1.5x, https:\/\/i0.wp.com\/blog-alexis.monville.com\/en\/wp-content\/uploads\/sites\/2\/2014\/04\/mixit-banner.png?fit=800%2C270&ssl=1&resize=700%2C400 2x"},"classes":[]}],"jetpack_sharing_enabled":true,"_links":{"self":[{"href":"https:\/\/blog-alexis.monville.com\/en\/wp-json\/wp\/v2\/posts\/1463","targetHints":{"allow":["GET"]}}],"collection":[{"href":"https:\/\/blog-alexis.monville.com\/en\/wp-json\/wp\/v2\/posts"}],"about":[{"href":"https:\/\/blog-alexis.monville.com\/en\/wp-json\/wp\/v2\/types\/post"}],"author":[{"embeddable":true,"href":"https:\/\/blog-alexis.monville.com\/en\/wp-json\/wp\/v2\/users\/1"}],"replies":[{"embeddable":true,"href":"https:\/\/blog-alexis.monville.com\/en\/wp-json\/wp\/v2\/comments?post=1463"}],"version-history":[{"count":8,"href":"https:\/\/blog-alexis.monville.com\/en\/wp-json\/wp\/v2\/posts\/1463\/revisions"}],"predecessor-version":[{"id":1701,"href":"https:\/\/blog-alexis.monville.com\/en\/wp-json\/wp\/v2\/posts\/1463\/revisions\/1701"}],"wp:featuredmedia":[{"embeddable":true,"href":"https:\/\/blog-alexis.monville.com\/en\/wp-json\/wp\/v2\/media\/1464"}],"wp:attachment":[{"href":"https:\/\/blog-alexis.monville.com\/en\/wp-json\/wp\/v2\/media?parent=1463"}],"wp:term":[{"taxonomy":"category","embeddable":true,"href":"https:\/\/blog-alexis.monville.com\/en\/wp-json\/wp\/v2\/categories?post=1463"},{"taxonomy":"post_tag","embeddable":true,"href":"https:\/\/blog-alexis.monville.com\/en\/wp-json\/wp\/v2\/tags?post=1463"}],"curies":[{"name":"wp","href":"https:\/\/api.w.org\/{rel}","templated":true}]}}