{"id":142,"date":"2008-09-08T21:57:03","date_gmt":"2008-09-08T20:57:03","guid":{"rendered":"http:\/\/alexismonville.wordpress.com\/?p=142"},"modified":"2008-09-08T21:57:03","modified_gmt":"2008-09-08T20:57:03","slug":"osor","status":"publish","type":"post","link":"https:\/\/blog-alexis.monville.com\/en\/2008\/09\/08\/osor\/","title":{"rendered":"OSOR"},"content":{"rendered":"<p>L&#8217;acronyme OSOR signifie Open Source Observatory and Repository. Il s&#8217;agit d&#8217;un site d&#8217;information et de partage de logiciel sous licence libre promu par la Commission Europ\u00e9enne.<\/p>\n<p>Il est accessible \u00e0 l&#8217;adresse : <a href=\"http:\/\/osor.eu\/\" target=\"_blank\">osor.eu<\/a><\/p>\n<p>Il reste quelques jours pour s&#8217;inscrire au <a href=\"http:\/\/osor.eu\/events\/world-opensource-conferece-malaga-spain\" target=\"_blank\">lancement du site<\/a> qui aura lieu \u00e0 Malaga lors de <a title=\"du 21 au 23 octobre 2008\" href=\"http:\/\/www.opensourceworldconference.com\/\" target=\"_blank\">la conf\u00e9rence internationale du logiciel libre<\/a>.<\/p>\n<p>31 projets sont d\u00e9j\u00e0 accessibles sur la forge, et plus de 900 sur les forges associ\u00e9es !<\/p>\n","protected":false},"excerpt":{"rendered":"<p>L&#8217;acronyme OSOR signifie Open Source Observatory and Repository. Il s&#8217;agit d&#8217;un site d&#8217;information et de partage de logiciel sous licence libre promu par la Commission Europ\u00e9enne. Il est accessible \u00e0 l&#8217;adresse : osor.eu Il reste quelques jours pour s&#8217;inscrire au lancement du site qui aura lieu \u00e0 Malaga lors de la conf\u00e9rence internationale du logiciel [&hellip;]<\/p>\n","protected":false},"author":1,"featured_media":0,"comment_status":"open","ping_status":"open","sticky":false,"template":"","format":"standard","meta":{"advanced_seo_description":"","jetpack_seo_html_title":"","jetpack_seo_noindex":false,"jetpack_post_was_ever_published":false,"_jetpack_newsletter_access":"","_jetpack_dont_email_post_to_subs":false,"_jetpack_newsletter_tier_id":0,"_jetpack_memberships_contains_paywalled_content":false,"_jetpack_memberships_contains_paid_content":false,"footnotes":""},"categories":[12,7],"tags":[276],"class_list":["post-142","post","type-post","status-publish","format-standard","hentry","category-europe","category-international","tag-logiciel-libre"],"jetpack_featured_media_url":"","jetpack_shortlink":"https:\/\/wp.me\/saNjQG-osor","jetpack-related-posts":[{"id":50,"url":"https:\/\/blog-alexis.monville.com\/en\/2007\/02\/08\/idabc-oss-event-2007\/","url_meta":{"origin":142,"position":0},"title":"IDABC OSS Event 2007","author":"Alexis","date":"February 8, 2007","format":false,"excerpt":"J'ai particip\u00e9 \u00e0 la r\u00e9union du groupe d\u2019experts europ\u00e9ens IDABC sur les logiciels libres qui \u00e9tait consacr\u00e9e \u00e0 OSOR. La r\u00e9union \u00e9tait pr\u00e9sid\u00e9e par le Directeur G\u00e9n\u00e9ral de la DIGIT, Francisco Garcia Moran, auquel le programme IDABC est nouvellement attach\u00e9. L\u2019occasion de faire le point sur l\u2019avancement de l\u2019\u00e9tude de\u2026","rel":"","context":"In &quot;Europe&quot;","block_context":{"text":"Europe","link":"https:\/\/blog-alexis.monville.com\/en\/category\/international\/europe\/"},"img":{"alt_text":"","src":"","width":0,"height":0},"classes":[]},{"id":371,"url":"https:\/\/blog-alexis.monville.com\/en\/2009\/01\/31\/francois-elie-economie-du-logiciel-libre\/","url_meta":{"origin":142,"position":1},"title":"Economie du logiciel libre","author":"Alexis","date":"January 31, 2009","format":false,"excerpt":"Fran\u00e7ois Elie publie ses r\u00e9flexions sur l'\u00e9conomie du logiciel libre dans cet ouvrage qui est arriv\u00e9 en format livre \u00e9lectronique en novembre 2008 et qui devrait \u00eatre publi\u00e9 en papier d\u00e9s le mois de f\u00e9vrier. Un blog a \u00e9t\u00e9 mis en place afin de poursuivre la discution autour des sujets\u2026","rel":"","context":"In &quot;General&quot;","block_context":{"text":"General","link":"https:\/\/blog-alexis.monville.com\/en\/category\/all\/"},"img":{"alt_text":"","src":"https:\/\/i0.wp.com\/izibook.eyrolles.com\/images\/thumbnails\/0000\/0837\/12463_Elie_medium.jpg?resize=350%2C200","width":350,"height":200},"classes":[]},{"id":71,"url":"https:\/\/blog-alexis.monville.com\/en\/2007\/07\/05\/idabc-oss-expert-group-meeting-2\/","url_meta":{"origin":142,"position":2},"title":"IDABC &#8211; OSS Expert Group meeting","author":"Alexis","date":"July 5, 2007","format":false,"excerpt":"R\u00e9union du groupe experts de la commission europ\u00e9enne IDABC logiciels libres \u00e0 Bruxelles le 27 juin 2007. Cette r\u00e9union avait pour th\u00e8me principal, la pr\u00e9sentation de l'\u00e9tude de faisabilit\u00e9 du projet OSOR (Open Source Observatory and Repository). L'\u00e9tude de faisabilit\u00e9 montre les enjeux, les besoins des diff\u00e9rents \u00e9tats membres, pour\u2026","rel":"","context":"In &quot;Europe&quot;","block_context":{"text":"Europe","link":"https:\/\/blog-alexis.monville.com\/en\/category\/international\/europe\/"},"img":{"alt_text":"","src":"","width":0,"height":0},"classes":[]},{"id":1491,"url":"https:\/\/blog-alexis.monville.com\/en\/2012\/12\/07\/libre-vs-privateur\/","url_meta":{"origin":142,"position":3},"title":"Libre vs Privateur","author":"Alexis","date":"December 7, 2012","format":false,"excerpt":"Un titre en guise de clin d'oeil \u00e0 mes amis les Gnus (http:\/\/www.gnu.org)\u00a0! Beaucoup auraient dit \"Libre VS Propri\u00e9taire\", mais cette formulation impropre n'aurait probablement pas \u00e9t\u00e9 plus explicite. De quoi parlons-nous dans cette conversation avec Nick Barcet\u00a0? Nous parlons de la comparaison entre logiciel libre et logiciel privateur en\u2026","rel":"","context":"In &quot;General&quot;","block_context":{"text":"General","link":"https:\/\/blog-alexis.monville.com\/en\/category\/all\/"},"img":{"alt_text":"","src":"https:\/\/i0.wp.com\/blog-alexis.monville.com\/en\/wp-content\/uploads\/sites\/2\/2012\/12\/bulle-dialogue.png?fit=400%2C400&ssl=1&resize=350%2C200","width":350,"height":200},"classes":[]},{"id":60,"url":"https:\/\/blog-alexis.monville.com\/en\/2007\/04\/26\/idabc-oss-expert-group-meeting\/","url_meta":{"origin":142,"position":4},"title":"IDABC &#8211; OSS Expert Group meeting","author":"Alexis","date":"April 26, 2007","format":false,"excerpt":"R\u00e9union du groupe experts logiciels libres - Commission europ\u00e9enne -IDABC 26 avril 2007 - Bruxelles J'ai repr\u00e9sent\u00e9 la France lors de cette r\u00e9union organis\u00e9e par la commission europ\u00e9enne. Deux points essentiels : les travaux sur la mise en place de l'Open Source Observatory and Repository (OSOR) et les traductions de\u2026","rel":"","context":"In &quot;Europe&quot;","block_context":{"text":"Europe","link":"https:\/\/blog-alexis.monville.com\/en\/category\/international\/europe\/"},"img":{"alt_text":"","src":"","width":0,"height":0},"classes":[]},{"id":807,"url":"https:\/\/blog-alexis.monville.com\/en\/2010\/05\/02\/logiciel-libre-et-amelioration-des-methodes-de-travail\/","url_meta":{"origin":142,"position":5},"title":"Logiciel libre et am\u00e9lioration des m\u00e9thodes de travail","author":"Alexis","date":"May 2, 2010","format":false,"excerpt":"Qu'apporte le logiciel libre ou l'open source au sein de l'entreprise ?\u00a0Quelles influences ces technologies ont-elles sur l'efficacit\u00e9 du syst\u00e8me d'information ? Peut-on parler dans le logiciel libre uniquement de l'aspect fonctionnel et des co\u00fbts ? Existe-t-il une diff\u00e9rence entre le mod\u00e8le de d\u00e9veloppement et le mod\u00e8le de diffusion ?\u2026","rel":"","context":"In &quot;General&quot;","block_context":{"text":"General","link":"https:\/\/blog-alexis.monville.com\/en\/category\/all\/"},"img":{"alt_text":"","src":"https:\/\/i0.wp.com\/blog-alexis.monville.com\/files\/2010\/05\/solutions-linux-2-300x188.png?resize=350%2C200&ssl=1","width":350,"height":200},"classes":[]}],"jetpack_sharing_enabled":true,"_links":{"self":[{"href":"https:\/\/blog-alexis.monville.com\/en\/wp-json\/wp\/v2\/posts\/142","targetHints":{"allow":["GET"]}}],"collection":[{"href":"https:\/\/blog-alexis.monville.com\/en\/wp-json\/wp\/v2\/posts"}],"about":[{"href":"https:\/\/blog-alexis.monville.com\/en\/wp-json\/wp\/v2\/types\/post"}],"author":[{"embeddable":true,"href":"https:\/\/blog-alexis.monville.com\/en\/wp-json\/wp\/v2\/users\/1"}],"replies":[{"embeddable":true,"href":"https:\/\/blog-alexis.monville.com\/en\/wp-json\/wp\/v2\/comments?post=142"}],"version-history":[{"count":0,"href":"https:\/\/blog-alexis.monville.com\/en\/wp-json\/wp\/v2\/posts\/142\/revisions"}],"wp:attachment":[{"href":"https:\/\/blog-alexis.monville.com\/en\/wp-json\/wp\/v2\/media?parent=142"}],"wp:term":[{"taxonomy":"category","embeddable":true,"href":"https:\/\/blog-alexis.monville.com\/en\/wp-json\/wp\/v2\/categories?post=142"},{"taxonomy":"post_tag","embeddable":true,"href":"https:\/\/blog-alexis.monville.com\/en\/wp-json\/wp\/v2\/tags?post=142"}],"curies":[{"name":"wp","href":"https:\/\/api.w.org\/{rel}","templated":true}]}}