{"id":1410,"date":"2012-04-18T12:28:57","date_gmt":"2012-04-18T12:28:57","guid":{"rendered":"https:\/\/blog-alexis.monville.com\/?p=1410"},"modified":"2012-04-18T12:30:00","modified_gmt":"2012-04-18T12:30:00","slug":"on-ma-prete-un-appareil-photo","status":"publish","type":"post","link":"https:\/\/blog-alexis.monville.com\/en\/2012\/04\/18\/on-ma-prete-un-appareil-photo\/","title":{"rendered":"On m\u2019a pr\u00eat\u00e9 un appareil photo"},"content":{"rendered":"<p><a href=\"https:\/\/i0.wp.com\/blog-alexis.monville.com\/wp-content\/uploads\/sites\/2\/2012\/04\/agfa-jean-francois-vallet.jpg?ssl=1\"><img data-recalc-dims=\"1\" loading=\"lazy\" decoding=\"async\" data-attachment-id=\"1411\" data-permalink=\"https:\/\/blog-alexis.monville.com\/en\/2012\/04\/18\/on-ma-prete-un-appareil-photo\/agfa-jean-francois-vallet\/\" data-orig-file=\"https:\/\/i0.wp.com\/blog-alexis.monville.com\/en\/wp-content\/uploads\/sites\/2\/2012\/04\/agfa-jean-francois-vallet.jpg?fit=500%2C333&amp;ssl=1\" data-orig-size=\"500,333\" data-comments-opened=\"1\" data-image-meta=\"{&quot;aperture&quot;:&quot;0&quot;,&quot;credit&quot;:&quot;&quot;,&quot;camera&quot;:&quot;&quot;,&quot;caption&quot;:&quot;&quot;,&quot;created_timestamp&quot;:&quot;0&quot;,&quot;copyright&quot;:&quot;&quot;,&quot;focal_length&quot;:&quot;0&quot;,&quot;iso&quot;:&quot;0&quot;,&quot;shutter_speed&quot;:&quot;0&quot;,&quot;title&quot;:&quot;&quot;,&quot;orientation&quot;:&quot;0&quot;}\" data-image-title=\"agfa-jean-francois-vallet\" data-image-description=\"\" data-image-caption=\"\" data-large-file=\"https:\/\/i0.wp.com\/blog-alexis.monville.com\/en\/wp-content\/uploads\/sites\/2\/2012\/04\/agfa-jean-francois-vallet.jpg?fit=500%2C333&amp;ssl=1\" class=\"alignleft size-medium wp-image-1411\" title=\"agfa-jean-francois-vallet\" src=\"https:\/\/i0.wp.com\/blog-alexis.monville.com\/wp-content\/uploads\/sites\/2\/2012\/04\/agfa-jean-francois-vallet-300x199.jpg?resize=300%2C199&#038;ssl=1\" alt=\"\" width=\"300\" height=\"199\" srcset=\"https:\/\/i0.wp.com\/blog-alexis.monville.com\/en\/wp-content\/uploads\/sites\/2\/2012\/04\/agfa-jean-francois-vallet.jpg?resize=300%2C199&amp;ssl=1 300w, https:\/\/i0.wp.com\/blog-alexis.monville.com\/en\/wp-content\/uploads\/sites\/2\/2012\/04\/agfa-jean-francois-vallet.jpg?w=500&amp;ssl=1 500w\" sizes=\"auto, (max-width: 300px) 100vw, 300px\" \/><\/a> Sur le web, ce genre de titre appelle a une description du dernier gadget haut de gamme&#8230; Dans mon cas c\u2019est un peu diff\u00e9rent, c\u2019est un boitier venant du pass\u00e9 que <a href=\"http:\/\/www.speigallery.com\/post\/2012\/01\/23\/Silver-series\" target=\"_blank\">Jean-Fran\u00e7ois<\/a> m\u2019a pr\u00eat\u00e9.<\/p>\n<p>L\u2019objectif \u00e9tait de r\u00e9aliser 4 clich\u00e9s le week-end pass\u00e9.<\/p>\n<p>J\u2019en ai fait 2.<br \/>\nEt je me pose encore des questions&#8230;<\/p>\n<p>Lorsque, j\u2019ai rendu l\u2019appareil, cela se bousculait un peu dans ma bouche pour expliquer les difficult\u00e9s de ne pouvoir voir ce que l\u2019on prends, essayer, effacer&#8230; et de savoir que&#8230; voil\u00e0 au d\u00e9clenchement, c\u2019est fini&#8230;<\/p>\n<p>Pour savoir quel est ce projet, et attendre avec moi le r\u00e9sultat de ce partage de pellicule, je vous recommande la lecture de l\u2019article de Jean-Fran\u00e7ois : <a href=\"http:\/\/www.speigallery.com\/post\/2012\/01\/23\/Silver-series\" target=\"_blank\">Silver Series<\/a>.<\/p>\n<p><em>La photo de l&#8217;appareil Agfa Optima 1a est de Jean-Fran\u00e7ois Vallet bien sur&#8230;<\/em><\/p>\n","protected":false},"excerpt":{"rendered":"<p>Sur le web, ce genre de titre appelle a une description du dernier gadget haut de gamme&#8230; Dans mon cas c\u2019est un peu diff\u00e9rent, c\u2019est un boitier venant du pass\u00e9 que Jean-Fran\u00e7ois m\u2019a pr\u00eat\u00e9. L\u2019objectif \u00e9tait de r\u00e9aliser 4 clich\u00e9s le week-end pass\u00e9. J\u2019en ai fait 2. Et je me pose encore des questions&#8230; Lorsque, [&hellip;]<\/p>\n","protected":false},"author":1,"featured_media":1411,"comment_status":"open","ping_status":"open","sticky":false,"template":"","format":"standard","meta":{"advanced_seo_description":"","jetpack_seo_html_title":"","jetpack_seo_noindex":false,"jetpack_post_was_ever_published":false,"_jetpack_newsletter_access":"","_jetpack_dont_email_post_to_subs":false,"_jetpack_newsletter_tier_id":0,"_jetpack_memberships_contains_paywalled_content":false,"_jetpack_memberships_contains_paid_content":false,"footnotes":""},"categories":[1],"tags":[],"class_list":["post-1410","post","type-post","status-publish","format-standard","has-post-thumbnail","hentry","category-all"],"jetpack_featured_media_url":"https:\/\/i0.wp.com\/blog-alexis.monville.com\/en\/wp-content\/uploads\/sites\/2\/2012\/04\/agfa-jean-francois-vallet.jpg?fit=500%2C333&ssl=1","jetpack_shortlink":"https:\/\/wp.me\/paNjQG-mK","jetpack-related-posts":[{"id":1227,"url":"https:\/\/blog-alexis.monville.com\/en\/2011\/10\/04\/strategie-vs-mise-en-oeuvre\/","url_meta":{"origin":1410,"position":0},"title":"Strat\u00e9gie vs Mise en oeuvre","author":"Alexis","date":"October 4, 2011","format":false,"excerpt":"Je re\u00e7ois p\u00e9riodiquement la lettre d'information de McKinsey.\u00a0Le titre de l'\u00e9dition du mois d'octobre m'a permis de comprendre l'\u00e9cart de vision qu'il pouvait exister avec ce que je propose. Cette lettre est titr\u00e9e : Strat\u00e9gie pour une \u00e9poque incertaine ou Strategy for uncertain times en version originale. Pourquoi un \u00e9cart\u2026","rel":"","context":"In &quot;ayeba&quot;","block_context":{"text":"ayeba","link":"https:\/\/blog-alexis.monville.com\/en\/category\/ayeba\/"},"img":{"alt_text":"","src":"https:\/\/i0.wp.com\/blog-alexis.monville.com\/wp-content\/uploads\/sites\/2\/2011\/10\/strategy-chess-1024x682.jpg?resize=350%2C200&ssl=1","width":350,"height":200},"classes":[]},{"id":1835,"url":"https:\/\/blog-alexis.monville.com\/en\/2014\/04\/23\/vends-moi-ce-stylo\/","url_meta":{"origin":1410,"position":1},"title":"Vends moi ce stylo","author":"Alexis","date":"April 23, 2014","format":false,"excerpt":"L'image d'illustration de cet article est tir\u00e9e du Loup de Wall Street. Je ne suis pas un grand fan de ce film. J'imagine que le message du film pouvait passer sans n\u00e9cessiter de recourir \u00e0 des sc\u00e8nes d'orgies, mais je me trompe peut-\u00eatre. L'objet de l'article n'est pas de faire\u2026","rel":"","context":"In &quot;General&quot;","block_context":{"text":"General","link":"https:\/\/blog-alexis.monville.com\/en\/category\/all\/"},"img":{"alt_text":"","src":"https:\/\/i0.wp.com\/blog-alexis.monville.com\/en\/wp-content\/uploads\/sites\/2\/2014\/04\/le-loup-de-wall-street-the-wolf-of-wall-street-25-12-2013-6-g.jpg?fit=1200%2C498&ssl=1&resize=350%2C200","width":350,"height":200,"srcset":"https:\/\/i0.wp.com\/blog-alexis.monville.com\/en\/wp-content\/uploads\/sites\/2\/2014\/04\/le-loup-de-wall-street-the-wolf-of-wall-street-25-12-2013-6-g.jpg?fit=1200%2C498&ssl=1&resize=350%2C200 1x, https:\/\/i0.wp.com\/blog-alexis.monville.com\/en\/wp-content\/uploads\/sites\/2\/2014\/04\/le-loup-de-wall-street-the-wolf-of-wall-street-25-12-2013-6-g.jpg?fit=1200%2C498&ssl=1&resize=525%2C300 1.5x, https:\/\/i0.wp.com\/blog-alexis.monville.com\/en\/wp-content\/uploads\/sites\/2\/2014\/04\/le-loup-de-wall-street-the-wolf-of-wall-street-25-12-2013-6-g.jpg?fit=1200%2C498&ssl=1&resize=700%2C400 2x, https:\/\/i0.wp.com\/blog-alexis.monville.com\/en\/wp-content\/uploads\/sites\/2\/2014\/04\/le-loup-de-wall-street-the-wolf-of-wall-street-25-12-2013-6-g.jpg?fit=1200%2C498&ssl=1&resize=1050%2C600 3x"},"classes":[]},{"id":640,"url":"https:\/\/blog-alexis.monville.com\/en\/2009\/08\/17\/quelles-histoires\/","url_meta":{"origin":1410,"position":2},"title":"Quelles histoires !","author":"Alexis","date":"August 17, 2009","format":false,"excerpt":"Ce ne sont que des histoires ! De toutes petites histoires, qui pourtant vont permettre de faire de grandes choses ! Je parle de \u00ab User Stories \u00bb, et je ne suis pas le seul \u00e0 m'interroger (depuis un certain temps d\u00e9j\u00e0) sur la traduction ad\u00e9quate de ces histoires d'utilisateurs\u2026","rel":"","context":"In &quot;ayeba&quot;","block_context":{"text":"ayeba","link":"https:\/\/blog-alexis.monville.com\/en\/category\/ayeba\/"},"img":{"alt_text":"user-story","src":"https:\/\/i0.wp.com\/ayeba.fr\/files\/2009\/08\/user-story.gif?resize=350%2C200","width":350,"height":200},"classes":[]},{"id":1323,"url":"https:\/\/blog-alexis.monville.com\/en\/2012\/01\/02\/great-by-choice\/","url_meta":{"origin":1410,"position":3},"title":"Great by Choice","author":"Alexis","date":"January 2, 2012","format":false,"excerpt":"Lire est une bonne fa\u00e7on de d\u00e9couvrir de nouvelles approches, de comprendre les cl\u00e9s qui font les organisations qui fonctionnent mieux et qui durent. C'est en lisant le dernier ouvrage de Jim Collins, Great by Choice que je me suis dit qu'il serait utile de partager ces lectures et d'encourager\u2026","rel":"","context":"In &quot;livre&quot;","block_context":{"text":"livre","link":"https:\/\/blog-alexis.monville.com\/en\/category\/livre\/"},"img":{"alt_text":"","src":"https:\/\/i0.wp.com\/blog-alexis.monville.com\/wp-content\/uploads\/sites\/2\/2012\/01\/great-by-choice.jpg?resize=350%2C200&ssl=1","width":350,"height":200},"classes":[]},{"id":721,"url":"https:\/\/blog-alexis.monville.com\/en\/2010\/01\/12\/astuces-de-vie\/","url_meta":{"origin":1410,"position":4},"title":"Astuces de vie","author":"Alexis","date":"January 12, 2010","format":false,"excerpt":"Ce 11 janvier, j'\u00e9tais invit\u00e9 par Fred \u00e0 une r\u00e9union sur le LifeHacking... Qu'est-ce que c'est ?\u00a0Wikipedia nous dit (en anglais bien sur) : The term\u00a0life hack refers to productivity tricks that\u00a0programmers devise and employ to cut through\u00a0information overload and organize their data. Des astuces, des bidouilles pour am\u00e9liorer sa\u2026","rel":"","context":"In &quot;General&quot;","block_context":{"text":"General","link":"https:\/\/blog-alexis.monville.com\/en\/category\/all\/"},"img":{"alt_text":"","src":"","width":0,"height":0},"classes":[]},{"id":1651,"url":"https:\/\/blog-alexis.monville.com\/en\/2013\/09\/28\/quand-la-liberte-des-salaries-fait-le-succes-des-entreprises\/","url_meta":{"origin":1410,"position":5},"title":"Quand la libert\u00e9 des salari\u00e9s fait le succ\u00e8s des entreprises","author":"Alexis","date":"September 28, 2013","format":false,"excerpt":"Le titre de cet article reprend le sous-titre du livre d'Isaac Getz et de Brian M. Carney, Libert\u00e9 & Cie. Ce livre explore les modes de fonctionnement d'une quinzaine d'entreprises \"lib\u00e9r\u00e9es\" (comme Harley-Davidson, WL Gore ou FAVI). Qu'est-ce qu'une entreprise lib\u00e9r\u00e9e ? Une entreprise ou on ne dit pas aux\u2026","rel":"","context":"In &quot;livre&quot;","block_context":{"text":"livre","link":"https:\/\/blog-alexis.monville.com\/en\/category\/livre\/"},"img":{"alt_text":"LiberteCie","src":"https:\/\/i0.wp.com\/blog-alexis.monville.com\/wp-content\/uploads\/sites\/2\/2013\/09\/LiberteCie.jpg?resize=350%2C200&ssl=1","width":350,"height":200},"classes":[]}],"jetpack_sharing_enabled":true,"_links":{"self":[{"href":"https:\/\/blog-alexis.monville.com\/en\/wp-json\/wp\/v2\/posts\/1410","targetHints":{"allow":["GET"]}}],"collection":[{"href":"https:\/\/blog-alexis.monville.com\/en\/wp-json\/wp\/v2\/posts"}],"about":[{"href":"https:\/\/blog-alexis.monville.com\/en\/wp-json\/wp\/v2\/types\/post"}],"author":[{"embeddable":true,"href":"https:\/\/blog-alexis.monville.com\/en\/wp-json\/wp\/v2\/users\/1"}],"replies":[{"embeddable":true,"href":"https:\/\/blog-alexis.monville.com\/en\/wp-json\/wp\/v2\/comments?post=1410"}],"version-history":[{"count":2,"href":"https:\/\/blog-alexis.monville.com\/en\/wp-json\/wp\/v2\/posts\/1410\/revisions"}],"predecessor-version":[{"id":1413,"href":"https:\/\/blog-alexis.monville.com\/en\/wp-json\/wp\/v2\/posts\/1410\/revisions\/1413"}],"wp:featuredmedia":[{"embeddable":true,"href":"https:\/\/blog-alexis.monville.com\/en\/wp-json\/wp\/v2\/media\/1411"}],"wp:attachment":[{"href":"https:\/\/blog-alexis.monville.com\/en\/wp-json\/wp\/v2\/media?parent=1410"}],"wp:term":[{"taxonomy":"category","embeddable":true,"href":"https:\/\/blog-alexis.monville.com\/en\/wp-json\/wp\/v2\/categories?post=1410"},{"taxonomy":"post_tag","embeddable":true,"href":"https:\/\/blog-alexis.monville.com\/en\/wp-json\/wp\/v2\/tags?post=1410"}],"curies":[{"name":"wp","href":"https:\/\/api.w.org\/{rel}","templated":true}]}}