{"id":1399,"date":"2012-03-27T17:53:06","date_gmt":"2012-03-27T17:53:06","guid":{"rendered":"https:\/\/blog-alexis.monville.com\/?p=1399"},"modified":"2012-03-27T17:54:08","modified_gmt":"2012-03-27T17:54:08","slug":"document-freedom-day","status":"publish","type":"post","link":"https:\/\/blog-alexis.monville.com\/en\/2012\/03\/27\/document-freedom-day\/","title":{"rendered":"Document Freedom Day"},"content":{"rendered":"<p><img data-recalc-dims=\"1\" loading=\"lazy\" decoding=\"async\" data-attachment-id=\"1400\" data-permalink=\"https:\/\/blog-alexis.monville.com\/en\/2012\/03\/27\/document-freedom-day\/document-freedom-day\/\" data-orig-file=\"https:\/\/i0.wp.com\/blog-alexis.monville.com\/en\/wp-content\/uploads\/sites\/2\/2012\/03\/document-freedom-day.png?fit=112%2C130&amp;ssl=1\" data-orig-size=\"112,130\" data-comments-opened=\"1\" data-image-meta=\"{&quot;aperture&quot;:&quot;0&quot;,&quot;credit&quot;:&quot;&quot;,&quot;camera&quot;:&quot;&quot;,&quot;caption&quot;:&quot;&quot;,&quot;created_timestamp&quot;:&quot;0&quot;,&quot;copyright&quot;:&quot;&quot;,&quot;focal_length&quot;:&quot;0&quot;,&quot;iso&quot;:&quot;0&quot;,&quot;shutter_speed&quot;:&quot;0&quot;,&quot;title&quot;:&quot;&quot;,&quot;orientation&quot;:&quot;0&quot;}\" data-image-title=\"document-freedom-day\" data-image-description=\"\" data-image-caption=\"\" data-large-file=\"https:\/\/i0.wp.com\/blog-alexis.monville.com\/en\/wp-content\/uploads\/sites\/2\/2012\/03\/document-freedom-day.png?fit=112%2C130&amp;ssl=1\" class=\"alignleft size-full wp-image-1400\" title=\"document-freedom-day\" src=\"https:\/\/i0.wp.com\/blog-alexis.monville.com\/wp-content\/uploads\/sites\/2\/2012\/03\/document-freedom-day.png?resize=112%2C130&#038;ssl=1\" alt=\"\" width=\"112\" height=\"130\" \/> Le 28 mars 2012 est consacr\u00e9 \u00e0 la journ\u00e9e internationale de lib\u00e9ration des documents, le <a href=\"http:\/\/documentfreedom.org\/\" target=\"_blank\">Document Freedom Day<\/a>. Une journ\u00e9e pour en finir avec l&#8217;impossibilit\u00e9 de lire un document cr\u00e9\u00e9 sur une plate-forme sur une autre plate-forme, avec une version de traitement de texte sur un autre traitement de texte.<\/p>\n<p>Une journ\u00e9e pour se poser \u00e9galement la question : &#8220;comment vais-je relire mes documents&#8230; plus tard ?&#8221;&#8230;<\/p>\n<p>Pour en savoir plus :\u00a0<a href=\"http:\/\/documentfreedom.org\/\" target=\"_blank\">Document Freedom Day<\/a><\/p>\n","protected":false},"excerpt":{"rendered":"<p>Le 28 mars 2012 est consacr\u00e9 \u00e0 la journ\u00e9e internationale de lib\u00e9ration des documents, le Document Freedom Day. Une journ\u00e9e pour en finir avec l&#8217;impossibilit\u00e9 de lire un document cr\u00e9\u00e9 sur une plate-forme sur une autre plate-forme, avec une version de traitement de texte sur un autre traitement de texte. Une journ\u00e9e pour se poser [&hellip;]<\/p>\n","protected":false},"author":1,"featured_media":1400,"comment_status":"open","ping_status":"open","sticky":false,"template":"","format":"standard","meta":{"advanced_seo_description":"","jetpack_seo_html_title":"","jetpack_seo_noindex":false,"jetpack_post_was_ever_published":false,"_jetpack_newsletter_access":"","_jetpack_dont_email_post_to_subs":false,"_jetpack_newsletter_tier_id":0,"_jetpack_memberships_contains_paywalled_content":false,"_jetpack_memberships_contains_paid_content":false,"footnotes":""},"categories":[1],"tags":[],"class_list":["post-1399","post","type-post","status-publish","format-standard","has-post-thumbnail","hentry","category-all"],"jetpack_featured_media_url":"https:\/\/i0.wp.com\/blog-alexis.monville.com\/en\/wp-content\/uploads\/sites\/2\/2012\/03\/document-freedom-day.png?fit=112%2C130&ssl=1","jetpack_shortlink":"https:\/\/wp.me\/paNjQG-mz","jetpack-related-posts":[{"id":27,"url":"https:\/\/blog-alexis.monville.com\/en\/2006\/09\/27\/orange-%e2%80%93-journee-sur-les-applications-dorigine-locale\/","url_meta":{"origin":1399,"position":0},"title":"Orange \u2013 Journ\u00e9e sur les Applications d\u2019origine locale","author":"Alexis","date":"September 27, 2006","format":false,"excerpt":"Invit\u00e9 \u00e0 pr\u00e9senter l'action de la Direction G\u00e9n\u00e9rale de la Modernisation de l'Etat en terme d'Administration Electronique. En m'appuyant sur les principes ADELE : simplifier la vie de l'usager dans sa relation \u00e0 l'administration ; am\u00e9liorer l'efficience du service public ; valoriser l'agent dans sa mission. J'ai pr\u00e9sent\u00e9 le sch\u00e9ma\u2026","rel":"","context":"In &quot;Interventions&quot;","block_context":{"text":"Interventions","link":"https:\/\/blog-alexis.monville.com\/en\/category\/interventions\/"},"img":{"alt_text":"","src":"","width":0,"height":0},"classes":[]},{"id":912,"url":"https:\/\/blog-alexis.monville.com\/en\/2010\/10\/03\/turn-freedom-on\/","url_meta":{"origin":1399,"position":1},"title":"Turn freedom on","author":"Alexis","date":"October 3, 2010","format":false,"excerpt":"Eben Moglen a donn\u00e9e la keynote de cloture de la premi\u00e8re journ\u00e9e de l'OpenWorldForum le 30 septembre 2010. La libert\u00e9 \u00e9tait le th\u00e8me principal de l'adresse d'Eben Moglen. La libert\u00e9 apport\u00e9e par les travaux du mouvement pour le logiciel libre qui a r\u00e9ussi \u00e0 mettre de la libert\u00e9 dans de\u2026","rel":"","context":"In &quot;International&quot;","block_context":{"text":"International","link":"https:\/\/blog-alexis.monville.com\/en\/category\/international\/"},"img":{"alt_text":"","src":"https:\/\/i0.wp.com\/blog-alexis.monville.com\/wp-content\/uploads\/sites\/2\/2010\/10\/gnu-social-logo.png?resize=350%2C200&ssl=1","width":350,"height":200},"classes":[]},{"id":1298,"url":"https:\/\/blog-alexis.monville.com\/en\/2011\/12\/03\/global-day-of-coderetreat-2011\/","url_meta":{"origin":1399,"position":2},"title":"Global Day of Coderetreat 2011","author":"Alexis","date":"December 3, 2011","format":false,"excerpt":"J'ai particip\u00e9 aujourd'hui au Global Day of Coderetreat ! Il \u00e9tait organis\u00e9 \u00e0 Bordeaux par Okiwi et Arpinum. Les r\u00e8gles de cette \u00ab retraite \u00bb sont simples : coder en bin\u00f4me sessions de 45 minutes sur un seul et unique probl\u00e8me pour la journ\u00e9e, apr\u00e8s chaque session, l\u2019ensemble du code\u2026","rel":"","context":"In &quot;ayeba&quot;","block_context":{"text":"ayeba","link":"https:\/\/blog-alexis.monville.com\/en\/category\/ayeba\/"},"img":{"alt_text":"","src":"https:\/\/i0.wp.com\/blog-alexis.monville.com\/wp-content\/uploads\/sites\/2\/2011\/12\/Global-Day-of-Coderetreat-2011.png?resize=350%2C200&ssl=1","width":350,"height":200},"classes":[]},{"id":181,"url":"https:\/\/blog-alexis.monville.com\/en\/2008\/10\/01\/explorschool\/","url_meta":{"origin":1399,"position":3},"title":"ExplorSchool","author":"Alexis","date":"October 1, 2008","format":false,"excerpt":"Une quinzaine de personnes (sur place et en ligne) pour cette \u00e9dition de l'ExplorSchool du 1er octobre. Petit \u00e9change sur l'ergonomie des wikis, potentiellement vu comme un frein aux contributions (id\u00e9e de proposer un mode navigation et un mode sortie pdf ou papier compl\u00e9mentaire au mode \u00e9dition ?), suivi de\u2026","rel":"","context":"In &quot;Interventions&quot;","block_context":{"text":"Interventions","link":"https:\/\/blog-alexis.monville.com\/en\/category\/interventions\/"},"img":{"alt_text":"","src":"https:\/\/i0.wp.com\/explorateursduweb.com\/blog\/wp-content\/files\/explorateurs-du-web-150.gif?resize=350%2C200","width":350,"height":200},"classes":[]},{"id":1034,"url":"https:\/\/blog-alexis.monville.com\/en\/2011\/02\/03\/lift11-premiere-journee\/","url_meta":{"origin":1399,"position":4},"title":"Lift11 : premi\u00e8re journ\u00e9e","author":"Alexis","date":"February 3, 2011","format":false,"excerpt":"Arriv\u00e9e \u00e0 Lift juste avant le d\u00e9jeuner, premi\u00e8re impression tr\u00e8s positive, les gens que je croise sont tranquilles et accueillants. Je d\u00e9jeune avec une partie de l'\u00e9quipe qui fait la r\u00e9gie, ce qui me permet d'apprendre pourquoi les micro-casques c'est si compliqu\u00e9... et pourquoi il n'y en a pas en\u2026","rel":"","context":"In &quot;Europe&quot;","block_context":{"text":"Europe","link":"https:\/\/blog-alexis.monville.com\/en\/category\/international\/europe\/"},"img":{"alt_text":"","src":"https:\/\/i0.wp.com\/blog-alexis.monville.com\/files\/2011\/02\/IMG_0581-300x300.jpg?resize=350%2C200&ssl=1","width":350,"height":200},"classes":[]},{"id":904,"url":"https:\/\/blog-alexis.monville.com\/en\/2010\/09\/19\/journee-du-libre\/","url_meta":{"origin":1399,"position":5},"title":"Journ\u00e9e du Libre","author":"Alexis","date":"September 19, 2010","format":false,"excerpt":"Ce 18 septembre 2010, la journ\u00e9e du libre (Software Freedom Day) \u00e9tait l'occasion d'une journ\u00e9e d'action sur le terrain par des membres de l'April et d'Ubuntu-Fr. Une op\u00e9ration de sensibilisation aux logiciels libres a \u00e9t\u00e9 men\u00e9e rue Montgallet \u00e0 Paris (une rue ou se trouve de nombreuses boutiques de mat\u00e9riel\u2026","rel":"","context":"In &quot;General&quot;","block_context":{"text":"General","link":"https:\/\/blog-alexis.monville.com\/en\/category\/all\/"},"img":{"alt_text":"","src":"https:\/\/i0.wp.com\/blog-alexis.monville.com\/wp-content\/uploads\/sites\/2\/2010\/09\/logo-software-freedom-day.png?resize=350%2C200&ssl=1","width":350,"height":200},"classes":[]}],"jetpack_sharing_enabled":true,"_links":{"self":[{"href":"https:\/\/blog-alexis.monville.com\/en\/wp-json\/wp\/v2\/posts\/1399","targetHints":{"allow":["GET"]}}],"collection":[{"href":"https:\/\/blog-alexis.monville.com\/en\/wp-json\/wp\/v2\/posts"}],"about":[{"href":"https:\/\/blog-alexis.monville.com\/en\/wp-json\/wp\/v2\/types\/post"}],"author":[{"embeddable":true,"href":"https:\/\/blog-alexis.monville.com\/en\/wp-json\/wp\/v2\/users\/1"}],"replies":[{"embeddable":true,"href":"https:\/\/blog-alexis.monville.com\/en\/wp-json\/wp\/v2\/comments?post=1399"}],"version-history":[{"count":2,"href":"https:\/\/blog-alexis.monville.com\/en\/wp-json\/wp\/v2\/posts\/1399\/revisions"}],"predecessor-version":[{"id":1402,"href":"https:\/\/blog-alexis.monville.com\/en\/wp-json\/wp\/v2\/posts\/1399\/revisions\/1402"}],"wp:featuredmedia":[{"embeddable":true,"href":"https:\/\/blog-alexis.monville.com\/en\/wp-json\/wp\/v2\/media\/1400"}],"wp:attachment":[{"href":"https:\/\/blog-alexis.monville.com\/en\/wp-json\/wp\/v2\/media?parent=1399"}],"wp:term":[{"taxonomy":"category","embeddable":true,"href":"https:\/\/blog-alexis.monville.com\/en\/wp-json\/wp\/v2\/categories?post=1399"},{"taxonomy":"post_tag","embeddable":true,"href":"https:\/\/blog-alexis.monville.com\/en\/wp-json\/wp\/v2\/tags?post=1399"}],"curies":[{"name":"wp","href":"https:\/\/api.w.org\/{rel}","templated":true}]}}