{"id":134,"date":"2008-09-03T21:14:02","date_gmt":"2008-09-03T20:14:02","guid":{"rendered":"http:\/\/alexismonville.wordpress.com\/?p=134"},"modified":"2008-09-03T21:14:02","modified_gmt":"2008-09-03T20:14:02","slug":"sommes-nous-condamnes-a-lintelligence-individuelle-et-lincapacite-collective","status":"publish","type":"post","link":"https:\/\/blog-alexis.monville.com\/en\/2008\/09\/03\/sommes-nous-condamnes-a-lintelligence-individuelle-et-lincapacite-collective\/","title":{"rendered":"Sommes-nous condamn\u00e9s \u00e0 l&#8217;intelligence individuelle et l&#8217;incapacit\u00e9 collective ?"},"content":{"rendered":"<p>C&#8217;est par cette question que d\u00e9bute l&#8217;ouvrage de <a href=\"http:\/\/www.thetransitioner.org\/wikifr\/tiki-index.php?page=Jean-Francois%20Noubel\" target=\"_blank\">Jean-Fran\u00e7ois Noubel<\/a> : <a href=\"http:\/\/www.thetransitioner.org\/Intelligence_Collective_Revolution_Invisible_JFNoubel.pdf\" target=\"_blank\">Intelligence Collective, r\u00e9volution invisible<\/a>.<\/p>\n<p>Question difficile \u00e0 laquelle nous sommes confront\u00e9s dans la plupart des organisations qu&#8217;elles soient publiques ou priv\u00e9es.<\/p>\n<p>Et pourtant, force est de constater que l&#8217;intelligence individuelle est vite limit\u00e9e face \u00e0 l&#8217;augmentation de la complexit\u00e9 des probl\u00e9matiques, et que seule une capacit\u00e9 d&#8217;adaptation rapide des organisations leur permet de trouver des r\u00e9ponses adapt\u00e9es \u00e0 un environnement en \u00e9volution rapide.<\/p>\n<p>L&#8217;article d&#8217;Olivier R\u00e9aud de la soci\u00e9t\u00e9 <a href=\"http:\/\/www.inprincipo.com\/\" target=\"_blank\">In Principo<\/a> apporte une r\u00e9ponse originale \u00e0 cette question : <a title=\"Comment manager une entreprise dans une dynamique d'\u00e9cosyst\u00e8mes ?\" href=\"http:\/\/www.inprincipo.com\/fr\/manager-dans-l%E2%80%99economie-des-ecosystemes-33-comment-manager-l%E2%80%99entreprise-au-coeur-d%E2%80%99une-dynamique-d%E2%80%99e\"><span class=\"violet\">comment manager l\u2019entreprise au c\u0153ur d\u2019une dynamique d\u2019\u00e9cosyst\u00e8mes ? <\/span><\/a><\/p>\n","protected":false},"excerpt":{"rendered":"<p>C&#8217;est par cette question que d\u00e9bute l&#8217;ouvrage de Jean-Fran\u00e7ois Noubel : Intelligence Collective, r\u00e9volution invisible. Question difficile \u00e0 laquelle nous sommes confront\u00e9s dans la plupart des organisations qu&#8217;elles soient publiques ou priv\u00e9es. Et pourtant, force est de constater que l&#8217;intelligence individuelle est vite limit\u00e9e face \u00e0 l&#8217;augmentation de la complexit\u00e9 des probl\u00e9matiques, et que seule [&hellip;]<\/p>\n","protected":false},"author":1,"featured_media":0,"comment_status":"open","ping_status":"open","sticky":false,"template":"","format":"standard","meta":{"advanced_seo_description":"","jetpack_seo_html_title":"","jetpack_seo_noindex":false,"jetpack_post_was_ever_published":false,"_jetpack_newsletter_access":"","_jetpack_dont_email_post_to_subs":false,"_jetpack_newsletter_tier_id":0,"_jetpack_memberships_contains_paywalled_content":false,"_jetpack_memberships_contains_paid_content":false,"footnotes":""},"categories":[1],"tags":[236,284,444],"class_list":["post-134","post","type-post","status-publish","format-standard","hentry","category-all","tag-innovation","tag-management","tag-technologies"],"jetpack_featured_media_url":"","jetpack_shortlink":"https:\/\/wp.me\/paNjQG-2a","jetpack-related-posts":[{"id":917,"url":"https:\/\/blog-alexis.monville.com\/en\/2010\/10\/10\/ubuntu-cest-la-reponse\/","url_meta":{"origin":134,"position":0},"title":"C&#8217;est la r\u00e9ponse !","author":"Alexis","date":"October 10, 2010","format":false,"excerpt":"Nous sommes le 10.10.10, soit 42 en binaire, et c'est le jour de la sortie de la version 10.10 de la distribution Gnu\/Linux Ubuntu. Cette nouvelle version de la distribution serait-elle la r\u00e9ponse \u00e0\u00a0La grande question sur la vie, l'univers et le reste ? A vous d'essayer ce syst\u00e8me d'exploitation\u2026","rel":"","context":"In &quot;General&quot;","block_context":{"text":"General","link":"https:\/\/blog-alexis.monville.com\/en\/category\/all\/"},"img":{"alt_text":"","src":"https:\/\/i0.wp.com\/blog-alexis.monville.com\/wp-content\/uploads\/sites\/2\/2010\/10\/ubuntu-504-1004.jpg?resize=350%2C200&ssl=1","width":350,"height":200,"srcset":"https:\/\/i0.wp.com\/blog-alexis.monville.com\/wp-content\/uploads\/sites\/2\/2010\/10\/ubuntu-504-1004.jpg?resize=350%2C200&ssl=1 1x, https:\/\/i0.wp.com\/blog-alexis.monville.com\/wp-content\/uploads\/sites\/2\/2010\/10\/ubuntu-504-1004.jpg?resize=525%2C300&ssl=1 1.5x"},"classes":[]},{"id":103,"url":"https:\/\/blog-alexis.monville.com\/en\/2008\/07\/09\/intelligence-economique\/","url_meta":{"origin":134,"position":1},"title":"Intelligence \u00e9conomique","author":"Alexis","date":"July 9, 2008","format":false,"excerpt":"L\u2019institut de gestion publique et de d\u00e9veloppement \u00e9conomique (IGPDE), organisme de formation interne des deux minist\u00e8res dit \u00ab\u00a0financiers\u00a0\u00bb (Budget, Comptes publics et Fonction publique d\u2019une part Economie, Finances et Emploi d\u2019autre part), a organis\u00e9 une premi\u00e8re session d\u2019initiation \u00e0 l\u2019intelligence \u00e9conomique. Salle comble et nombreuses demandes insatisfaites pr\u00e9sage un succ\u00e8s.\u2026","rel":"","context":"In &quot;General&quot;","block_context":{"text":"General","link":"https:\/\/blog-alexis.monville.com\/en\/category\/all\/"},"img":{"alt_text":"","src":"","width":0,"height":0},"classes":[]},{"id":592,"url":"https:\/\/blog-alexis.monville.com\/en\/2009\/06\/12\/voyage-au-coeur-de-lintelligence-collective-globale\/","url_meta":{"origin":134,"position":2},"title":"Voyage au coeur de l&#8217;intelligence collective globale","author":"Alexis","date":"June 12, 2009","format":false,"excerpt":"le","rel":"","context":"In &quot;Explorateurs&quot;","block_context":{"text":"Explorateurs","link":"https:\/\/blog-alexis.monville.com\/en\/category\/explorateurs\/"},"img":{"alt_text":"","src":"https:\/\/i0.wp.com\/wiki.thetransitioner.org\/%40api\/deki\/site\/logo.png?resize=350%2C200","width":350,"height":200},"classes":[]},{"id":558,"url":"https:\/\/blog-alexis.monville.com\/en\/2009\/05\/21\/consultation-publique-sur-linternet-du-futur\/","url_meta":{"origin":134,"position":3},"title":"Consultation publique sur l&#8217;Internet du futur","author":"Alexis","date":"May 21, 2009","format":false,"excerpt":"Assez surprenant cette consultation... Consultation publique sur l\u2019Internet du futur Internet a r\u00e9volutionn\u00e9 tous les secteurs de nos soci\u00e9t\u00e9s, notre mani\u00e8re de communiquer, de nous informer, de nous divertir, de consommer et m\u00eame d\u2019interagir socialement. L\u2019\u00e9volution ou la red\u00e9finition de l\u2019Internet permettront le d\u00e9veloppement de nouveaux services et usages et\u2026","rel":"","context":"In &quot;Explorateurs&quot;","block_context":{"text":"Explorateurs","link":"https:\/\/blog-alexis.monville.com\/en\/category\/explorateurs\/"},"img":{"alt_text":"Internet du futur","src":"https:\/\/i0.wp.com\/www.telecom.gouv.fr\/IMG\/arton2105.jpg?resize=350%2C200","width":350,"height":200},"classes":[]},{"id":1227,"url":"https:\/\/blog-alexis.monville.com\/en\/2011\/10\/04\/strategie-vs-mise-en-oeuvre\/","url_meta":{"origin":134,"position":4},"title":"Strat\u00e9gie vs Mise en oeuvre","author":"Alexis","date":"October 4, 2011","format":false,"excerpt":"Je re\u00e7ois p\u00e9riodiquement la lettre d'information de McKinsey.\u00a0Le titre de l'\u00e9dition du mois d'octobre m'a permis de comprendre l'\u00e9cart de vision qu'il pouvait exister avec ce que je propose. Cette lettre est titr\u00e9e : Strat\u00e9gie pour une \u00e9poque incertaine ou Strategy for uncertain times en version originale. Pourquoi un \u00e9cart\u2026","rel":"","context":"In &quot;ayeba&quot;","block_context":{"text":"ayeba","link":"https:\/\/blog-alexis.monville.com\/en\/category\/ayeba\/"},"img":{"alt_text":"","src":"https:\/\/i0.wp.com\/blog-alexis.monville.com\/wp-content\/uploads\/sites\/2\/2011\/10\/strategy-chess-1024x682.jpg?resize=350%2C200&ssl=1","width":350,"height":200},"classes":[]},{"id":1232,"url":"https:\/\/blog-alexis.monville.com\/en\/2011\/10\/12\/99\/","url_meta":{"origin":134,"position":5},"title":"99%","author":"Alexis","date":"October 12, 2011","format":false,"excerpt":"Le mouvement d'indignation contre le status quo d'une situation injuste qui profite \u00e0 1% de la population mondiale grandi et se coordonne grace \u00e0 Internet. Au point que cette coordination inqui\u00e8te et fait craindre \u00e0 certains un automne \u00e0 l'image du \"printemps arabe\". La prochaine \u00e9tape est une manifestation mondiale\u2026","rel":"","context":"In &quot;General&quot;","block_context":{"text":"General","link":"https:\/\/blog-alexis.monville.com\/en\/category\/all\/"},"img":{"alt_text":"","src":"https:\/\/i0.wp.com\/blog-alexis.monville.com\/wp-content\/uploads\/sites\/2\/2011\/10\/rrss-02-300x300.png?resize=350%2C200&ssl=1","width":350,"height":200},"classes":[]}],"jetpack_sharing_enabled":true,"_links":{"self":[{"href":"https:\/\/blog-alexis.monville.com\/en\/wp-json\/wp\/v2\/posts\/134","targetHints":{"allow":["GET"]}}],"collection":[{"href":"https:\/\/blog-alexis.monville.com\/en\/wp-json\/wp\/v2\/posts"}],"about":[{"href":"https:\/\/blog-alexis.monville.com\/en\/wp-json\/wp\/v2\/types\/post"}],"author":[{"embeddable":true,"href":"https:\/\/blog-alexis.monville.com\/en\/wp-json\/wp\/v2\/users\/1"}],"replies":[{"embeddable":true,"href":"https:\/\/blog-alexis.monville.com\/en\/wp-json\/wp\/v2\/comments?post=134"}],"version-history":[{"count":0,"href":"https:\/\/blog-alexis.monville.com\/en\/wp-json\/wp\/v2\/posts\/134\/revisions"}],"wp:attachment":[{"href":"https:\/\/blog-alexis.monville.com\/en\/wp-json\/wp\/v2\/media?parent=134"}],"wp:term":[{"taxonomy":"category","embeddable":true,"href":"https:\/\/blog-alexis.monville.com\/en\/wp-json\/wp\/v2\/categories?post=134"},{"taxonomy":"post_tag","embeddable":true,"href":"https:\/\/blog-alexis.monville.com\/en\/wp-json\/wp\/v2\/tags?post=134"}],"curies":[{"name":"wp","href":"https:\/\/api.w.org\/{rel}","templated":true}]}}