{"id":1328,"date":"2012-01-15T11:44:30","date_gmt":"2012-01-15T11:44:30","guid":{"rendered":"https:\/\/blog-alexis.monville.com\/?p=1328"},"modified":"2012-01-15T20:10:08","modified_gmt":"2012-01-15T20:10:08","slug":"tedxplaceducapitole","status":"publish","type":"post","link":"https:\/\/blog-alexis.monville.com\/en\/2012\/01\/15\/tedxplaceducapitole\/","title":{"rendered":"TEDxPlaceDuCapitole"},"content":{"rendered":"<p><a href=\"https:\/\/i0.wp.com\/blog-alexis.monville.com\/wp-content\/uploads\/sites\/2\/2012\/01\/TEDxPlaceDuCapitole_logo_02.jpg?ssl=1\"><img data-recalc-dims=\"1\" loading=\"lazy\" decoding=\"async\" data-attachment-id=\"1329\" data-permalink=\"https:\/\/blog-alexis.monville.com\/en\/2012\/01\/15\/tedxplaceducapitole\/tedxplaceducapitole_logo_02\/\" data-orig-file=\"https:\/\/i0.wp.com\/blog-alexis.monville.com\/en\/wp-content\/uploads\/sites\/2\/2012\/01\/TEDxPlaceDuCapitole_logo_02.jpg?fit=600%2C150&amp;ssl=1\" data-orig-size=\"600,150\" data-comments-opened=\"1\" data-image-meta=\"{&quot;aperture&quot;:&quot;0&quot;,&quot;credit&quot;:&quot;&quot;,&quot;camera&quot;:&quot;&quot;,&quot;caption&quot;:&quot;&quot;,&quot;created_timestamp&quot;:&quot;0&quot;,&quot;copyright&quot;:&quot;&quot;,&quot;focal_length&quot;:&quot;0&quot;,&quot;iso&quot;:&quot;0&quot;,&quot;shutter_speed&quot;:&quot;0&quot;,&quot;title&quot;:&quot;&quot;}\" data-image-title=\"TEDxPlaceDuCapitole_logo_02\" data-image-description=\"\" data-image-caption=\"\" data-large-file=\"https:\/\/i0.wp.com\/blog-alexis.monville.com\/en\/wp-content\/uploads\/sites\/2\/2012\/01\/TEDxPlaceDuCapitole_logo_02.jpg?fit=600%2C150&amp;ssl=1\" class=\"alignleft size-medium wp-image-1329\" title=\"TEDxPlaceDuCapitole_logo_02\" src=\"https:\/\/i0.wp.com\/blog-alexis.monville.com\/wp-content\/uploads\/sites\/2\/2012\/01\/TEDxPlaceDuCapitole_logo_02-300x75.jpg?resize=300%2C75&#038;ssl=1\" alt=\"\" width=\"300\" height=\"75\" srcset=\"https:\/\/i0.wp.com\/blog-alexis.monville.com\/en\/wp-content\/uploads\/sites\/2\/2012\/01\/TEDxPlaceDuCapitole_logo_02.jpg?resize=300%2C75&amp;ssl=1 300w, https:\/\/i0.wp.com\/blog-alexis.monville.com\/en\/wp-content\/uploads\/sites\/2\/2012\/01\/TEDxPlaceDuCapitole_logo_02.jpg?w=600&amp;ssl=1 600w\" sizes=\"auto, (max-width: 300px) 100vw, 300px\" \/><\/a> <a href=\"http:\/\/tedxplaceducapitole.com\/\" target=\"_blank\">TEDxPlaceDuCapitole<\/a> s&#8217;est d\u00e9roul\u00e9 ce samedi 14 janvier \u00e0 l&#8217;Hotel Dieu de Toulouse.<\/p>\n<p>L&#8217;excellente \u00e9quipe d&#8217;organisation avait r\u00e9uni 13 intervenants autour du th\u00e8me l&#8217;<strong>\u00e9nergie des possibles :<\/strong><\/p>\n<ul>\n<li>Damien Jayat sur la m\u00e9diation scientifique<\/li>\n<li>Adrienne Alix sur l&#8217;engagement pour Wikipedia<\/li>\n<li>Fran\u00e7ois Cantier sur avocat sans fronti\u00e8re et l&#8217;\u00e9cole des droits de l&#8217;homme<\/li>\n<li>Jacques Honvault pour deux interventions une exp\u00e9rience et une intervention sur l&#8217;importance du croisement des expertises<\/li>\n<li>Fati Nourashemi sur l&#8217;importance de la nutrition et de l&#8217;exercice sur la qualit\u00e9 de nos vielles ann\u00e9es<\/li>\n<li>Cl\u00e9ment Blanchet sur l&#8217;architecture<\/li>\n<li>Nicolas Lassabe sue les Fablabs<\/li>\n<li>Emmanuelle Auriol sur l&#8217;\u00e9conomie<\/li>\n<li>Antonio Gu\u00ebll sur la t\u00e9l\u00e9m\u00e9decine<\/li>\n<li>Jean-Jacques Charbonnier sur la vie apr\u00e8s la mort, une histoire \u00e9mouvante<\/li>\n<li>Pierre Olivier Carles sur l&#8217;entreprenariat<\/li>\n<li>Daniele \u00ab Don Pasta \u00bb Di Michele sur la nourriture populaire et son id\u00e9e de cuisine pour les enfants !<\/li>\n<\/ul>\n<p>Cette pr\u00e9mi\u00e8re \u00e9dition est une grande r\u00e9ussite. Un grand bravo \u00e0 l&#8217;\u00e9quipe d&#8217;organisation et aux intervenants.<\/p>\n<p><object width=\"400\" height=\"300\" classid=\"clsid:d27cdb6e-ae6d-11cf-96b8-444553540000\" codebase=\"http:\/\/download.macromedia.com\/pub\/shockwave\/cabs\/flash\/swflash.cab#version=6,0,40,0\"><param name=\"flashvars\" value=\"offsite=true&amp;lang=en-us&amp;page_show_url=%2Fphotos%2Fmonville%2Fsets%2F72157628870949853%2Fshow%2F&amp;page_show_back_url=%2Fphotos%2Fmonville%2Fsets%2F72157628870949853%2F&amp;set_id=72157628870949853&amp;jump_to=\" \/><param name=\"allowFullScreen\" value=\"true\" \/><param name=\"src\" value=\"http:\/\/www.flickr.com\/apps\/slideshow\/show.swf?v=109615\" \/><param name=\"allowfullscreen\" value=\"true\" \/><\/object><\/p>\n<p>edit&#8212;15 janvier&#8212;<br \/>\nIl y a des photos disponibles sur la page facebook<br \/>\n<a href=\"http:\/\/www.facebook.com\/media\/set\/?set=a.339515916073459.84223.189745751050477&amp;type=3\"><img data-recalc-dims=\"1\" loading=\"lazy\" decoding=\"async\" data-attachment-id=\"1370\" data-permalink=\"https:\/\/blog-alexis.monville.com\/en\/2012\/01\/15\/tedxplaceducapitole\/tedxplaceducapitole-2\/\" data-orig-file=\"https:\/\/i0.wp.com\/blog-alexis.monville.com\/en\/wp-content\/uploads\/sites\/2\/2012\/01\/TEDxPlaceDuCapitole.jpg?fit=960%2C641&amp;ssl=1\" data-orig-size=\"960,641\" data-comments-opened=\"1\" data-image-meta=\"{&quot;aperture&quot;:&quot;0&quot;,&quot;credit&quot;:&quot;&quot;,&quot;camera&quot;:&quot;&quot;,&quot;caption&quot;:&quot;&quot;,&quot;created_timestamp&quot;:&quot;0&quot;,&quot;copyright&quot;:&quot;&quot;,&quot;focal_length&quot;:&quot;0&quot;,&quot;iso&quot;:&quot;0&quot;,&quot;shutter_speed&quot;:&quot;0&quot;,&quot;title&quot;:&quot;&quot;}\" data-image-title=\"TEDxPlaceDuCapitole\" data-image-description=\"\" data-image-caption=\"\" data-large-file=\"https:\/\/i0.wp.com\/blog-alexis.monville.com\/en\/wp-content\/uploads\/sites\/2\/2012\/01\/TEDxPlaceDuCapitole.jpg?fit=960%2C641&amp;ssl=1\" class=\"alignleft size-full wp-image-1370\" title=\"TEDxPlaceDuCapitole\" src=\"https:\/\/i0.wp.com\/blog-alexis.monville.com\/wp-content\/uploads\/sites\/2\/2012\/01\/TEDxPlaceDuCapitole.jpg?resize=576%2C385&#038;ssl=1\" alt=\"\" width=\"576\" height=\"385\" srcset=\"https:\/\/i0.wp.com\/blog-alexis.monville.com\/en\/wp-content\/uploads\/sites\/2\/2012\/01\/TEDxPlaceDuCapitole.jpg?w=960&amp;ssl=1 960w, https:\/\/i0.wp.com\/blog-alexis.monville.com\/en\/wp-content\/uploads\/sites\/2\/2012\/01\/TEDxPlaceDuCapitole.jpg?resize=300%2C200&amp;ssl=1 300w\" sizes=\"auto, (max-width: 576px) 100vw, 576px\" \/><\/a><\/p>\n","protected":false},"excerpt":{"rendered":"<p>TEDxPlaceDuCapitole s&#8217;est d\u00e9roul\u00e9 ce samedi 14 janvier \u00e0 l&#8217;Hotel Dieu de Toulouse. L&#8217;excellente \u00e9quipe d&#8217;organisation avait r\u00e9uni 13 intervenants autour du th\u00e8me l&#8217;\u00e9nergie des possibles : Damien Jayat sur la m\u00e9diation scientifique Adrienne Alix sur l&#8217;engagement pour Wikipedia Fran\u00e7ois Cantier sur avocat sans fronti\u00e8re et l&#8217;\u00e9cole des droits de l&#8217;homme Jacques Honvault pour deux interventions [&hellip;]<\/p>\n","protected":false},"author":1,"featured_media":1332,"comment_status":"open","ping_status":"open","sticky":false,"template":"","format":"standard","meta":{"advanced_seo_description":"","jetpack_seo_html_title":"","jetpack_seo_noindex":false,"jetpack_post_was_ever_published":false,"_jetpack_newsletter_access":"","_jetpack_dont_email_post_to_subs":false,"_jetpack_newsletter_tier_id":0,"_jetpack_memberships_contains_paywalled_content":false,"_jetpack_memberships_contains_paid_content":false,"footnotes":""},"categories":[1],"tags":[446],"class_list":["post-1328","post","type-post","status-publish","format-standard","has-post-thumbnail","hentry","category-all","tag-tedx"],"jetpack_featured_media_url":"https:\/\/i0.wp.com\/blog-alexis.monville.com\/en\/wp-content\/uploads\/sites\/2\/2012\/01\/IMG_4125-scaled.jpg?fit=2560%2C1920&ssl=1","jetpack_shortlink":"https:\/\/wp.me\/paNjQG-lq","jetpack-related-posts":[{"id":163,"url":"https:\/\/blog-alexis.monville.com\/en\/2008\/09\/20\/patriotisme-economique\/","url_meta":{"origin":1328,"position":0},"title":"Patriotisme \u00e9conomique","author":"Alexis","date":"September 20, 2008","format":false,"excerpt":"Le patriotisme \u00e9conomique : une nouvelle politique industrielle pour le XXIe si\u00e8cle ?\u00a0 Pour \u00e9clairer la question pos\u00e9e pour cette nouvelle session des Rencontres \u00e9conomiques de l\u2019IGPDE (18 septembre 2008), Martin Pi\u00e9tri, qui rempla\u00e7ait au pied lev\u00e9 l\u2019animateur habituel Didier Ad\u00e8s, citait une source anonyme (et \u00e9nerv\u00e9e) du SGDN\u00a0: \u00ab\u00a0avec\u2026","rel":"","context":"In &quot;General&quot;","block_context":{"text":"General","link":"https:\/\/blog-alexis.monville.com\/en\/category\/all\/"},"img":{"alt_text":"","src":"","width":0,"height":0},"classes":[]},{"id":738,"url":"https:\/\/blog-alexis.monville.com\/en\/2010\/01\/31\/tedxparis\/","url_meta":{"origin":1328,"position":1},"title":"TEDxParis","author":"Alexis","date":"January 31, 2010","format":false,"excerpt":"Le 30 janvier 2010 se d\u00e9roulait \u00e0 l'Espace Pierre Cardin une premi\u00e8re \u00e9dition de TEDxParis. 18 interventions dans diff\u00e9rents domaines, musique, art, architecture, soci\u00e9t\u00e9, science, psychanalyse, entreprise, journaliste, cette liste n'\u00e9tant ni exclusive, ni exhaustive... Une retransmission en direct a permis aux personnes ne pouvant participer physiquement de suivre les\u2026","rel":"","context":"In &quot;General&quot;","block_context":{"text":"General","link":"https:\/\/blog-alexis.monville.com\/en\/category\/all\/"},"img":{"alt_text":"","src":"https:\/\/i0.wp.com\/www.tedxparis.com\/sites\/default\/files\/zen_classic_logo.jpg?resize=350%2C200","width":350,"height":200},"classes":[]},{"id":1085,"url":"https:\/\/blog-alexis.monville.com\/en\/2011\/04\/13\/tedxbordeaux-2\/","url_meta":{"origin":1328,"position":2},"title":"TEDxBordeaux","author":"Alexis","date":"April 13, 2011","format":false,"excerpt":"Ceux qui suivent ce blog (merci au fait ;-) ) le savent d\u00e9j\u00e0, je contribue avec une petite \u00e9quipe b\u00e9n\u00e9vole \u00e0 faire exister le premier TEDxBordeaux. Il se d\u00e9roulera le samedi 28 mai 2011 dans l\u2019auditorium du CAPC (Mus\u00e9e d\u2019art contemporain de Bordeaux). Suivant le principe de TED et \u00e0\u2026","rel":"","context":"In &quot;Interventions&quot;","block_context":{"text":"Interventions","link":"https:\/\/blog-alexis.monville.com\/en\/category\/interventions\/"},"img":{"alt_text":"","src":"","width":0,"height":0},"classes":[]},{"id":866,"url":"https:\/\/blog-alexis.monville.com\/en\/2010\/07\/08\/ethique-du-numerique\/","url_meta":{"origin":1328,"position":3},"title":"Ethique du num\u00e9rique","author":"Alexis","date":"July 8, 2010","format":false,"excerpt":"Ce mercredi 7 juillet, j'\u00e9tais invit\u00e9 (avec une bonne centaine d'autres) \u00e0 un atelier participatif : \"Qu'est-ce qu'une loi 2.0 ?\". Cette r\u00e9union \u00e9tait organis\u00e9e par les parlementaires UMP pour prolonger les travaux du rapport Vive internet ! Libert\u00e9 et r\u00e8gles dans le monde num\u00e9rique. La parole est donn\u00e9e sur\u2026","rel":"","context":"In &quot;General&quot;","block_context":{"text":"General","link":"https:\/\/blog-alexis.monville.com\/en\/category\/all\/"},"img":{"alt_text":"","src":"https:\/\/i0.wp.com\/blog-alexis.monville.com\/wp-content\/uploads\/sites\/2\/2010\/07\/Capture-d%E2%80%99%C3%A9cran-2010-07-08-%C3%A0-09.43.11.png?resize=350%2C200&ssl=1","width":350,"height":200},"classes":[]},{"id":42,"url":"https:\/\/blog-alexis.monville.com\/en\/2006\/11\/21\/rencontres-economiques\/","url_meta":{"origin":1328,"position":4},"title":"Rencontres \u00e9conomiques","author":"Alexis","date":"November 21, 2006","format":false,"excerpt":"L'EFFICACIT\u00c9 DES ACTIONS DE D\u00c9VELOPPEMENT DANS LES PAYS PAUVRES Toujours anim\u00e9 par Didier ADES, r\u00e9dacteur en chef \u00e0 RAdio-France et avec les interventions de : Intervention de Sophie Englebienne, Directrice des programmes d'OXFAM solidarit\u00e9 en Belgique - Th\u00e8me : \u00ab Une exp\u00e9rience de terrain : comment mieux valoriser l'aide au\u2026","rel":"","context":"In &quot;General&quot;","block_context":{"text":"General","link":"https:\/\/blog-alexis.monville.com\/en\/category\/all\/"},"img":{"alt_text":"R\u00e9duire l'extr\u00eame pauvret\u00e9 et la faim","src":"https:\/\/i0.wp.com\/www.un.org\/french\/millenniumgoals\/images\/goal1-over.gif?resize=350%2C200","width":350,"height":200},"classes":[]},{"id":1101,"url":"https:\/\/blog-alexis.monville.com\/en\/2011\/05\/09\/ujuo-sur-solutions-linux\/","url_meta":{"origin":1328,"position":5},"title":"UJUO sur Solutions Linux","author":"Alexis","date":"May 9, 2011","format":false,"excerpt":"Ce mercredi 11 mai \u00e0 11h00, la p\u00e9dagogie de l'attention Un Jour Une Oeuvre sera pr\u00e9sent\u00e9e lors de la table-ronde : \"La diversit\u00e9 dans le libre \u00e9ducatif\". Regardons Ensemble ! Un Jour Une Oeuvre est une aventure transposant l'approche\u00a0collaborative pratiqu\u00e9e dans le monde du logiciel libre dans le but de\u00a0permettre\u2026","rel":"","context":"In &quot;ayeba&quot;","block_context":{"text":"ayeba","link":"https:\/\/blog-alexis.monville.com\/en\/category\/ayeba\/"},"img":{"alt_text":"","src":"https:\/\/i0.wp.com\/ujuo.org\/wp-content\/uploads\/HLIC\/cd47d7a5964a35b751239b7a767a98b0.gif?resize=350%2C200","width":350,"height":200},"classes":[]}],"jetpack_sharing_enabled":true,"_links":{"self":[{"href":"https:\/\/blog-alexis.monville.com\/en\/wp-json\/wp\/v2\/posts\/1328","targetHints":{"allow":["GET"]}}],"collection":[{"href":"https:\/\/blog-alexis.monville.com\/en\/wp-json\/wp\/v2\/posts"}],"about":[{"href":"https:\/\/blog-alexis.monville.com\/en\/wp-json\/wp\/v2\/types\/post"}],"author":[{"embeddable":true,"href":"https:\/\/blog-alexis.monville.com\/en\/wp-json\/wp\/v2\/users\/1"}],"replies":[{"embeddable":true,"href":"https:\/\/blog-alexis.monville.com\/en\/wp-json\/wp\/v2\/comments?post=1328"}],"version-history":[{"count":5,"href":"https:\/\/blog-alexis.monville.com\/en\/wp-json\/wp\/v2\/posts\/1328\/revisions"}],"predecessor-version":[{"id":1371,"href":"https:\/\/blog-alexis.monville.com\/en\/wp-json\/wp\/v2\/posts\/1328\/revisions\/1371"}],"wp:featuredmedia":[{"embeddable":true,"href":"https:\/\/blog-alexis.monville.com\/en\/wp-json\/wp\/v2\/media\/1332"}],"wp:attachment":[{"href":"https:\/\/blog-alexis.monville.com\/en\/wp-json\/wp\/v2\/media?parent=1328"}],"wp:term":[{"taxonomy":"category","embeddable":true,"href":"https:\/\/blog-alexis.monville.com\/en\/wp-json\/wp\/v2\/categories?post=1328"},{"taxonomy":"post_tag","embeddable":true,"href":"https:\/\/blog-alexis.monville.com\/en\/wp-json\/wp\/v2\/tags?post=1328"}],"curies":[{"name":"wp","href":"https:\/\/api.w.org\/{rel}","templated":true}]}}