{"id":1311,"date":"2011-12-17T15:00:08","date_gmt":"2011-12-17T15:00:08","guid":{"rendered":"https:\/\/blog-alexis.monville.com\/?p=1311"},"modified":"2011-12-17T15:11:23","modified_gmt":"2011-12-17T15:11:23","slug":"conference-2012","status":"publish","type":"post","link":"https:\/\/blog-alexis.monville.com\/en\/2011\/12\/17\/conference-2012\/","title":{"rendered":"Conf\u00e9rence 2012"},"content":{"rendered":"<p><a href=\"https:\/\/i0.wp.com\/blog-alexis.monville.com\/wp-content\/uploads\/sites\/2\/2011\/12\/conference-room.jpg?ssl=1\"><img data-recalc-dims=\"1\" loading=\"lazy\" decoding=\"async\" data-attachment-id=\"1312\" data-permalink=\"https:\/\/blog-alexis.monville.com\/en\/2011\/12\/17\/conference-2012\/sony-dsc\/\" data-orig-file=\"https:\/\/i0.wp.com\/blog-alexis.monville.com\/en\/wp-content\/uploads\/sites\/2\/2011\/12\/conference-room.jpg?fit=400%2C268&amp;ssl=1\" data-orig-size=\"400,268\" data-comments-opened=\"1\" data-image-meta=\"{&quot;aperture&quot;:&quot;3.5&quot;,&quot;credit&quot;:&quot;&quot;,&quot;camera&quot;:&quot;DSLR-A100&quot;,&quot;caption&quot;:&quot;SONY DSC&quot;,&quot;created_timestamp&quot;:&quot;1175310778&quot;,&quot;copyright&quot;:&quot;&quot;,&quot;focal_length&quot;:&quot;18&quot;,&quot;iso&quot;:&quot;250&quot;,&quot;shutter_speed&quot;:&quot;0.033333333333333&quot;,&quot;title&quot;:&quot;SONY DSC&quot;,&quot;orientation&quot;:&quot;1&quot;}\" data-image-title=\"conference room\" data-image-description=\"\" data-image-caption=\"\" data-large-file=\"https:\/\/i0.wp.com\/blog-alexis.monville.com\/en\/wp-content\/uploads\/sites\/2\/2011\/12\/conference-room.jpg?fit=400%2C268&amp;ssl=1\" class=\"alignleft size-full wp-image-1312\" title=\"conference room\" src=\"https:\/\/i0.wp.com\/blog-alexis.monville.com\/wp-content\/uploads\/sites\/2\/2011\/12\/conference-room.jpg?resize=400%2C268&#038;ssl=1\" alt=\"\" width=\"400\" height=\"268\" srcset=\"https:\/\/i0.wp.com\/blog-alexis.monville.com\/en\/wp-content\/uploads\/sites\/2\/2011\/12\/conference-room.jpg?w=400&amp;ssl=1 400w, https:\/\/i0.wp.com\/blog-alexis.monville.com\/en\/wp-content\/uploads\/sites\/2\/2011\/12\/conference-room.jpg?resize=300%2C201&amp;ssl=1 300w\" sizes=\"auto, (max-width: 400px) 100vw, 400px\" \/><\/a>Un regard sur mon planning de ce d\u00e9but 2012 et sur la s\u00e9lection de conf\u00e9rences auxquelles je souhaitais participer&#8230; Pas vraiment compatible pour le 1er trimestre&#8230;<\/p>\n<p>Aussi, je suis impatient de lire, d&#8217;\u00e9changer avec vous sur ce que vous aurez appris lors de :<\/p>\n<ul>\n<li><a href=\"http:\/\/www.agileopen.net\/aof12\" target=\"_blank\">Agile Open France<\/a>, les 18-20 janvier \u00e0 Itterswiller, France,<\/li>\n<li><a href=\"http:\/\/liftconference.com\/\" target=\"_blank\">Lift12<\/a>, 22-24 f\u00e9vrier \u00e0 Gen\u00e8ve, Suisse,<\/li>\n<li><a href=\"http:\/\/www.play4agile.org\" target=\"_blank\">Play4Agile<\/a>, 17-20 f\u00e9vrier \u00e0 Johannesberg, Allemagne,<\/li>\n<li><a href=\"http:\/\/www.institut-lean-france.fr\/\/prod-239-Lean-Summit-France---Lyon---27-et-28-mars-2012.html\" target=\"_blank\">Lean Summit France<\/a>, 27 et 28 mars,\u00a0Lyon, France,<\/li>\n<li><a href=\"http:\/\/www.eventbrite.com\/event\/2541579934\" target=\"_blank\">French Agile Coach Retreat<\/a>, 21 janvier, Paris, France,<\/li>\n<li>&#8230;<\/li>\n<\/ul>\n<div>Bonnes conf\u00e9rences \u00e0 tous \ud83d\ude09<\/div>\n<p>&nbsp;<\/p>\n<p><em>La photographie est de\u00a0<a href=\"http:\/\/www.sxc.hu\/profile\/irum\" target=\"_blank\">Irum Shahid<\/a><\/em><\/p>\n","protected":false},"excerpt":{"rendered":"<p>Un regard sur mon planning de ce d\u00e9but 2012 et sur la s\u00e9lection de conf\u00e9rences auxquelles je souhaitais participer&#8230; Pas vraiment compatible pour le 1er trimestre&#8230; Aussi, je suis impatient de lire, d&#8217;\u00e9changer avec vous sur ce que vous aurez appris lors de : Agile Open France, les 18-20 janvier \u00e0 Itterswiller, France, Lift12, 22-24 [&hellip;]<\/p>\n","protected":false},"author":1,"featured_media":1312,"comment_status":"open","ping_status":"open","sticky":false,"template":"","format":"standard","meta":{"advanced_seo_description":"","jetpack_seo_html_title":"","jetpack_seo_noindex":false,"jetpack_post_was_ever_published":false,"_jetpack_newsletter_access":"","_jetpack_dont_email_post_to_subs":false,"_jetpack_newsletter_tier_id":0,"_jetpack_memberships_contains_paywalled_content":false,"_jetpack_memberships_contains_paid_content":false,"footnotes":""},"categories":[3,7],"tags":[236,262],"class_list":["post-1311","post","type-post","status-publish","format-standard","has-post-thumbnail","hentry","category-ayeba","category-international","tag-innovation","tag-lean"],"jetpack_featured_media_url":"https:\/\/i0.wp.com\/blog-alexis.monville.com\/en\/wp-content\/uploads\/sites\/2\/2011\/12\/conference-room.jpg?fit=400%2C268&ssl=1","jetpack_shortlink":"https:\/\/wp.me\/paNjQG-l9","jetpack-related-posts":[{"id":2020,"url":"https:\/\/blog-alexis.monville.com\/en\/2015\/02\/04\/le-bonheur-au-travail-2\/","url_meta":{"origin":1311,"position":0},"title":"Le Bonheur au Travail","author":"Alexis","date":"February 4, 2015","format":false,"excerpt":"Au mois d'octobre 2013, je vous avais propos\u00e9 de devenir producteur du film \"Le Bonheur Au Travail\" de Martin Meissonnier. Le film a \u00e9t\u00e9 diffus\u00e9 hier, mardi 3 f\u00e9vrier 2015,\u00a0dans les locaux d'eNovance (Red Hat) \u00e0 Paris pour une avant-avant-premi\u00e8re (c'\u00e9tait la contrepartie pour notre contribution au financement du film\u2026","rel":"","context":"In &quot;General&quot;","block_context":{"text":"General","link":"https:\/\/blog-alexis.monville.com\/en\/category\/all\/"},"img":{"alt_text":"","src":"https:\/\/i0.wp.com\/blog-alexis.monville.com\/en\/wp-content\/uploads\/sites\/2\/2015\/02\/le-bonheur-au-travail.gif?fit=1200%2C600&ssl=1&resize=350%2C200","width":350,"height":200,"srcset":"https:\/\/i0.wp.com\/blog-alexis.monville.com\/en\/wp-content\/uploads\/sites\/2\/2015\/02\/le-bonheur-au-travail.gif?fit=1200%2C600&ssl=1&resize=350%2C200 1x, https:\/\/i0.wp.com\/blog-alexis.monville.com\/en\/wp-content\/uploads\/sites\/2\/2015\/02\/le-bonheur-au-travail.gif?fit=1200%2C600&ssl=1&resize=525%2C300 1.5x, https:\/\/i0.wp.com\/blog-alexis.monville.com\/en\/wp-content\/uploads\/sites\/2\/2015\/02\/le-bonheur-au-travail.gif?fit=1200%2C600&ssl=1&resize=700%2C400 2x, https:\/\/i0.wp.com\/blog-alexis.monville.com\/en\/wp-content\/uploads\/sites\/2\/2015\/02\/le-bonheur-au-travail.gif?fit=1200%2C600&ssl=1&resize=1050%2C600 3x"},"classes":[]},{"id":887,"url":"https:\/\/blog-alexis.monville.com\/en\/2010\/08\/29\/lift11\/","url_meta":{"origin":1311,"position":1},"title":"Lift11","author":"Alexis","date":"August 29, 2010","format":false,"excerpt":"Je participerai aux conf\u00e9rences Lift en 2011 du 2 au 4 f\u00e9vrier \u00e0 Gen\u00e8ve ! Le programme des ann\u00e9es pr\u00e9c\u00e9dentes m'avait \u00e0 chaque fois int\u00e9ress\u00e9 mais je n'avais jamais pu m'y rendre. Pour en savoir plus sur les conf\u00e9rences Lift, vous pouvez visiter le site Lift ici : http:\/\/liftconference.com\/lift11 Vous\u2026","rel":"","context":"In &quot;International&quot;","block_context":{"text":"International","link":"https:\/\/blog-alexis.monville.com\/en\/category\/international\/"},"img":{"alt_text":"","src":"https:\/\/i0.wp.com\/blog-alexis.monville.com\/wp-content\/uploads\/sites\/2\/2010\/08\/logo_lift10.gif?resize=350%2C200&ssl=1","width":350,"height":200},"classes":[]},{"id":1746,"url":"https:\/\/blog-alexis.monville.com\/en\/2014\/02\/09\/agile-games-france\/","url_meta":{"origin":1311,"position":2},"title":"Agile Games France","author":"Alexis","date":"February 9, 2014","format":false,"excerpt":"La troisi\u00e8me \u00e9dition de l'Open Space consacr\u00e9 aux jeux d'entreprises agile s'est d\u00e9roul\u00e9e \u00e0 Lyon les 7 et 8 f\u00e9vrier. Le succ\u00e8s des 2 pr\u00e9c\u00e9dentes \u00e9ditions (\u00e0 Nantes en 2012 et \u00e0 Avignon en 2013) ainsi que la limite \u00e0 60 personnes ont fait que les places \u00e9taient vendues en\u2026","rel":"","context":"In &quot;General&quot;","block_context":{"text":"General","link":"https:\/\/blog-alexis.monville.com\/en\/category\/all\/"},"img":{"alt_text":"","src":"https:\/\/i0.wp.com\/blog-alexis.monville.com\/en\/wp-content\/uploads\/sites\/2\/2014\/02\/2014-02-07-11.34.08-scaled.jpg?fit=1200%2C900&ssl=1&resize=350%2C200","width":350,"height":200,"srcset":"https:\/\/i0.wp.com\/blog-alexis.monville.com\/en\/wp-content\/uploads\/sites\/2\/2014\/02\/2014-02-07-11.34.08-scaled.jpg?fit=1200%2C900&ssl=1&resize=350%2C200 1x, https:\/\/i0.wp.com\/blog-alexis.monville.com\/en\/wp-content\/uploads\/sites\/2\/2014\/02\/2014-02-07-11.34.08-scaled.jpg?fit=1200%2C900&ssl=1&resize=525%2C300 1.5x, https:\/\/i0.wp.com\/blog-alexis.monville.com\/en\/wp-content\/uploads\/sites\/2\/2014\/02\/2014-02-07-11.34.08-scaled.jpg?fit=1200%2C900&ssl=1&resize=700%2C400 2x, https:\/\/i0.wp.com\/blog-alexis.monville.com\/en\/wp-content\/uploads\/sites\/2\/2014\/02\/2014-02-07-11.34.08-scaled.jpg?fit=1200%2C900&ssl=1&resize=1050%2C600 3x"},"classes":[]},{"id":1637,"url":"https:\/\/blog-alexis.monville.com\/en\/2013\/07\/18\/donald-reinertsen-est-dans-le-flux\/","url_meta":{"origin":1311,"position":3},"title":"Donald Reinertsen est dans le flux","author":"Alexis","date":"July 18, 2013","format":false,"excerpt":"Donald Reinertsen est l'auteur d'un ouvrage difficile d'acc\u00e8s,\u00a0The Principles of Product Development Flow. Pour en savoir plus sur les travaux de cet auteur, je vous propose de regarder une des conf\u00e9rences qu'il a donn\u00e9 lors de Lean Kanban Central Europe en 2012. Ou de lire l'article publi\u00e9 sur MOM21 (Mouvement\u2026","rel":"","context":"In &quot;General&quot;","block_context":{"text":"General","link":"https:\/\/blog-alexis.monville.com\/en\/category\/all\/"},"img":{"alt_text":"","src":"","width":0,"height":0},"classes":[]},{"id":894,"url":"https:\/\/blog-alexis.monville.com\/en\/2010\/09\/16\/communautes-et-organisations\/","url_meta":{"origin":1311,"position":4},"title":"Communaut\u00e9s et Organisations","author":"Alexis","date":"September 16, 2010","format":false,"excerpt":"B\u00e9n\u00e9dicte Taillebois, Luc Bizeul, S\u00e9bastien Douche, Fr\u00e9d\u00e9ric Freiss et Jean-Michel Huten \u00e9taient \u00e0 La Cantine ce mercredi 15 septembre pour la r\u00e9p\u00e9tition de la conf\u00e9rence \"Comment les entreprises b\u00e9n\u00e9ficient-elles des communaut\u00e9s ?\" qui se d\u00e9roulera le 1er octobre de 11h \u00e0 12h30 durant l'OpenWorldForum. Je les remercie chaleureusement pour leurs\u2026","rel":"","context":"In &quot;Interventions&quot;","block_context":{"text":"Interventions","link":"https:\/\/blog-alexis.monville.com\/en\/category\/interventions\/"},"img":{"alt_text":"","src":"","width":0,"height":0},"classes":[]},{"id":1026,"url":"https:\/\/blog-alexis.monville.com\/en\/2011\/01\/16\/irma\/","url_meta":{"origin":1311,"position":5},"title":"Irma","author":"Alexis","date":"January 16, 2011","format":false,"excerpt":"D\u00e9couverte de la g\u00e9niale Irma lors de TEDxParis hier ! Une chanson entre deux conf\u00e9rences et surtout un mini concert lors de la soir\u00e9e au Scopitone ! Son premier album, financ\u00e9 par 416 producteurs sur MyMajorCompany, sera dans les bacs le 28 f\u00e9vrier 2011. Vous pouvez \u00e9galement d\u00e9couvrir de nombreux\u2026","rel":"","context":"In &quot;General&quot;","block_context":{"text":"General","link":"https:\/\/blog-alexis.monville.com\/en\/category\/all\/"},"img":{"alt_text":"","src":"https:\/\/i0.wp.com\/blog-alexis.monville.com\/files\/2011\/01\/Irma-300x208.png?resize=350%2C200&ssl=1","width":350,"height":200},"classes":[]}],"jetpack_sharing_enabled":true,"_links":{"self":[{"href":"https:\/\/blog-alexis.monville.com\/en\/wp-json\/wp\/v2\/posts\/1311","targetHints":{"allow":["GET"]}}],"collection":[{"href":"https:\/\/blog-alexis.monville.com\/en\/wp-json\/wp\/v2\/posts"}],"about":[{"href":"https:\/\/blog-alexis.monville.com\/en\/wp-json\/wp\/v2\/types\/post"}],"author":[{"embeddable":true,"href":"https:\/\/blog-alexis.monville.com\/en\/wp-json\/wp\/v2\/users\/1"}],"replies":[{"embeddable":true,"href":"https:\/\/blog-alexis.monville.com\/en\/wp-json\/wp\/v2\/comments?post=1311"}],"version-history":[{"count":4,"href":"https:\/\/blog-alexis.monville.com\/en\/wp-json\/wp\/v2\/posts\/1311\/revisions"}],"predecessor-version":[{"id":1317,"href":"https:\/\/blog-alexis.monville.com\/en\/wp-json\/wp\/v2\/posts\/1311\/revisions\/1317"}],"wp:featuredmedia":[{"embeddable":true,"href":"https:\/\/blog-alexis.monville.com\/en\/wp-json\/wp\/v2\/media\/1312"}],"wp:attachment":[{"href":"https:\/\/blog-alexis.monville.com\/en\/wp-json\/wp\/v2\/media?parent=1311"}],"wp:term":[{"taxonomy":"category","embeddable":true,"href":"https:\/\/blog-alexis.monville.com\/en\/wp-json\/wp\/v2\/categories?post=1311"},{"taxonomy":"post_tag","embeddable":true,"href":"https:\/\/blog-alexis.monville.com\/en\/wp-json\/wp\/v2\/tags?post=1311"}],"curies":[{"name":"wp","href":"https:\/\/api.w.org\/{rel}","templated":true}]}}