{"id":1270,"date":"2011-10-30T17:56:03","date_gmt":"2011-10-30T17:56:03","guid":{"rendered":"https:\/\/blog-alexis.monville.com\/?p=1270"},"modified":"2011-10-30T17:56:37","modified_gmt":"2011-10-30T17:56:37","slug":"1270","status":"publish","type":"post","link":"https:\/\/blog-alexis.monville.com\/en\/2011\/10\/30\/1270\/","title":{"rendered":"D&#8217;o\u00f9 viennent les bonnes id\u00e9es"},"content":{"rendered":"<p><!--copy and paste--><object width=\"526\" height=\"374\"><param name=\"movie\" value=\"http:\/\/video.ted.com\/assets\/player\/swf\/EmbedPlayer.swf\"><\/param><param name=\"allowFullScreen\" value=\"true\" \/><param name=\"allowScriptAccess\" value=\"always\"\/><param name=\"wmode\" value=\"transparent\"><\/param><param name=\"bgColor\" value=\"#ffffff\"><\/param><param name=\"flashvars\" value=\"vu=http:\/\/video.ted.com\/talk\/stream\/2010G\/Blank\/StevenJohnson_2010G-320k.mp4&#038;su=http:\/\/images.ted.com\/images\/ted\/tedindex\/embed-posters\/StevenJohnson-2010G.embed_thumbnail.jpg&#038;vw=512&#038;vh=288&#038;ap=0&#038;ti=961&#038;lang=fre_fr&#038;introDuration=15330&#038;adDuration=4000&#038;postAdDuration=830&#038;adKeys=talk=steven_johnson_where_good_ideas_come_from;year=2010;theme=how_the_mind_works;theme=tales_of_invention;theme=the_rise_of_collaboration;theme=unconventional_explanations;event=TEDGlobal+2010;tag=Science;tag=Technology;tag=collaboration;tag=innovation;tag=novel;&#038;preAdTag=tconf.ted\/embed;tile=1;sz=512x288;\" \/><\/object><\/p>\n<p>Une belle histoire pour motiver encore d&#8217;avantage l&#8217;existence de r\u00e9seaux d&#8217;espace de coworking !<\/p>\n","protected":false},"excerpt":{"rendered":"<p>Une belle histoire pour motiver encore d&#8217;avantage l&#8217;existence de r\u00e9seaux d&#8217;espace de coworking !<\/p>\n","protected":false},"author":1,"featured_media":0,"comment_status":"open","ping_status":"open","sticky":false,"template":"","format":"standard","meta":{"advanced_seo_description":"","jetpack_seo_html_title":"","jetpack_seo_noindex":false,"jetpack_post_was_ever_published":false,"_jetpack_newsletter_access":"","_jetpack_dont_email_post_to_subs":false,"_jetpack_newsletter_tier_id":0,"_jetpack_memberships_contains_paywalled_content":false,"_jetpack_memberships_contains_paid_content":false,"footnotes":""},"categories":[7],"tags":[236],"class_list":["post-1270","post","type-post","status-publish","format-standard","hentry","category-international","tag-innovation"],"jetpack_featured_media_url":"","jetpack_shortlink":"https:\/\/wp.me\/saNjQG-1270","jetpack-related-posts":[{"id":1311,"url":"https:\/\/blog-alexis.monville.com\/en\/2011\/12\/17\/conference-2012\/","url_meta":{"origin":1270,"position":0},"title":"Conf\u00e9rence 2012","author":"Alexis","date":"December 17, 2011","format":false,"excerpt":"Un regard sur mon planning de ce d\u00e9but 2012 et sur la s\u00e9lection de conf\u00e9rences auxquelles je souhaitais participer... Pas vraiment compatible pour le 1er trimestre... Aussi, je suis impatient de lire, d'\u00e9changer avec vous sur ce que vous aurez appris lors de : Agile Open France, les 18-20 janvier\u2026","rel":"","context":"In &quot;ayeba&quot;","block_context":{"text":"ayeba","link":"https:\/\/blog-alexis.monville.com\/en\/category\/ayeba\/"},"img":{"alt_text":"","src":"https:\/\/i0.wp.com\/blog-alexis.monville.com\/en\/wp-content\/uploads\/sites\/2\/2011\/12\/conference-room.jpg?fit=400%2C268&ssl=1&resize=350%2C200","width":350,"height":200},"classes":[]},{"id":1924,"url":"https:\/\/blog-alexis.monville.com\/en\/2014\/07\/26\/little-brother\/","url_meta":{"origin":1270,"position":1},"title":"Little Brother","author":"Alexis","date":"July 26, 2014","format":false,"excerpt":"Little Brother\u00a0est un livre de Cory Doctorow a recommander \u00e0 tous et particuli\u00e8rement aux ados autour de vous. Cela vous fait donc une bonne id\u00e9e de cadeaux qui contribuera \u00e0 leur faire passer un bel \u00e9t\u00e9 en s'int\u00e9ressant \u00e0 ce roman qui met en sc\u00e8ne un ado de 17 ans\u2026","rel":"","context":"In &quot;General&quot;","block_context":{"text":"General","link":"https:\/\/blog-alexis.monville.com\/en\/category\/all\/"},"img":{"alt_text":"","src":"https:\/\/i0.wp.com\/blog-alexis.monville.com\/en\/wp-content\/uploads\/sites\/2\/2014\/07\/little-brother-cory-doctorow.jpg?fit=742%2C1200&ssl=1&resize=350%2C200","width":350,"height":200,"srcset":"https:\/\/i0.wp.com\/blog-alexis.monville.com\/en\/wp-content\/uploads\/sites\/2\/2014\/07\/little-brother-cory-doctorow.jpg?fit=742%2C1200&ssl=1&resize=350%2C200 1x, https:\/\/i0.wp.com\/blog-alexis.monville.com\/en\/wp-content\/uploads\/sites\/2\/2014\/07\/little-brother-cory-doctorow.jpg?fit=742%2C1200&ssl=1&resize=525%2C300 1.5x, https:\/\/i0.wp.com\/blog-alexis.monville.com\/en\/wp-content\/uploads\/sites\/2\/2014\/07\/little-brother-cory-doctorow.jpg?fit=742%2C1200&ssl=1&resize=700%2C400 2x"},"classes":[]},{"id":1907,"url":"https:\/\/blog-alexis.monville.com\/en\/2014\/06\/25\/open-innovation\/","url_meta":{"origin":1270,"position":2},"title":"Open Innovation","author":"Alexis","date":"June 25, 2014","format":false,"excerpt":"Ce 12 juin 2014, une annonce d'Elon Musk, le CEO de Tesla Motors, est venue secouer l'\u00e9cosyst\u00e8me automobile. L'annonce titr\u00e9e :\u00a0All Our Patent Are Belong To You, d\u00e9clarait\u00a0que toute la technologie d\u00e9velopp\u00e9e et brevet\u00e9e par Tesla, \u00a0\u00e9tait \u00e0 pr\u00e9sent disponible pour qui voudrait l'utiliser, de bonne foie, dans l'esprit des\u2026","rel":"","context":"In &quot;International&quot;","block_context":{"text":"International","link":"https:\/\/blog-alexis.monville.com\/en\/category\/international\/"},"img":{"alt_text":"","src":"https:\/\/i0.wp.com\/blog-alexis.monville.com\/en\/wp-content\/uploads\/sites\/2\/2014\/06\/tesla-roadster-model-s.jpg?fit=1200%2C801&ssl=1&resize=350%2C200","width":350,"height":200,"srcset":"https:\/\/i0.wp.com\/blog-alexis.monville.com\/en\/wp-content\/uploads\/sites\/2\/2014\/06\/tesla-roadster-model-s.jpg?fit=1200%2C801&ssl=1&resize=350%2C200 1x, https:\/\/i0.wp.com\/blog-alexis.monville.com\/en\/wp-content\/uploads\/sites\/2\/2014\/06\/tesla-roadster-model-s.jpg?fit=1200%2C801&ssl=1&resize=525%2C300 1.5x, https:\/\/i0.wp.com\/blog-alexis.monville.com\/en\/wp-content\/uploads\/sites\/2\/2014\/06\/tesla-roadster-model-s.jpg?fit=1200%2C801&ssl=1&resize=700%2C400 2x, https:\/\/i0.wp.com\/blog-alexis.monville.com\/en\/wp-content\/uploads\/sites\/2\/2014\/06\/tesla-roadster-model-s.jpg?fit=1200%2C801&ssl=1&resize=1050%2C600 3x"},"classes":[]},{"id":1034,"url":"https:\/\/blog-alexis.monville.com\/en\/2011\/02\/03\/lift11-premiere-journee\/","url_meta":{"origin":1270,"position":3},"title":"Lift11 : premi\u00e8re journ\u00e9e","author":"Alexis","date":"February 3, 2011","format":false,"excerpt":"Arriv\u00e9e \u00e0 Lift juste avant le d\u00e9jeuner, premi\u00e8re impression tr\u00e8s positive, les gens que je croise sont tranquilles et accueillants. Je d\u00e9jeune avec une partie de l'\u00e9quipe qui fait la r\u00e9gie, ce qui me permet d'apprendre pourquoi les micro-casques c'est si compliqu\u00e9... et pourquoi il n'y en a pas en\u2026","rel":"","context":"In &quot;Europe&quot;","block_context":{"text":"Europe","link":"https:\/\/blog-alexis.monville.com\/en\/category\/international\/europe\/"},"img":{"alt_text":"","src":"https:\/\/i0.wp.com\/blog-alexis.monville.com\/files\/2011\/02\/IMG_0581-300x300.jpg?resize=350%2C200&ssl=1","width":350,"height":200},"classes":[]},{"id":51,"url":"https:\/\/blog-alexis.monville.com\/en\/2007\/02\/16\/club-01-dsi-business-intelligence\/","url_meta":{"origin":1270,"position":4},"title":"Club 01 DSI &#8211; Business Intelligence","author":"Alexis","date":"February 16, 2007","format":false,"excerpt":"J'ai particip\u00e9 \u00e0 cette rencontre du club, afin d'en savoir plus sur ce sujet \"aide \u00e0 la d\u00e9cision\" (c'est la d\u00e9nomination retenue pour une des Initiatives ADELE de notre Sch\u00e9ma Directeur). Petite d\u00e9ception : cette matin\u00e9e n'\u00e9tait pas au niveau des pr\u00e9c\u00e9dents rendez-vous. Philippe Nieuwbourg avait en charge la premi\u00e8re\u2026","rel":"","context":"In &quot;General&quot;","block_context":{"text":"General","link":"https:\/\/blog-alexis.monville.com\/en\/category\/all\/"},"img":{"alt_text":"","src":"","width":0,"height":0},"classes":[]},{"id":1759,"url":"https:\/\/blog-alexis.monville.com\/en\/2014\/02\/13\/prenons-de-lavance-sur-notre-temps\/","url_meta":{"origin":1270,"position":5},"title":"Prenons de l&#8217;avance sur notre temps","author":"Alexis","date":"February 13, 2014","format":false,"excerpt":"J\u2019ai eu le plaisir d\u2019\u00eatre invit\u00e9 par les \u00e9l\u00e8ves de l\u2019ISEG Marketing et Communication (MCS2) \u00e0 d\u00e9battre sur le th\u00e8me de l\u2019innovation avec C\u00e9line Patrier, fondatrice de OriginBy. Ce d\u00e9bat cl\u00f4ture la semaine innovation et marques organis\u00e9e \u00e0 Bordeaux. Je souhaite remercier l\u2019ISEG et les \u00e9l\u00e8ves pour l\u2019organisation et pour\u2026","rel":"","context":"In &quot;General&quot;","block_context":{"text":"General","link":"https:\/\/blog-alexis.monville.com\/en\/category\/all\/"},"img":{"alt_text":"","src":"https:\/\/i0.wp.com\/blog-alexis.monville.com\/en\/wp-content\/uploads\/sites\/2\/2014\/02\/Semaine-de-linnovation-et-des-marques1.jpg?fit=1004%2C1200&ssl=1&resize=350%2C200","width":350,"height":200,"srcset":"https:\/\/i0.wp.com\/blog-alexis.monville.com\/en\/wp-content\/uploads\/sites\/2\/2014\/02\/Semaine-de-linnovation-et-des-marques1.jpg?fit=1004%2C1200&ssl=1&resize=350%2C200 1x, https:\/\/i0.wp.com\/blog-alexis.monville.com\/en\/wp-content\/uploads\/sites\/2\/2014\/02\/Semaine-de-linnovation-et-des-marques1.jpg?fit=1004%2C1200&ssl=1&resize=525%2C300 1.5x, https:\/\/i0.wp.com\/blog-alexis.monville.com\/en\/wp-content\/uploads\/sites\/2\/2014\/02\/Semaine-de-linnovation-et-des-marques1.jpg?fit=1004%2C1200&ssl=1&resize=700%2C400 2x"},"classes":[]}],"jetpack_sharing_enabled":true,"_links":{"self":[{"href":"https:\/\/blog-alexis.monville.com\/en\/wp-json\/wp\/v2\/posts\/1270","targetHints":{"allow":["GET"]}}],"collection":[{"href":"https:\/\/blog-alexis.monville.com\/en\/wp-json\/wp\/v2\/posts"}],"about":[{"href":"https:\/\/blog-alexis.monville.com\/en\/wp-json\/wp\/v2\/types\/post"}],"author":[{"embeddable":true,"href":"https:\/\/blog-alexis.monville.com\/en\/wp-json\/wp\/v2\/users\/1"}],"replies":[{"embeddable":true,"href":"https:\/\/blog-alexis.monville.com\/en\/wp-json\/wp\/v2\/comments?post=1270"}],"version-history":[{"count":2,"href":"https:\/\/blog-alexis.monville.com\/en\/wp-json\/wp\/v2\/posts\/1270\/revisions"}],"predecessor-version":[{"id":1272,"href":"https:\/\/blog-alexis.monville.com\/en\/wp-json\/wp\/v2\/posts\/1270\/revisions\/1272"}],"wp:attachment":[{"href":"https:\/\/blog-alexis.monville.com\/en\/wp-json\/wp\/v2\/media?parent=1270"}],"wp:term":[{"taxonomy":"category","embeddable":true,"href":"https:\/\/blog-alexis.monville.com\/en\/wp-json\/wp\/v2\/categories?post=1270"},{"taxonomy":"post_tag","embeddable":true,"href":"https:\/\/blog-alexis.monville.com\/en\/wp-json\/wp\/v2\/tags?post=1270"}],"curies":[{"name":"wp","href":"https:\/\/api.w.org\/{rel}","templated":true}]}}