{"id":1243,"date":"2011-10-19T05:00:34","date_gmt":"2011-10-19T05:00:34","guid":{"rendered":"https:\/\/blog-alexis.monville.com\/?p=1243"},"modified":"2011-10-19T06:06:42","modified_gmt":"2011-10-19T06:06:42","slug":"pourquoi-choisir-une-politique-qui-ne-beneficie-qu%e2%80%99a-1-de-la-population","status":"publish","type":"post","link":"https:\/\/blog-alexis.monville.com\/en\/2011\/10\/19\/pourquoi-choisir-une-politique-qui-ne-beneficie-qu%e2%80%99a-1-de-la-population\/","title":{"rendered":"Pourquoi choisir une politique qui ne b\u00e9n\u00e9ficie qu\u2019\u00e0 1% de la population ?"},"content":{"rendered":"<p>Les enfants ont toujours de tr\u00e8s bonnes questions. Une des derni\u00e8res qui m\u2019ait demand\u00e9e pas mal d\u2019efforts pour trouver une r\u00e9ponse acceptable est en relation avec le mouvement des 99%. Je vous la livre ici et esp\u00e8re vos r\u00e9flexions pour y apporter une meilleure r\u00e9ponse : \u00absi une\u00a0 politique ne b\u00e9n\u00e9ficie qu\u2019\u00e0 1% de la population, pourquoi plus de 50% de la population d\u2019un pays votent pour un repr\u00e9sentant qui appliquera cette politique ?\u00bb.<\/p>\n<p><strong>Imb\u00e9ciles<\/strong><\/p>\n<p>Comme il s\u2019agit de mes enfants et que le respect des autres me semblent \u00eatre une valeur importante \u00e0 transmettre, se contenter de dire qu\u2019il s\u2019agit d\u2019imb\u00e9ciles ne fait pas partie des r\u00e9ponses acceptables.<\/p>\n<p><strong>Complot<\/strong><\/p>\n<p>Dire qu\u2019ils sont manipul\u00e9s par les m\u00e9dias, par des discours habiles jouant sur leurs peurs ou leur ignorance de certains aspects du fonctionnement de l\u2019\u00e9conomie, de la finance etc&#8230; est une r\u00e9ponse \u00e9galement facile&#8230; mais qui appelle imm\u00e9diatement un pourquoi : \u00abPourquoi leurs adversaires ne le disent pas ?\u00bb (ou plut\u00f4t pourquoi toi tu ne le dis pas ? Et oui ce sont mes enfants et les arguments faciles ne le restent pas tr\u00e8s longtemps&#8230;)<\/p>\n<p><strong>Mode de scrutin<\/strong><\/p>\n<p>L\u2019argument du mode de scrutin a \u00e9t\u00e9 je le crois mon pr\u00e9f\u00e9r\u00e9. M\u00eame si la dur\u00e9e de la r\u00e9ponse fait que je ne suis pas sur qu\u2019ils m\u2019aient vraiment suivi jusqu\u2019au bout ou si ils ont pr\u00e9f\u00e9r\u00e9s abandonner l\u00e0 le questionnement \ud83d\ude09 . L\u2019argument du mode de scrutin se d\u00e9compose comme suit. Au premier tour de l\u2019\u00e9lection, moins de 20% des votants choisissent les candidats arrivants en t\u00eate et \u00e9tant s\u00e9lectionn\u00e9s pour le deuxi\u00e8me tour, la proportion de personnes \u00e0 convaincre qu\u2019ils auraient quelques choses \u00e0 perdre ou \u00e0 gagner en choisissant un candidat qui appliquera pourtant une politique principalement b\u00e9n\u00e9fique au 1% est donc bien moins grande que plus de 49%. Au deuxi\u00e8me tour, n\u2019importe quelle question pos\u00e9e demandant \u00e0 un grand nombre de personne de choisir entre 2 options am\u00e8nera une r\u00e9ponse \u00e0 50\/50 (ou presque&#8230; c\u2019est le presque qui fait le roi). C\u2019est \u00e0 cause de cela que nous pouvons collectivement choisir un repr\u00e9sentant qui agira pour quelques aspects conform\u00e9ment \u00e0 nos valeurs (et \u00e0 nos int\u00e9r\u00eats) et pour de nombreux autres \u00e0 l\u2019oppos\u00e9.<\/p>\n<p><strong>Condorcet<\/strong><\/p>\n<p>Et c\u2019est \u00e0 cause de cela que Condorcet a mis au point un mode de scrutin permettant de repr\u00e9senter le meilleur choix d\u2019un groupe parmi une liste d\u2019options (pour en savoir plus l\u2019article de Wikipedia est une bonne source : <a href=\"http:\/\/fr.wikipedia.org\/wiki\/Nicolas_de_Condorcet#Th.C3.A9oricien_des_syst.C3.A8mes_de_votes\" target=\"_blank\">Nicolas de Condorcet &#8211; Th\u00e9oricien de syst\u00e8mes de vote<\/a>).<\/p>\n<p>Je crois qu\u2019il serait temps de retenir ce mode de scrutin pour choisir nos repr\u00e9sentants \u00e0 la Pr\u00e9sidence, \u00e0 l\u2019assembl\u00e9e, dans les instances territoriales.<\/p>\n<p>Qu&#8217;en pensez-vous ?<\/p>\n","protected":false},"excerpt":{"rendered":"<p>Les enfants ont toujours de tr\u00e8s bonnes questions. Une des derni\u00e8res qui m\u2019ait demand\u00e9e pas mal d\u2019efforts pour trouver une r\u00e9ponse acceptable est en relation avec le mouvement des 99%. Je vous la livre ici et esp\u00e8re vos r\u00e9flexions pour y apporter une meilleure r\u00e9ponse : \u00absi une\u00a0 politique ne b\u00e9n\u00e9ficie qu\u2019\u00e0 1% de la [&hellip;]<\/p>\n","protected":false},"author":1,"featured_media":0,"comment_status":"open","ping_status":"open","sticky":false,"template":"","format":"standard","meta":{"advanced_seo_description":"","jetpack_seo_html_title":"","jetpack_seo_noindex":false,"jetpack_post_was_ever_published":false,"_jetpack_newsletter_access":"","_jetpack_dont_email_post_to_subs":false,"_jetpack_newsletter_tier_id":0,"_jetpack_memberships_contains_paywalled_content":false,"_jetpack_memberships_contains_paid_content":false,"footnotes":""},"categories":[12],"tags":[],"class_list":["post-1243","post","type-post","status-publish","format-standard","hentry","category-europe"],"jetpack_featured_media_url":"","jetpack_shortlink":"https:\/\/wp.me\/paNjQG-k3","jetpack-related-posts":[{"id":1877,"url":"https:\/\/blog-alexis.monville.com\/en\/2014\/05\/20\/et-si-nous-netions-quau-debut\/","url_meta":{"origin":1243,"position":0},"title":"Et si nous n&#8217;\u00e9tions qu&#8217;au d\u00e9but ?","author":"Alexis","date":"May 20, 2014","format":false,"excerpt":"En regardant la conf\u00e9rence d'ouverture donn\u00e9e par Lionel Dricot lors de Mix-IT 2014, je me suis dit qu'il \u00e9tait dommage qu'il n'ait pas parl\u00e9 du revenu de base. En r\u00e9fl\u00e9chissant d'avantage, je me dis que le changement de mod\u00e8le pourrait se faire par la cr\u00e9ation d'une monnaie parall\u00e8le aux monnaies\u2026","rel":"","context":"In &quot;General&quot;","block_context":{"text":"General","link":"https:\/\/blog-alexis.monville.com\/en\/category\/all\/"},"img":{"alt_text":"","src":"https:\/\/i0.wp.com\/blog-alexis.monville.com\/en\/wp-content\/uploads\/sites\/2\/2014\/05\/ploum-mixit14.jpg?fit=957%2C638&ssl=1&resize=350%2C200","width":350,"height":200,"srcset":"https:\/\/i0.wp.com\/blog-alexis.monville.com\/en\/wp-content\/uploads\/sites\/2\/2014\/05\/ploum-mixit14.jpg?fit=957%2C638&ssl=1&resize=350%2C200 1x, https:\/\/i0.wp.com\/blog-alexis.monville.com\/en\/wp-content\/uploads\/sites\/2\/2014\/05\/ploum-mixit14.jpg?fit=957%2C638&ssl=1&resize=525%2C300 1.5x, https:\/\/i0.wp.com\/blog-alexis.monville.com\/en\/wp-content\/uploads\/sites\/2\/2014\/05\/ploum-mixit14.jpg?fit=957%2C638&ssl=1&resize=700%2C400 2x"},"classes":[]},{"id":91,"url":"https:\/\/blog-alexis.monville.com\/en\/2008\/04\/17\/que-faire-de-l%e2%80%99heritage\/","url_meta":{"origin":1243,"position":1},"title":"Que faire de l\u2019h\u00e9ritage ?","author":"Alexis","date":"April 17, 2008","format":false,"excerpt":"Pour \u00eatre plus pr\u00e9cis : que faire de notre h\u00e9ritage culturel ? Quelles actions mener pour donner acc\u00e8s \u00e0 cet h\u00e9ritage culturel d\u2019une incroyable richesse et diversit\u00e9 dont nous disposons en France ? Quelles actions mener pour assurer sa p\u00e9rennit\u00e9 et permettre son enrichissement continu ? L\u2019acc\u00e8s \u00e0 cet h\u00e9ritage\u2026","rel":"","context":"In &quot;General&quot;","block_context":{"text":"General","link":"https:\/\/blog-alexis.monville.com\/en\/category\/all\/"},"img":{"alt_text":"","src":"","width":0,"height":0},"classes":[]},{"id":55,"url":"https:\/\/blog-alexis.monville.com\/en\/2007\/03\/24\/de-lusage-du-mail\/","url_meta":{"origin":1243,"position":2},"title":"de l\u2019usage du mail","author":"Alexis","date":"March 24, 2007","format":false,"excerpt":"Cet article est une \u00e9bauche que je compl\u00e9terai... Pour paraphraser une remarque \u00e9mise lors de l'invention du t\u00e9l\u00e9phone.... Le courrier \u00e9lectronique a tant de d\u00e9faut que l'on ne peut le consid\u00e9rer comme un outil de communication. Le courriel est le service le plus utilis\u00e9 aujourd'hui sur Internet, l'usage continue de\u2026","rel":"","context":"In &quot;General&quot;","block_context":{"text":"General","link":"https:\/\/blog-alexis.monville.com\/en\/category\/all\/"},"img":{"alt_text":"","src":"","width":0,"height":0},"classes":[]},{"id":163,"url":"https:\/\/blog-alexis.monville.com\/en\/2008\/09\/20\/patriotisme-economique\/","url_meta":{"origin":1243,"position":3},"title":"Patriotisme \u00e9conomique","author":"Alexis","date":"September 20, 2008","format":false,"excerpt":"Le patriotisme \u00e9conomique : une nouvelle politique industrielle pour le XXIe si\u00e8cle ?\u00a0 Pour \u00e9clairer la question pos\u00e9e pour cette nouvelle session des Rencontres \u00e9conomiques de l\u2019IGPDE (18 septembre 2008), Martin Pi\u00e9tri, qui rempla\u00e7ait au pied lev\u00e9 l\u2019animateur habituel Didier Ad\u00e8s, citait une source anonyme (et \u00e9nerv\u00e9e) du SGDN\u00a0: \u00ab\u00a0avec\u2026","rel":"","context":"In &quot;General&quot;","block_context":{"text":"General","link":"https:\/\/blog-alexis.monville.com\/en\/category\/all\/"},"img":{"alt_text":"","src":"","width":0,"height":0},"classes":[]},{"id":936,"url":"https:\/\/blog-alexis.monville.com\/en\/2010\/11\/14\/tva-revenu-universel\/","url_meta":{"origin":1243,"position":4},"title":"TVA \u00e0 100% ?","author":"Alexis","date":"November 14, 2010","format":false,"excerpt":"Avec un produit int\u00e9rieur brut d'environ 2000 milliards d'euros et un budget cumul\u00e9 de l'Etat, des collectivit\u00e9s territoriales et des comptes sociaux d'environ 1000 milliards d'euros, c'est en effet \u00e0 100% qu'il faudrait fixer le taux de TVA afin de faire de cette taxe le seul imp\u00f4t pr\u00e9lev\u00e9 en France.\u2026","rel":"","context":"In &quot;Explorateurs&quot;","block_context":{"text":"Explorateurs","link":"https:\/\/blog-alexis.monville.com\/en\/category\/explorateurs\/"},"img":{"alt_text":"","src":"https:\/\/i0.wp.com\/blog-alexis.monville.com\/wp-content\/uploads\/sites\/2\/2010\/11\/piece-euro.png?resize=350%2C200&ssl=1","width":350,"height":200},"classes":[]},{"id":1122,"url":"https:\/\/blog-alexis.monville.com\/en\/2011\/06\/13\/les-indignes\/","url_meta":{"origin":1243,"position":5},"title":"Les indign\u00e9s","author":"Alexis","date":"June 13, 2011","format":false,"excerpt":"A l'heure ou les indign\u00e9s quittent la place qu'ils avaient investis depuis le 15 mai \u00e0 Madrid, je reviens sur la revendication qui m'a le plus surpris : Nous voulons la d\u00e9mocratie Surpris, car ce que nous avions commun\u00e9ment admis comme des revendications de d\u00e9mocratie pour la Tunisie, l'Egypte, la\u2026","rel":"","context":"In &quot;General&quot;","block_context":{"text":"General","link":"https:\/\/blog-alexis.monville.com\/en\/category\/all\/"},"img":{"alt_text":"","src":"","width":0,"height":0},"classes":[]}],"jetpack_sharing_enabled":true,"_links":{"self":[{"href":"https:\/\/blog-alexis.monville.com\/en\/wp-json\/wp\/v2\/posts\/1243","targetHints":{"allow":["GET"]}}],"collection":[{"href":"https:\/\/blog-alexis.monville.com\/en\/wp-json\/wp\/v2\/posts"}],"about":[{"href":"https:\/\/blog-alexis.monville.com\/en\/wp-json\/wp\/v2\/types\/post"}],"author":[{"embeddable":true,"href":"https:\/\/blog-alexis.monville.com\/en\/wp-json\/wp\/v2\/users\/1"}],"replies":[{"embeddable":true,"href":"https:\/\/blog-alexis.monville.com\/en\/wp-json\/wp\/v2\/comments?post=1243"}],"version-history":[{"count":7,"href":"https:\/\/blog-alexis.monville.com\/en\/wp-json\/wp\/v2\/posts\/1243\/revisions"}],"predecessor-version":[{"id":1251,"href":"https:\/\/blog-alexis.monville.com\/en\/wp-json\/wp\/v2\/posts\/1243\/revisions\/1251"}],"wp:attachment":[{"href":"https:\/\/blog-alexis.monville.com\/en\/wp-json\/wp\/v2\/media?parent=1243"}],"wp:term":[{"taxonomy":"category","embeddable":true,"href":"https:\/\/blog-alexis.monville.com\/en\/wp-json\/wp\/v2\/categories?post=1243"},{"taxonomy":"post_tag","embeddable":true,"href":"https:\/\/blog-alexis.monville.com\/en\/wp-json\/wp\/v2\/tags?post=1243"}],"curies":[{"name":"wp","href":"https:\/\/api.w.org\/{rel}","templated":true}]}}