{"id":1232,"date":"2011-10-12T07:32:02","date_gmt":"2011-10-12T07:32:02","guid":{"rendered":"https:\/\/blog-alexis.monville.com\/?p=1232"},"modified":"2011-10-12T08:08:39","modified_gmt":"2011-10-12T08:08:39","slug":"99","status":"publish","type":"post","link":"https:\/\/blog-alexis.monville.com\/en\/2011\/10\/12\/99\/","title":{"rendered":"99%"},"content":{"rendered":"<p><a href=\"http:\/\/15october.net\/fr\/\"><img data-recalc-dims=\"1\" loading=\"lazy\" decoding=\"async\" data-attachment-id=\"1233\" data-permalink=\"https:\/\/blog-alexis.monville.com\/en\/2011\/10\/12\/99\/rrss-02-300x300\/\" data-orig-file=\"https:\/\/i0.wp.com\/blog-alexis.monville.com\/en\/wp-content\/uploads\/sites\/2\/2011\/10\/rrss-02-300x300.png?fit=300%2C300&amp;ssl=1\" data-orig-size=\"300,300\" data-comments-opened=\"1\" data-image-meta=\"{&quot;aperture&quot;:&quot;0&quot;,&quot;credit&quot;:&quot;&quot;,&quot;camera&quot;:&quot;&quot;,&quot;caption&quot;:&quot;&quot;,&quot;created_timestamp&quot;:&quot;0&quot;,&quot;copyright&quot;:&quot;&quot;,&quot;focal_length&quot;:&quot;0&quot;,&quot;iso&quot;:&quot;0&quot;,&quot;shutter_speed&quot;:&quot;0&quot;,&quot;title&quot;:&quot;&quot;}\" data-image-title=\"rrss-02-300&amp;#215;300\" data-image-description=\"\" data-image-caption=\"\" data-large-file=\"https:\/\/i0.wp.com\/blog-alexis.monville.com\/en\/wp-content\/uploads\/sites\/2\/2011\/10\/rrss-02-300x300.png?fit=300%2C300&amp;ssl=1\" class=\"alignleft size-full wp-image-1233\" title=\"rrss-02-300x300\" src=\"https:\/\/i0.wp.com\/blog-alexis.monville.com\/wp-content\/uploads\/sites\/2\/2011\/10\/rrss-02-300x300.png?resize=300%2C300&#038;ssl=1\" alt=\"\" width=\"300\" height=\"300\" srcset=\"https:\/\/i0.wp.com\/blog-alexis.monville.com\/en\/wp-content\/uploads\/sites\/2\/2011\/10\/rrss-02-300x300.png?resize=300%2C300&amp;ssl=1 300w, https:\/\/i0.wp.com\/blog-alexis.monville.com\/en\/wp-content\/uploads\/sites\/2\/2011\/10\/rrss-02-300x300.png?resize=150%2C150&amp;ssl=1 150w\" sizes=\"auto, (max-width: 300px) 100vw, 300px\" \/><\/a>Le mouvement d&#8217;indignation contre le status quo d&#8217;une situation injuste qui profite \u00e0 1% de la population mondiale grandi et se coordonne grace \u00e0 Internet. Au point que cette coordination inqui\u00e8te et fait craindre \u00e0 certains un automne \u00e0 l&#8217;image du &#8220;printemps arabe&#8221;.<\/p>\n<p>La prochaine \u00e9tape est une manifestation mondiale pour <a href=\"http:\/\/15october.net\/fr\/\" target=\"_blank\">le 15 octobre<\/a>\u00a0dont je reproduis l&#8217;appel ici :<\/p>\n<h2>Le 15 octobre \u2013 Tous ensemble pour un\u00a0<strong>changement mondial<\/strong><\/h2>\n<p>Le 15 octobre des gens du monde entier descendront dans les rues et sur les places. De l\u2019Am\u00e9rique \u00e0 l\u2019Asie, de l\u2019Afrique \u00e0 l\u2019Europe, ces personnes se mobilisent pour r\u00e9clamer leurs droits et exiger une vraie d\u00e9mocratie. Maintenant il est temps de nous r\u00e9unir dans une protestation mondiale non-violente.<\/p>\n<p id=\"magicdomid27\">Le pouvoir en place travaille au profit de quelques-uns en ignorant aussi bien la volont\u00e9 de la majorit\u00e9 que le prix humain et environnemental que nous payons. Cette situation intol\u00e9rable doit cesser.<\/p>\n<p>Unis d\u2019une seule voix, nous allons faire savoir aux politiciens, et aux \u00e9lites financi\u00e8res qu\u2019ils servent, que c\u2019est \u00e0 nous, le peuple, de d\u00e9cider de notre avenir.<\/p>\n<p>Nous ne sommes pas des marchandises entre leurs mains, ni entre celles des banquiers, qui ne nous repr\u00e9sentent pas.<\/p>\n<p>Le 15 octobre nous nous rencontrerons dans les rues afin d\u2019initier le changement mondial que nous voulons. Nous allons manifester pacifiquement, d\u00e9battre et nous organiser jusqu\u2019\u00e0 l\u2019obtenir.<\/p>\n<p>Il est temps de nous unir. Il est temps pour eux de nous \u00e9couter.<\/p>\n<h2>Peuples du monde, mobilisez-vous le 15 Octobre!<\/h2>\n","protected":false},"excerpt":{"rendered":"<p>Le mouvement d&#8217;indignation contre le status quo d&#8217;une situation injuste qui profite \u00e0 1% de la population mondiale grandi et se coordonne grace \u00e0 Internet. Au point que cette coordination inqui\u00e8te et fait craindre \u00e0 certains un automne \u00e0 l&#8217;image du &#8220;printemps arabe&#8221;. La prochaine \u00e9tape est une manifestation mondiale pour le 15 octobre\u00a0dont je [&hellip;]<\/p>\n","protected":false},"author":1,"featured_media":0,"comment_status":"open","ping_status":"open","sticky":false,"template":"","format":"standard","meta":{"advanced_seo_description":"","jetpack_seo_html_title":"","jetpack_seo_noindex":false,"jetpack_post_was_ever_published":false,"_jetpack_newsletter_access":"","_jetpack_dont_email_post_to_subs":false,"_jetpack_newsletter_tier_id":0,"_jetpack_memberships_contains_paywalled_content":false,"_jetpack_memberships_contains_paid_content":false,"footnotes":""},"categories":[1],"tags":[],"class_list":["post-1232","post","type-post","status-publish","format-standard","hentry","category-all"],"jetpack_featured_media_url":"","jetpack_shortlink":"https:\/\/wp.me\/saNjQG-99","jetpack-related-posts":[{"id":233,"url":"https:\/\/blog-alexis.monville.com\/en\/2008\/10\/19\/les-explorateurs-au-forum\/","url_meta":{"origin":1232,"position":0},"title":"Les Explorateurs au Forum&#8230;","author":"Alexis","date":"October 19, 2008","format":false,"excerpt":"Les 17 et 18 octobre, les Explorateurs du web avaient rendez-vous au Forum des Associations de la ville de Paris. De nombreuses rencontres passionnantes, des questions, des id\u00e9es sur les usages du web (qui pour beaucoup est la premi\u00e8re version qu'ils voient et pour qui, donc, l'expression web 2.0 n'a\u2026","rel":"","context":"In &quot;Explorateurs&quot;","block_context":{"text":"Explorateurs","link":"https:\/\/blog-alexis.monville.com\/en\/category\/explorateurs\/"},"img":{"alt_text":"","src":"https:\/\/i0.wp.com\/lh6.ggpht.com\/monville.alexis\/SPsY6YwlyDI\/AAAAAAAACDA\/D-9xHDRk2eA\/s144\/explorateurs-forum-association.jpg?resize=350%2C200","width":350,"height":200},"classes":[]},{"id":634,"url":"https:\/\/blog-alexis.monville.com\/en\/2009\/08\/01\/owf-owf2009le-facteur-humain-au-coeur-de-lindustrie-du-logiciel-libre\/","url_meta":{"origin":1232,"position":1},"title":"Le facteur humain&#8230; au coeur de l&#8217;industrie du logiciel libre","author":"Alexis","date":"August 1, 2009","format":false,"excerpt":"Le FLOSS, l'OpenSource, le logiciel libre... Un truc de geek, de techos, de chevelus... Cette image est bien sur erron\u00e9e et les Directeurs des Syst\u00e8mes d'Information qui ont adopt\u00e9s des solutions sous licences libres se sont \u00e9galement fait les farouches partisants d'un mod\u00e8le qui leur permet de reprendre la ma\u00eetrise\u2026","rel":"","context":"In &quot;Interventions&quot;","block_context":{"text":"Interventions","link":"https:\/\/blog-alexis.monville.com\/en\/category\/interventions\/"},"img":{"alt_text":"OWF 2009","src":"http:\/\/openworldforum.org\/owf\/portal\/contact\/OWF_200x216.jpg\/image_preview","width":350,"height":200},"classes":[]},{"id":643,"url":"https:\/\/blog-alexis.monville.com\/en\/2009\/09\/02\/le-facteur-humain-coeur-de-lindustrie-du-logiciel-libre\/","url_meta":{"origin":1232,"position":2},"title":"Le facteur humain&#8230; coeur de l&#8217;Industrie du logiciel libre","author":"Alexis","date":"September 2, 2009","format":false,"excerpt":"Paris, le 2 octobre 2009, dans le cadre du forum mondial du libre (Open World Forum) se tiendra la conf\u00e9rence : \"Le facteur humain... coeur de l'Industrie du logiciel libre.\" Comment la dimension humaine collaborative et le mode de croissance organique du Logiciel Libre peuvent transformer en profondeur le monde\u2026","rel":"","context":"In &quot;ayeba&quot;","block_context":{"text":"ayeba","link":"https:\/\/blog-alexis.monville.com\/en\/category\/ayeba\/"},"img":{"alt_text":"OWF 2009","src":"http:\/\/openworldforum.org\/owf\/portal\/contact\/OWF_200x216.jpg\/image_preview","width":350,"height":200},"classes":[]},{"id":1519,"url":"https:\/\/blog-alexis.monville.com\/en\/2013\/03\/25\/materiel-libre\/","url_meta":{"origin":1232,"position":3},"title":"Mat\u00e9riel libre","author":"Alexis","date":"March 25, 2013","format":false,"excerpt":"Cela fait plusieurs mois que j'ai en chantier un article dans lequel je voulais aborder plusieurs aspects du mat\u00e9riel libre. Si aujourd'hui, je me sens un peu press\u00e9 par le temps, c'est que je voulais terminer l'article par une invitation \u00e0 vous faire participer \u00e0 un \u00e9v\u00e9nement pr\u00e8s de chez\u2026","rel":"","context":"In &quot;General&quot;","block_context":{"text":"General","link":"https:\/\/blog-alexis.monville.com\/en\/category\/all\/"},"img":{"alt_text":"","src":"https:\/\/i0.wp.com\/blog-alexis.monville.com\/en\/wp-content\/uploads\/sites\/2\/2013\/03\/arduino_due_in_hand.jpg?fit=410%2C410&ssl=1&resize=350%2C200","width":350,"height":200},"classes":[]},{"id":796,"url":"https:\/\/blog-alexis.monville.com\/en\/2010\/03\/11\/logiciel-libre\/","url_meta":{"origin":1232,"position":4},"title":"Logiciel libre","author":"Alexis","date":"March 11, 2010","format":false,"excerpt":"En quelques mots aujourd'hui pour : vous inviter \u00e0 noter dans vos agendas que le Salon Solutions Linux se tiendra \u00e0 la porte de Versailles du 16 au 18 mars, je vous souhaite nombreux pour la conf\u00e9rence Administration et Libre le 17 mars \u00e0 9h00, vous encourager \u00e0 r\u00e9agir \u00e0\u2026","rel":"","context":"In &quot;Interventions&quot;","block_context":{"text":"Interventions","link":"https:\/\/blog-alexis.monville.com\/en\/category\/interventions\/"},"img":{"alt_text":"","src":"","width":0,"height":0},"classes":[]},{"id":1185,"url":"https:\/\/blog-alexis.monville.com\/en\/2011\/09\/21\/moi-2-0\/","url_meta":{"origin":1232,"position":5},"title":"Moi 2.0","author":"Alexis","date":"September 21, 2011","format":false,"excerpt":"Connaissez vous Fadhila Brahimi ? Connaissez-vous le personal branding ? Il est tr\u00e8s probable que les r\u00e9ponses \u00e0 ces deux questions soient identiques, car pour moi qui voit Fadhila d\u00e9ployer autant d'\u00e9nergie, depuis tant d'ann\u00e9e, pour promouvoir le concept et transmettre la m\u00e9thode pour b\u00e2tir une marque personnelle, les deux\u2026","rel":"","context":"In &quot;General&quot;","block_context":{"text":"General","link":"https:\/\/blog-alexis.monville.com\/en\/category\/all\/"},"img":{"alt_text":"","src":"http:\/\/www.assoc-amazon.fr\/e\/ir?t=unjounoe-21&l=as2&o=8&a=2848994967","width":350,"height":200},"classes":[]}],"jetpack_sharing_enabled":true,"_links":{"self":[{"href":"https:\/\/blog-alexis.monville.com\/en\/wp-json\/wp\/v2\/posts\/1232","targetHints":{"allow":["GET"]}}],"collection":[{"href":"https:\/\/blog-alexis.monville.com\/en\/wp-json\/wp\/v2\/posts"}],"about":[{"href":"https:\/\/blog-alexis.monville.com\/en\/wp-json\/wp\/v2\/types\/post"}],"author":[{"embeddable":true,"href":"https:\/\/blog-alexis.monville.com\/en\/wp-json\/wp\/v2\/users\/1"}],"replies":[{"embeddable":true,"href":"https:\/\/blog-alexis.monville.com\/en\/wp-json\/wp\/v2\/comments?post=1232"}],"version-history":[{"count":4,"href":"https:\/\/blog-alexis.monville.com\/en\/wp-json\/wp\/v2\/posts\/1232\/revisions"}],"predecessor-version":[{"id":1238,"href":"https:\/\/blog-alexis.monville.com\/en\/wp-json\/wp\/v2\/posts\/1232\/revisions\/1238"}],"wp:attachment":[{"href":"https:\/\/blog-alexis.monville.com\/en\/wp-json\/wp\/v2\/media?parent=1232"}],"wp:term":[{"taxonomy":"category","embeddable":true,"href":"https:\/\/blog-alexis.monville.com\/en\/wp-json\/wp\/v2\/categories?post=1232"},{"taxonomy":"post_tag","embeddable":true,"href":"https:\/\/blog-alexis.monville.com\/en\/wp-json\/wp\/v2\/tags?post=1232"}],"curies":[{"name":"wp","href":"https:\/\/api.w.org\/{rel}","templated":true}]}}