{"id":1192,"date":"2006-02-01T23:57:08","date_gmt":"2006-02-01T22:57:08","guid":{"rendered":"http:\/\/alexismonville.wordpress.com\/2006\/02\/01\/conferences-adele-au-salon-solution-linux-2006\/"},"modified":"2006-02-01T23:57:08","modified_gmt":"2006-02-01T22:57:08","slug":"conferences-adele-au-salon-solution-linux-2006","status":"publish","type":"post","link":"https:\/\/blog-alexis.monville.com\/en\/2006\/02\/01\/conferences-adele-au-salon-solution-linux-2006\/","title":{"rendered":"Conf\u00e9rences Ad\u00e8le au Salon Solution Linux 2006"},"content":{"rendered":"<p>J&#8217;ai eu le plaisir de co-organiser avec Jean-Paul Degorce-Dumas les conf\u00e9rences Ad\u00e8le qui se sont d\u00e9roul\u00e9es, dans le cadre du Salon Solution Linux, le 1er f\u00e9vrier 2006.<\/p>\n<p>Ces conf\u00e9rences pr\u00e9sentaient les avanc\u00e9es de certaines administration dans l&#8217;am\u00e9lioration de leurs syst\u00e8mes d&#8217;informations par l&#8217;usage de solution sous licences libres.<\/p>\n<p>Avec les interventions de :<\/p>\n<ul>\n<li>Patrick Guedj &#8211; Minist\u00e8re de l\u2019int\u00e9rieur<br \/>\n<strong>Pr\u00e9sentation de la mission diversification des techniques logicielles<\/strong><\/li>\n<li>Nicolas G\u00e9raud &#8211; Gendarmerie nationale<br \/>\n<strong>Les derniers choix de logiciels libres op\u00e9r\u00e9s par la Gendarmerie. Exemple d\u2019action conjointe avec la communaut\u00e9 Open Source\u00a0: les logiciels OCS Inventory et GPLI<\/strong><\/li>\n<li>Jean-Marie Lapeyre &#8211; Minist\u00e8re des finances<br \/>\n<strong>\u00c9tat de l\u2019offre professionnelle de support et de services en logiciels libres. Point de vue d\u2019un grand utilisateur\u00a0: l\u2019administration fiscale.<\/strong><\/li>\n<li>Thierry Aim\u00e9 &#8211; Minist\u00e8re du budget et de la r\u00e9forme de l\u2019\u00c9tat &#8211; DGME<br \/>\n<strong>AdmiSource la forge d\u2019ADELE<\/strong><\/li>\n<li>Sylvie Mompart &#8211; Minist\u00e8re de l\u2019\u00c9quipement<br \/>\n<strong>La d\u00e9marche \u00c9quiLibre. Accompagnement pour la migration vers OpenOffice.org<\/strong><\/li>\n<li>Pascal Drabik &#8211; Commission europ\u00e9enne<br \/>\n<strong>Travaux en cours et perspectives sur les Free \/ Open Source Software au sein de la Commission europ\u00e9enne<\/strong><\/li>\n<\/ul>\n<p>Pour consulter les supports de pr\u00e9sentation, rendez-vous sur <a href=\"http:\/\/synergies.adele.gouv.fr\">Synergies &#8211; les ressources d&#8217;ADELE<\/a><\/p>\n","protected":false},"excerpt":{"rendered":"<p>J&#8217;ai eu le plaisir de co-organiser avec Jean-Paul Degorce-Dumas les conf\u00e9rences Ad\u00e8le qui se sont d\u00e9roul\u00e9es, dans le cadre du Salon Solution Linux, le 1er f\u00e9vrier 2006. Ces conf\u00e9rences pr\u00e9sentaient les avanc\u00e9es de certaines administration dans l&#8217;am\u00e9lioration de leurs syst\u00e8mes d&#8217;informations par l&#8217;usage de solution sous licences libres. Avec les interventions de : Patrick Guedj [&hellip;]<\/p>\n","protected":false},"author":1,"featured_media":0,"comment_status":"open","ping_status":"open","sticky":false,"template":"","format":"standard","meta":{"advanced_seo_description":"","jetpack_seo_html_title":"","jetpack_seo_noindex":false,"jetpack_post_was_ever_published":false,"_jetpack_newsletter_access":"","_jetpack_dont_email_post_to_subs":false,"_jetpack_newsletter_tier_id":0,"_jetpack_memberships_contains_paywalled_content":false,"_jetpack_memberships_contains_paid_content":false,"footnotes":""},"categories":[1],"tags":[],"class_list":["post-1192","post","type-post","status-publish","format-standard","hentry","category-all"],"jetpack_featured_media_url":"","jetpack_shortlink":"https:\/\/wp.me\/paNjQG-je","jetpack-related-posts":[{"id":49,"url":"https:\/\/blog-alexis.monville.com\/en\/2007\/01\/31\/conferences-adele\/","url_meta":{"origin":1192,"position":0},"title":"Conf\u00e9rences ADELE","author":"Alexis","date":"January 31, 2007","format":false,"excerpt":"J'ai eu le grand plaisir de pr\u00e9sider les conf\u00e9rences ADELE sur le salon solutions linux, je viens de mettre en ligne les pr\u00e9sentation sur Synergies. Le programme des interventions : Conf\u00e9rences Ad\u00e8le au Salon Solution Linux 2007 31 janvier 2007 - 9h30 \u00e0 12h30 - CNIT \u2013 S5 \u2013 Doppler\u2026","rel":"","context":"In &quot;International&quot;","block_context":{"text":"International","link":"https:\/\/blog-alexis.monville.com\/en\/category\/international\/"},"img":{"alt_text":"","src":"","width":0,"height":0},"classes":[]},{"id":742,"url":"https:\/\/blog-alexis.monville.com\/en\/2010\/02\/02\/ladministration-et-le-libre\/","url_meta":{"origin":1192,"position":1},"title":"L&#8217;administration et le libre","author":"Alexis","date":"February 2, 2010","format":false,"excerpt":"La conf\u00e9rence sur l'administration et le libre se tiendra le mercredi 17 mars de 9h00-12h30 (Salle Rubis) dans le cadre du salon solutions linux. La France est parmi les pays europ\u00e9ens celui qui utilise et d\u00e9veloppe le plus les logiciels libres pour les besoins de service public. En continuit\u00e9 des\u2026","rel":"","context":"In &quot;Interventions&quot;","block_context":{"text":"Interventions","link":"https:\/\/blog-alexis.monville.com\/en\/category\/interventions\/"},"img":{"alt_text":"","src":"https:\/\/i0.wp.com\/www.solutionslinux.fr\/linux\/images\/logo.gif?resize=350%2C200","width":350,"height":200},"classes":[]},{"id":14,"url":"https:\/\/blog-alexis.monville.com\/en\/2006\/05\/15\/les-rendez-vous-du-cete-logiciel-libre-enjeux-et-perspectives\/","url_meta":{"origin":1192,"position":2},"title":"Les Rendez-Vous du CETE \u201cLogiciel libre : enjeux et perspectives\u201d","author":"Alexis","date":"May 15, 2006","format":false,"excerpt":"Invit\u00e9 \u00e0 repr\u00e9senter la Direction G\u00e9n\u00e9rale de la Modernisation de l'Etat lors des Conf\u00e9rences organis\u00e9es par le CETENord-Picardie : \"pour comprendre le pr\u00e9sent et construire l\u2019avenir\" A compl\u00e8ter avec le lien vers les pr\u00e9sentations de l'Adullact et du minist\u00e8re de l'\u00e9quipement et la mienne... Programme : 14h00 - Propos introductif\u2026","rel":"","context":"In &quot;Interventions&quot;","block_context":{"text":"Interventions","link":"https:\/\/blog-alexis.monville.com\/en\/category\/interventions\/"},"img":{"alt_text":"","src":"","width":0,"height":0},"classes":[]},{"id":666,"url":"https:\/\/blog-alexis.monville.com\/en\/2009\/10\/17\/appel-a-communication-pour-solutions-linux-2010\/","url_meta":{"origin":1192,"position":3},"title":"Appel \u00e0 communication pour Solutions Linux 2010","author":"Alexis","date":"October 17, 2009","format":false,"excerpt":"Une conf\u00e9rence gratuite \"L'administration et le libre\" est propos\u00e9e lors de la prochaine \u00e9dition du salon Solutions Linux qui se d\u00e9roulera du 16 au 18 mars 2010. L'appel \u00e0 communication est publi\u00e9 et vous avez jusqu'au 6 novembre pour proposer vos interventions Pour en savoir plus vous pouvez consulter les\u2026","rel":"","context":"In &quot;International&quot;","block_context":{"text":"International","link":"https:\/\/blog-alexis.monville.com\/en\/category\/international\/"},"img":{"alt_text":"image001","src":"https:\/\/i0.wp.com\/blog-alexis.monville.com\/wp-content\/uploads\/sites\/2\/2009\/10\/image001.jpg?resize=350%2C200&ssl=1","width":350,"height":200},"classes":[]},{"id":47,"url":"https:\/\/blog-alexis.monville.com\/en\/2006\/12\/25\/adieu-2006-bonjour-2007\/","url_meta":{"origin":1192,"position":4},"title":"Adieu 2006\u2026 Bonjour 2007 !","author":"Alexis","date":"December 25, 2006","format":false,"excerpt":"2006 va se terminer, c'est \u00e9videment l'heure r\u00eav\u00e9e pour un bilan qui servira \u00e0 pr\u00e9parer au mieux 2007 ! L'ann\u00e9e a commenc\u00e9 avec une nouvelle direction g\u00e9n\u00e9rale de la modernisation de l'\u00e9tat du minist\u00e8re de l'\u00e9conomie, des finances et de l'industrie pour prendre en charge le d\u00e9veloppement de l'administration \u00e9lectronique\u2026","rel":"","context":"In &quot;General&quot;","block_context":{"text":"General","link":"https:\/\/blog-alexis.monville.com\/en\/category\/all\/"},"img":{"alt_text":"","src":"","width":0,"height":0},"classes":[]},{"id":685,"url":"https:\/\/blog-alexis.monville.com\/en\/2009\/11\/19\/solutions-linux-2010\/","url_meta":{"origin":1192,"position":5},"title":"Solutions Linux 2010","author":"Alexis","date":"November 19, 2009","format":false,"excerpt":"Aujourd'hui se r\u00e9unissait le comit\u00e9 de programme en vue de la pr\u00e9paration du salon Solutions Linux les 16, 17 et 18 mars 2010. 128 propositions d'interventions pour venir nourrir le programme de formations et de conf\u00e9rences se d\u00e9roulant sur le salon. D'excellentes propositions pour la conf\u00e9rence Administration et Libre que\u2026","rel":"","context":"In &quot;ayeba&quot;","block_context":{"text":"ayeba","link":"https:\/\/blog-alexis.monville.com\/en\/category\/ayeba\/"},"img":{"alt_text":"image001","src":"https:\/\/i0.wp.com\/blog-alexis.monville.com\/wp-content\/uploads\/sites\/2\/2009\/10\/image001.jpg?resize=350%2C200&ssl=1","width":350,"height":200},"classes":[]}],"jetpack_sharing_enabled":true,"_links":{"self":[{"href":"https:\/\/blog-alexis.monville.com\/en\/wp-json\/wp\/v2\/posts\/1192","targetHints":{"allow":["GET"]}}],"collection":[{"href":"https:\/\/blog-alexis.monville.com\/en\/wp-json\/wp\/v2\/posts"}],"about":[{"href":"https:\/\/blog-alexis.monville.com\/en\/wp-json\/wp\/v2\/types\/post"}],"author":[{"embeddable":true,"href":"https:\/\/blog-alexis.monville.com\/en\/wp-json\/wp\/v2\/users\/1"}],"replies":[{"embeddable":true,"href":"https:\/\/blog-alexis.monville.com\/en\/wp-json\/wp\/v2\/comments?post=1192"}],"version-history":[{"count":0,"href":"https:\/\/blog-alexis.monville.com\/en\/wp-json\/wp\/v2\/posts\/1192\/revisions"}],"wp:attachment":[{"href":"https:\/\/blog-alexis.monville.com\/en\/wp-json\/wp\/v2\/media?parent=1192"}],"wp:term":[{"taxonomy":"category","embeddable":true,"href":"https:\/\/blog-alexis.monville.com\/en\/wp-json\/wp\/v2\/categories?post=1192"},{"taxonomy":"post_tag","embeddable":true,"href":"https:\/\/blog-alexis.monville.com\/en\/wp-json\/wp\/v2\/tags?post=1192"}],"curies":[{"name":"wp","href":"https:\/\/api.w.org\/{rel}","templated":true}]}}