{"id":1191,"date":"2005-12-13T23:59:25","date_gmt":"2005-12-13T21:59:25","guid":{"rendered":"http:\/\/alexismonville.wordpress.com\/2005\/12\/13\/guide-share-ibm-logiciels-libres\/"},"modified":"2005-12-13T23:59:25","modified_gmt":"2005-12-13T21:59:25","slug":"guide-share-ibm-logiciels-libres","status":"publish","type":"post","link":"https:\/\/blog-alexis.monville.com\/en\/2005\/12\/13\/guide-share-ibm-logiciels-libres\/","title":{"rendered":"GUIDE Share IBM &#8211; Logiciels Libres"},"content":{"rendered":"<p>Invit\u00e9 \u00e0 pr\u00e9senter AdmiSource &#8211; La forge d&#8217;<a href=\"http:\/\/fr.wikipedia.org\/wiki\/ADELE\">ADELE<\/a> au <a href=\"http:\/\/www.gsefr.org\/working_group\/wg_linux.htm\">GUIDE Share IBM Linux<\/a>, (club des utilisateurs IBM)<br \/>\nDes rencontres int\u00e9ressantes, des \u00e9changes int\u00e9ressants&#8230;<\/p>\n<p>A suivre !<\/p>\n","protected":false},"excerpt":{"rendered":"<p>Invit\u00e9 \u00e0 pr\u00e9senter AdmiSource &#8211; La forge d&#8217;ADELE au GUIDE Share IBM Linux, (club des utilisateurs IBM) Des rencontres int\u00e9ressantes, des \u00e9changes int\u00e9ressants&#8230; A suivre !<\/p>\n","protected":false},"author":1,"featured_media":0,"comment_status":"open","ping_status":"open","sticky":false,"template":"","format":"standard","meta":{"advanced_seo_description":"","jetpack_seo_html_title":"","jetpack_seo_noindex":false,"jetpack_post_was_ever_published":false,"_jetpack_newsletter_access":"","_jetpack_dont_email_post_to_subs":false,"_jetpack_newsletter_tier_id":0,"_jetpack_memberships_contains_paywalled_content":false,"_jetpack_memberships_contains_paid_content":false,"footnotes":""},"categories":[1],"tags":[],"class_list":["post-1191","post","type-post","status-publish","format-standard","hentry","category-all"],"jetpack_featured_media_url":"","jetpack_shortlink":"https:\/\/wp.me\/paNjQG-jd","jetpack-related-posts":[{"id":51,"url":"https:\/\/blog-alexis.monville.com\/en\/2007\/02\/16\/club-01-dsi-business-intelligence\/","url_meta":{"origin":1191,"position":0},"title":"Club 01 DSI &#8211; Business Intelligence","author":"Alexis","date":"February 16, 2007","format":false,"excerpt":"J'ai particip\u00e9 \u00e0 cette rencontre du club, afin d'en savoir plus sur ce sujet \"aide \u00e0 la d\u00e9cision\" (c'est la d\u00e9nomination retenue pour une des Initiatives ADELE de notre Sch\u00e9ma Directeur). Petite d\u00e9ception : cette matin\u00e9e n'\u00e9tait pas au niveau des pr\u00e9c\u00e9dents rendez-vous. Philippe Nieuwbourg avait en charge la premi\u00e8re\u2026","rel":"","context":"In &quot;General&quot;","block_context":{"text":"General","link":"https:\/\/blog-alexis.monville.com\/en\/category\/all\/"},"img":{"alt_text":"","src":"","width":0,"height":0},"classes":[]},{"id":389,"url":"https:\/\/blog-alexis.monville.com\/en\/2009\/02\/14\/administration-electronique-la-fin-de-synergies\/","url_meta":{"origin":1191,"position":1},"title":"La fin de Synergies","author":"Alexis","date":"February 14, 2009","format":false,"excerpt":"Cette fois, c'est vraiment la fin de Synergies, le site web 2.0 de l'administration \u00e9lectronique lanc\u00e9 en 2006. A la recherche d'un document sur MAREVA (M\u00e9thode d'Analyse de la valeur initi\u00e9e par l'ADAE), je suis tomb\u00e9 sur cette page indiquant la fermeture d\u00e9finitive de ce site et la redirection vers\u2026","rel":"","context":"In &quot;General&quot;","block_context":{"text":"General","link":"https:\/\/blog-alexis.monville.com\/en\/category\/all\/"},"img":{"alt_text":"synergies-la-fin","src":"https:\/\/i0.wp.com\/blog-alexis.monville.com\/wp-content\/uploads\/sites\/2\/2009\/02\/synergies-la-fin.jpg?resize=350%2C200&ssl=1","width":350,"height":200},"classes":[]},{"id":1569,"url":"https:\/\/blog-alexis.monville.com\/en\/2013\/04\/21\/radical-management\/","url_meta":{"origin":1191,"position":2},"title":"Radical Management","author":"Alexis","date":"April 21, 2013","format":false,"excerpt":"Radical Management... ou plut\u00f4t\u00a0The Leader's Guide to Radical Management: Reinventing the Workplace for the 21st Century\u00a0est le dernier ouvrage de Stephen Denning. Ce livre propose 7 principes permettant de r\u00e9inventer le management. Steve Denning utilise des exemples r\u00e9\u00e9ls d'entreprises pour illustrer les principes et d\u00e9crire les pratiques associ\u00e9es. Curieux de\u2026","rel":"","context":"In &quot;livre&quot;","block_context":{"text":"livre","link":"https:\/\/blog-alexis.monville.com\/en\/category\/livre\/"},"img":{"alt_text":"radical-management","src":"https:\/\/i0.wp.com\/blog-alexis.monville.com\/wp-content\/uploads\/sites\/2\/2013\/04\/radical-management.jpg?resize=350%2C200&ssl=1","width":350,"height":200},"classes":[]},{"id":742,"url":"https:\/\/blog-alexis.monville.com\/en\/2010\/02\/02\/ladministration-et-le-libre\/","url_meta":{"origin":1191,"position":3},"title":"L&#8217;administration et le libre","author":"Alexis","date":"February 2, 2010","format":false,"excerpt":"La conf\u00e9rence sur l'administration et le libre se tiendra le mercredi 17 mars de 9h00-12h30 (Salle Rubis) dans le cadre du salon solutions linux. La France est parmi les pays europ\u00e9ens celui qui utilise et d\u00e9veloppe le plus les logiciels libres pour les besoins de service public. En continuit\u00e9 des\u2026","rel":"","context":"In &quot;Interventions&quot;","block_context":{"text":"Interventions","link":"https:\/\/blog-alexis.monville.com\/en\/category\/interventions\/"},"img":{"alt_text":"","src":"https:\/\/i0.wp.com\/www.solutionslinux.fr\/linux\/images\/logo.gif?resize=350%2C200","width":350,"height":200},"classes":[]},{"id":5009,"url":"https:\/\/blog-alexis.monville.com\/en\/2023\/12\/31\/beyond-top-ten-my-essential-non-fiction-reads-for-leadership-and-personal-growth\/","url_meta":{"origin":1191,"position":4},"title":"Beyond Top Ten: My Essential Non-Fiction Reads for Leadership and Personal Growth","author":"Alexis","date":"December 31, 2023","format":false,"excerpt":"A few months ago, Kevin Fishner presented me with an intriguing challenge: to list my top non-fiction books. As simple as it sounds, this task quickly unfolded into a reflective journey through the pages that have shaped my understanding of leadership, personal growth, and organizational development. But how does one\u2026","rel":"","context":"In &quot;General&quot;","block_context":{"text":"General","link":"https:\/\/blog-alexis.monville.com\/en\/category\/all\/"},"img":{"alt_text":"","src":"https:\/\/i0.wp.com\/blog-alexis.monville.com\/en\/wp-content\/uploads\/sites\/2\/2023\/12\/tom-hermans-9BoqXzEeQqM-unsplash-1.jpg?fit=1200%2C800&ssl=1&resize=350%2C200","width":350,"height":200,"srcset":"https:\/\/i0.wp.com\/blog-alexis.monville.com\/en\/wp-content\/uploads\/sites\/2\/2023\/12\/tom-hermans-9BoqXzEeQqM-unsplash-1.jpg?fit=1200%2C800&ssl=1&resize=350%2C200 1x, https:\/\/i0.wp.com\/blog-alexis.monville.com\/en\/wp-content\/uploads\/sites\/2\/2023\/12\/tom-hermans-9BoqXzEeQqM-unsplash-1.jpg?fit=1200%2C800&ssl=1&resize=525%2C300 1.5x, https:\/\/i0.wp.com\/blog-alexis.monville.com\/en\/wp-content\/uploads\/sites\/2\/2023\/12\/tom-hermans-9BoqXzEeQqM-unsplash-1.jpg?fit=1200%2C800&ssl=1&resize=700%2C400 2x, https:\/\/i0.wp.com\/blog-alexis.monville.com\/en\/wp-content\/uploads\/sites\/2\/2023\/12\/tom-hermans-9BoqXzEeQqM-unsplash-1.jpg?fit=1200%2C800&ssl=1&resize=1050%2C600 3x"},"classes":[]},{"id":204,"url":"https:\/\/blog-alexis.monville.com\/en\/2008\/10\/13\/un-jour-une-oeuvre-2\/","url_meta":{"origin":1191,"position":5},"title":"Un jour une \u0153uvre","author":"Alexis","date":"October 13, 2008","format":false,"excerpt":"Un jour une \u0153uvre est n\u00e9 de la volont\u00e9 de r\u00e9pondre \u00e0 une question\u00a0: \u00ab\u00a0Comment faire b\u00e9n\u00e9ficier \u00e0 tous de notre h\u00e9ritage culturel ?\u00a0\u00bb. Pour d\u00e9passer cette formulation on pourrait enrichir cette question par quelques autres\u00a0: \u00ab\u00a0Comment permettre d'entrer dans une dynamique de construction\u00a0? Comment apprendre \u00e0 d\u00e9passer les apparences,\u2026","rel":"","context":"In &quot;General&quot;","block_context":{"text":"General","link":"https:\/\/blog-alexis.monville.com\/en\/category\/all\/"},"img":{"alt_text":"","src":"https:\/\/unjouruneoeuvre.files.wordpress.com\/2008\/06\/mazzuoli-death_of_adonis.jpg?w=350&h=200&crop=1","width":350,"height":200},"classes":[]}],"jetpack_sharing_enabled":true,"_links":{"self":[{"href":"https:\/\/blog-alexis.monville.com\/en\/wp-json\/wp\/v2\/posts\/1191","targetHints":{"allow":["GET"]}}],"collection":[{"href":"https:\/\/blog-alexis.monville.com\/en\/wp-json\/wp\/v2\/posts"}],"about":[{"href":"https:\/\/blog-alexis.monville.com\/en\/wp-json\/wp\/v2\/types\/post"}],"author":[{"embeddable":true,"href":"https:\/\/blog-alexis.monville.com\/en\/wp-json\/wp\/v2\/users\/1"}],"replies":[{"embeddable":true,"href":"https:\/\/blog-alexis.monville.com\/en\/wp-json\/wp\/v2\/comments?post=1191"}],"version-history":[{"count":0,"href":"https:\/\/blog-alexis.monville.com\/en\/wp-json\/wp\/v2\/posts\/1191\/revisions"}],"wp:attachment":[{"href":"https:\/\/blog-alexis.monville.com\/en\/wp-json\/wp\/v2\/media?parent=1191"}],"wp:term":[{"taxonomy":"category","embeddable":true,"href":"https:\/\/blog-alexis.monville.com\/en\/wp-json\/wp\/v2\/categories?post=1191"},{"taxonomy":"post_tag","embeddable":true,"href":"https:\/\/blog-alexis.monville.com\/en\/wp-json\/wp\/v2\/tags?post=1191"}],"curies":[{"name":"wp","href":"https:\/\/api.w.org\/{rel}","templated":true}]}}