{"id":1183,"date":"2011-09-20T08:46:21","date_gmt":"2011-09-20T06:46:21","guid":{"rendered":"https:\/\/blog-alexis.monville.com\/?p=1183"},"modified":"2011-10-01T22:27:22","modified_gmt":"2011-10-01T22:27:22","slug":"un-toit-pour-les-abeilles","status":"publish","type":"post","link":"https:\/\/blog-alexis.monville.com\/en\/2011\/09\/20\/un-toit-pour-les-abeilles\/","title":{"rendered":"Un toit pour les abeilles"},"content":{"rendered":"<p><a href=\"http:\/\/www.untoitpourlesabeilles.fr\/\"><img data-recalc-dims=\"1\" loading=\"lazy\" decoding=\"async\" class=\"alignleft\" src=\"https:\/\/i0.wp.com\/www.untoitpourlesabeilles.fr\/images\/logo_utpla.png?resize=190%2C147\" alt=\"\" width=\"190\" height=\"147\" \/><\/a>Surprise ! Un Petit colis dans la boite aux lettres ce matin ! J&#8217;ouvre un peu f\u00e9brile&#8230; Cela doit \u00eatre un effet d&#8217;\u00e9lastique avec les cadeaux de mon enfance&#8230; Et je d\u00e9couvre, emball\u00e9 par un petit mot sympathique de l&#8217;ami <a href=\"http:\/\/twitter.com\/#!\/eloichoplin\" target=\"_blank\">Eloi<\/a> de <a href=\"http:\/\/www.triple-c.fr\/\" target=\"_blank\">Triple C<\/a>, un petit pot de miel !<\/p>\n<p>Pour en savoir plus sur cette initiative qui permet \u00e0 tous de parrainer une ruche pour les abeilles, aller voir <a href=\"http:\/\/www.untoitpourlesabeilles.fr\/\" target=\"_blank\">Un toit pour les abeilles<\/a>, ou lisez ce qu&#8217;en dit <a href=\"http:\/\/www.triple-c.fr\/la-ruche-triple-c\" target=\"_blank\">Triple C<\/a>.<\/p>\n<p>Et vous aussi, vous allez parrainer une ruche.<\/p>\n<p>Bon miel !<\/p>\n","protected":false},"excerpt":{"rendered":"<p>Surprise ! Un Petit colis dans la boite aux lettres ce matin ! J&#8217;ouvre un peu f\u00e9brile&#8230; Cela doit \u00eatre un effet d&#8217;\u00e9lastique avec les cadeaux de mon enfance&#8230; Et je d\u00e9couvre, emball\u00e9 par un petit mot sympathique de l&#8217;ami Eloi de Triple C, un petit pot de miel ! Pour en savoir plus sur [&hellip;]<\/p>\n","protected":false},"author":1,"featured_media":0,"comment_status":"open","ping_status":"open","sticky":false,"template":"","format":"standard","meta":{"advanced_seo_description":"","jetpack_seo_html_title":"","jetpack_seo_noindex":false,"jetpack_post_was_ever_published":false,"_jetpack_newsletter_access":"","_jetpack_dont_email_post_to_subs":false,"_jetpack_newsletter_tier_id":0,"_jetpack_memberships_contains_paywalled_content":false,"_jetpack_memberships_contains_paid_content":false,"footnotes":""},"categories":[3],"tags":[],"class_list":["post-1183","post","type-post","status-publish","format-standard","hentry","category-ayeba"],"jetpack_featured_media_url":"","jetpack_shortlink":"https:\/\/wp.me\/paNjQG-j5","jetpack-related-posts":[{"id":1998,"url":"https:\/\/blog-alexis.monville.com\/en\/2015\/01\/26\/un-changement-bon\/","url_meta":{"origin":1183,"position":0},"title":"Un changement bon","author":"Alexis","date":"January 26, 2015","format":false,"excerpt":"L'id\u00e9e de Kaizen, est de publier un magazine permettant de diffuser des id\u00e9es positives pour permettre de changer le monde pas \u00e0 pas. Ce magazine existe depuis 3 ans et r\u00e9uni une petite communaut\u00e9 de 70000 lecteurs. Le projet de financement auquel je vous invite \u00e0 participer permettra de financer\u2026","rel":"","context":"In &quot;General&quot;","block_context":{"text":"General","link":"https:\/\/blog-alexis.monville.com\/en\/category\/all\/"},"img":{"alt_text":"","src":"https:\/\/i0.wp.com\/blog-alexis.monville.com\/en\/wp-content\/uploads\/sites\/2\/2015\/01\/kaizen.jpg?fit=540%2C295&ssl=1&resize=350%2C200","width":350,"height":200,"srcset":"https:\/\/i0.wp.com\/blog-alexis.monville.com\/en\/wp-content\/uploads\/sites\/2\/2015\/01\/kaizen.jpg?fit=540%2C295&ssl=1&resize=350%2C200 1x, https:\/\/i0.wp.com\/blog-alexis.monville.com\/en\/wp-content\/uploads\/sites\/2\/2015\/01\/kaizen.jpg?fit=540%2C295&ssl=1&resize=525%2C300 1.5x"},"classes":[]},{"id":602,"url":"https:\/\/blog-alexis.monville.com\/en\/2009\/06\/19\/un-jour-une-oeuvre-1-an\/","url_meta":{"origin":1183,"position":1},"title":"Un Jour Une Oeuvre (1 an)","author":"Alexis","date":"June 19, 2009","format":false,"excerpt":"Les superbes photographies de Sylvie Le Bars m'ont donn\u00e9es envie de faire un petit article illustr\u00e9 sur le premier anniversaire du site Internet Un Jour Une Oeuvre. Pour f\u00eater cette premi\u00e8re ann\u00e9e, nous avions rendez-vous pour une cinqui\u00e8me session d'Un Jour Une Oeuvre en direct, au mus\u00e9e Eug\u00e8ne Delacroix. Spei\u2026","rel":"","context":"In &quot;General&quot;","block_context":{"text":"General","link":"https:\/\/blog-alexis.monville.com\/en\/category\/all\/"},"img":{"alt_text":"","src":"https:\/\/i0.wp.com\/farm3.static.flickr.com\/2471\/3629471432_c28076dc07_m_d.jpg?resize=350%2C200","width":350,"height":200},"classes":[]},{"id":291,"url":"https:\/\/blog-alexis.monville.com\/en\/2008\/12\/17\/mantegnaun-jour-une-oeuvre-au-louvre\/","url_meta":{"origin":1183,"position":2},"title":"Un Jour Une \u0152uvre au Louvre","author":"Alexis","date":"December 17, 2008","format":false,"excerpt":"Ce mercredi 12 d\u00e9cembre, nous nous sommes retrouv\u00e9s au Louvre pour visiter l\u2019exposition consacr\u00e9e \u00e0 Mantegna. Nous\u00a0? Nous c\u2019est Ivan (qui raconte l\u2019exp\u00e9rience sur son blog), Jean-Fran\u00e7ois et moi, trois parmi ceux qui avaient envie de participer \u00e0 cette exp\u00e9rience de mutualisation des regards dans le monde r\u00e9el, exp\u00e9rience que\u2026","rel":"","context":"In &quot;General&quot;","block_context":{"text":"General","link":"https:\/\/blog-alexis.monville.com\/en\/category\/all\/"},"img":{"alt_text":"","src":"http:\/\/upload.wikimedia.org\/wikipedia\/commons\/thumb\/4\/4d\/Andrea_Mantegna_089.jpg\/257px-Andrea_Mantegna_089.jpg","width":350,"height":200},"classes":[]},{"id":1090,"url":"https:\/\/blog-alexis.monville.com\/en\/2011\/04\/29\/s-o-h-a\/","url_meta":{"origin":1183,"position":3},"title":"S.O.H.A","author":"Alexis","date":"April 29, 2011","format":false,"excerpt":"S.O.H.A. stands for Sentier Open House Ap\u00e9ros... Rendez-vous p\u00e9riodique dont une \u00e9dition se d\u00e9roulait hier chez Mounir & Simon dans le Sentier haut lieu du num\u00e9rique \u00e0 Paris. Le principe est simple, les participants ont maximum 5 minutes pour \u00abpitcher\u00bb... humm... on a aussi parl\u00e9 international bien sur ;-)... 5\u2026","rel":"","context":"In &quot;General&quot;","block_context":{"text":"General","link":"https:\/\/blog-alexis.monville.com\/en\/category\/all\/"},"img":{"alt_text":"","src":"","width":0,"height":0},"classes":[]},{"id":1781,"url":"https:\/\/blog-alexis.monville.com\/en\/2014\/02\/25\/pedagogie-agile\/","url_meta":{"origin":1183,"position":4},"title":"P\u00e9dagogie agile","author":"Alexis","date":"February 25, 2014","format":false,"excerpt":"Une petite note pour pr\u00e9senter en une vid\u00e9o et un lien, l'approche de p\u00e9dagogie agile propos\u00e9e par Christian den Hartigh. Vous pouvez lire les articles de son blog ici : http:\/\/pedagogieagile.com\/ Vous d\u00e9couvrirez ainsi comment il met en oeuvre un kanban avec ses \u00e9l\u00e8ves, alterne l'apprentissage individuel et l'apprentissage en\u2026","rel":"","context":"In &quot;General&quot;","block_context":{"text":"General","link":"https:\/\/blog-alexis.monville.com\/en\/category\/all\/"},"img":{"alt_text":"","src":"https:\/\/i0.wp.com\/blog-alexis.monville.com\/en\/wp-content\/uploads\/sites\/2\/2014\/02\/cropped-kanban-mai.jpg?fit=960%2C260&ssl=1&resize=350%2C200","width":350,"height":200,"srcset":"https:\/\/i0.wp.com\/blog-alexis.monville.com\/en\/wp-content\/uploads\/sites\/2\/2014\/02\/cropped-kanban-mai.jpg?fit=960%2C260&ssl=1&resize=350%2C200 1x, https:\/\/i0.wp.com\/blog-alexis.monville.com\/en\/wp-content\/uploads\/sites\/2\/2014\/02\/cropped-kanban-mai.jpg?fit=960%2C260&ssl=1&resize=525%2C300 1.5x, https:\/\/i0.wp.com\/blog-alexis.monville.com\/en\/wp-content\/uploads\/sites\/2\/2014\/02\/cropped-kanban-mai.jpg?fit=960%2C260&ssl=1&resize=700%2C400 2x"},"classes":[]},{"id":446,"url":"https:\/\/blog-alexis.monville.com\/en\/2009\/03\/22\/prezi\/","url_meta":{"origin":1183,"position":5},"title":"Prezi","author":"Alexis","date":"March 22, 2009","format":false,"excerpt":"Prezi ? Prezi.com c'est une solution en ligne originale pour votre prochaine pr\u00e9sentation. Une seule planche sur laquelle vous disposez vos textes et images et dans laquelle vous allez pouvoir vous d\u00e9placez, vous approchez afin de lire les petits caract\u00e8res, vous \u00e9loignez pour obtenir une vision globale. Une pr\u00e9sentation \u00e0\u2026","rel":"","context":"In &quot;Explorateurs&quot;","block_context":{"text":"Explorateurs","link":"https:\/\/blog-alexis.monville.com\/en\/category\/explorateurs\/"},"img":{"alt_text":"prezi","src":"https:\/\/i0.wp.com\/blog-alexis.monville.com\/wp-content\/uploads\/sites\/2\/2009\/03\/prezi.gif?resize=350%2C200&ssl=1","width":350,"height":200},"classes":[]}],"jetpack_sharing_enabled":true,"_links":{"self":[{"href":"https:\/\/blog-alexis.monville.com\/en\/wp-json\/wp\/v2\/posts\/1183","targetHints":{"allow":["GET"]}}],"collection":[{"href":"https:\/\/blog-alexis.monville.com\/en\/wp-json\/wp\/v2\/posts"}],"about":[{"href":"https:\/\/blog-alexis.monville.com\/en\/wp-json\/wp\/v2\/types\/post"}],"author":[{"embeddable":true,"href":"https:\/\/blog-alexis.monville.com\/en\/wp-json\/wp\/v2\/users\/1"}],"replies":[{"embeddable":true,"href":"https:\/\/blog-alexis.monville.com\/en\/wp-json\/wp\/v2\/comments?post=1183"}],"version-history":[{"count":1,"href":"https:\/\/blog-alexis.monville.com\/en\/wp-json\/wp\/v2\/posts\/1183\/revisions"}],"predecessor-version":[{"id":1201,"href":"https:\/\/blog-alexis.monville.com\/en\/wp-json\/wp\/v2\/posts\/1183\/revisions\/1201"}],"wp:attachment":[{"href":"https:\/\/blog-alexis.monville.com\/en\/wp-json\/wp\/v2\/media?parent=1183"}],"wp:term":[{"taxonomy":"category","embeddable":true,"href":"https:\/\/blog-alexis.monville.com\/en\/wp-json\/wp\/v2\/categories?post=1183"},{"taxonomy":"post_tag","embeddable":true,"href":"https:\/\/blog-alexis.monville.com\/en\/wp-json\/wp\/v2\/tags?post=1183"}],"curies":[{"name":"wp","href":"https:\/\/api.w.org\/{rel}","templated":true}]}}