{"id":1178,"date":"2011-09-18T20:31:29","date_gmt":"2011-09-18T18:31:29","guid":{"rendered":"https:\/\/blog-alexis.monville.com\/?p=1178"},"modified":"2011-09-18T20:31:29","modified_gmt":"2011-09-18T18:31:29","slug":"11-septembre","status":"publish","type":"post","link":"https:\/\/blog-alexis.monville.com\/en\/2011\/09\/18\/11-septembre\/","title":{"rendered":"11 septembre"},"content":{"rendered":"<p>Les journaux ont regorg\u00e9s d&#8217;articles sur le 11 septembre, et Courrier International a fait de m\u00eame. Un des articles publi\u00e9s a retenu mon attention et j&#8217;aimerais le partager ici avec vous.<br \/>\nL&#8217;auteur, <a href=\"http:\/\/www.adorfman.duke.edu\/\">Ariel Dorfman<\/a>, a \u00e9t\u00e9 r\u00e9veill\u00e9 par les avions qui bombardaient le palais pr\u00e9sidentiel chilien le 11 septembre 1973, lors du renversement du pr\u00e9sident \u00e9lu, Salvadore Allende par Pinochet. Il \u00e9tait aussi \u00e0 New York le 11 septembre 2001&#8230;<br \/>\nLa comparaison qu&#8217;il fait entre l&#8217;attitude des chiliens pour r\u00e9parer cette blessure et l&#8217;attitude des am\u00e9ricains est un point de vue essentiel&#8230;<br \/>\nCe qui l&#8217;am\u00e8ne \u00e0 citer Gandhi qui le 11 septembre 1905 disait : \u201cLa violence ne l\u2019emportera sur la violence que lorsqu\u2019on me d\u00e9montrera que les t\u00e9n\u00e8bres peuvent \u00eatre dissip\u00e9es par les t\u00e9n\u00e8bres.\u201d<br \/>\nA lire ici : <a href=\"http:\/\/www.courrierinternational.com\/article\/2011\/09\/08\/epitaphe-pour-l-autre-11-septembre\" target=\"_blank\">http:\/\/www.courrierinternational.com\/article\/2011\/09\/08\/epitaphe-pour-l-autre-11-septembre<\/a><br \/>\nou en version originale : <a href=\"http:\/\/www.thenation.com\/article\/163056\/epitaph-another-september-11\" target=\"_blank\">http:\/\/www.thenation.com\/article\/163056\/epitaph-another-september-11<\/a><\/p>\n","protected":false},"excerpt":{"rendered":"<p>Les journaux ont regorg\u00e9s d&#8217;articles sur le 11 septembre, et Courrier International a fait de m\u00eame. Un des articles publi\u00e9s a retenu mon attention et j&#8217;aimerais le partager ici avec vous. L&#8217;auteur, Ariel Dorfman, a \u00e9t\u00e9 r\u00e9veill\u00e9 par les avions qui bombardaient le palais pr\u00e9sidentiel chilien le 11 septembre 1973, lors du renversement du pr\u00e9sident [&hellip;]<\/p>\n","protected":false},"author":1,"featured_media":0,"comment_status":"open","ping_status":"open","sticky":false,"template":"","format":"standard","meta":{"advanced_seo_description":"","jetpack_seo_html_title":"","jetpack_seo_noindex":false,"jetpack_post_was_ever_published":false,"_jetpack_newsletter_access":"","_jetpack_dont_email_post_to_subs":false,"_jetpack_newsletter_tier_id":0,"_jetpack_memberships_contains_paywalled_content":false,"_jetpack_memberships_contains_paid_content":false,"footnotes":""},"categories":[1],"tags":[],"class_list":["post-1178","post","type-post","status-publish","format-standard","hentry","category-all"],"jetpack_featured_media_url":"","jetpack_shortlink":"https:\/\/wp.me\/paNjQG-j0","jetpack-related-posts":[{"id":149,"url":"https:\/\/blog-alexis.monville.com\/en\/2008\/09\/15\/google-chrome\/","url_meta":{"origin":1178,"position":0},"title":"Google Chrome","author":"Alexis","date":"September 15, 2008","format":false,"excerpt":"Le lancement de Google Chrome a fait couler beaucoup d'encre num\u00e9rique. Ce \"buzz\" extraordinaire est l'apanage de certaines marques dont les partisans et les d\u00e9tracteurs se chargent de la publicit\u00e9 (cherchez par exemple Let's Rock sur Google et vous verrez que l'on parle surtout du 9 septembre... et de ce\u2026","rel":"","context":"In &quot;General&quot;","block_context":{"text":"General","link":"https:\/\/blog-alexis.monville.com\/en\/category\/all\/"},"img":{"alt_text":"","src":"https:\/\/alexismonville.files.wordpress.com\/2008\/09\/chrome.gif?w=350&h=200&crop=1","width":350,"height":200},"classes":[]},{"id":796,"url":"https:\/\/blog-alexis.monville.com\/en\/2010\/03\/11\/logiciel-libre\/","url_meta":{"origin":1178,"position":1},"title":"Logiciel libre","author":"Alexis","date":"March 11, 2010","format":false,"excerpt":"En quelques mots aujourd'hui pour : vous inviter \u00e0 noter dans vos agendas que le Salon Solutions Linux se tiendra \u00e0 la porte de Versailles du 16 au 18 mars, je vous souhaite nombreux pour la conf\u00e9rence Administration et Libre le 17 mars \u00e0 9h00, vous encourager \u00e0 r\u00e9agir \u00e0\u2026","rel":"","context":"In &quot;Interventions&quot;","block_context":{"text":"Interventions","link":"https:\/\/blog-alexis.monville.com\/en\/category\/interventions\/"},"img":{"alt_text":"","src":"","width":0,"height":0},"classes":[]},{"id":571,"url":"https:\/\/blog-alexis.monville.com\/en\/2009\/05\/24\/drupal-con-paris-2009\/","url_meta":{"origin":1178,"position":2},"title":"DrupalCon Paris","author":"Alexis","date":"May 24, 2009","format":false,"excerpt":"Je viens de d\u00e9couvrir le tr\u00e8s sympathique site de la Conf\u00e9rence Drupal qui se tiendra \u00e0 Paris du 1er au 5 septembre 2009 (DrupalCon Paris 2009). Cette conf\u00e9rence est organis\u00e9e par l'association Drupal (http:\/\/association.drupal.org). Le programme est con\u00e7u pour int\u00e9resser les initi\u00e9s et les n\u00e9ophytes, les programmeurs, les designers, les\u2026","rel":"","context":"In &quot;Explorateurs&quot;","block_context":{"text":"Explorateurs","link":"https:\/\/blog-alexis.monville.com\/en\/category\/explorateurs\/"},"img":{"alt_text":"","src":"https:\/\/i0.wp.com\/paris2009.drupalcon.org\/sites\/default\/files\/imagecache\/generic_image\/banner-small.png?resize=350%2C200","width":350,"height":200},"classes":[]},{"id":647,"url":"https:\/\/blog-alexis.monville.com\/en\/2009\/09\/12\/un-jour-une-oeuvre-en-direct-4\/","url_meta":{"origin":1178,"position":3},"title":"Un Jour Une Oeuvre en direct","author":"Alexis","date":"September 12, 2009","format":false,"excerpt":"Ce jeudi 10 septembre 2009, l'\u00e9quipe d'Un Jour Une Oeuvre accueillait une nouvelle recrue au Palais de Tokyo ! Ne manquez pas les retours d'Ivan et Spei sur la visite, ils sont ici. Et ne manquez surtout pas la prochaine \u00e9dition qui se d\u00e9roulera au mois d'octobre en indiquant votre\u2026","rel":"","context":"In &quot;Explorateurs&quot;","block_context":{"text":"Explorateurs","link":"https:\/\/blog-alexis.monville.com\/en\/category\/explorateurs\/"},"img":{"alt_text":"alexis-ujuo-palais-tokyo","src":"https:\/\/i0.wp.com\/blog-alexis.monville.com\/files\/2009\/09\/alexis-ujuo-palais-tokyo-225x300.jpg?resize=350%2C200&ssl=1","width":350,"height":200},"classes":[]},{"id":1473,"url":"https:\/\/blog-alexis.monville.com\/en\/2012\/09\/13\/tedxbordeaux-2012\/","url_meta":{"origin":1178,"position":4},"title":"TEDxBordeaux 2012","author":"Alexis","date":"September 13, 2012","format":false,"excerpt":"La premi\u00e8re \u00e9dition de TEDxBordeaux s'est d\u00e9roul\u00e9e le 28 mai 2011. Pour toute une \u00e9quipe\u00a0cela repr\u00e9sentait l'aboutissement d'un long travail de pr\u00e9paration. Pour les participants, c'\u00e9tait une tr\u00e8s belle exp\u00e9rience (je vous laisse (re)d\u00e9couvrir les vid\u00e9os de cette \u00e9dition ainsi que le micro-trottoir captant les r\u00e9actions des participants). Ce jour\u2026","rel":"","context":"In &quot;General&quot;","block_context":{"text":"General","link":"https:\/\/blog-alexis.monville.com\/en\/category\/all\/"},"img":{"alt_text":"","src":"https:\/\/i0.wp.com\/blog-alexis.monville.com\/en\/wp-content\/uploads\/sites\/2\/2012\/04\/TEDxBordeaux_Noir_Carre.png?fit=500%2C500&ssl=1&resize=350%2C200","width":350,"height":200},"classes":[]},{"id":70,"url":"https:\/\/blog-alexis.monville.com\/en\/2007\/06\/26\/schema-directeur-administration-electronique-2006-2010\/","url_meta":{"origin":1178,"position":5},"title":"Sch\u00e9ma directeur administration \u00e9lectronique 2006-2010","author":"Alexis","date":"June 26, 2007","format":false,"excerpt":"La version b\u00e9ta2 du sch\u00e9ma directeur administration \u00e9lectronique 2006-2010 vient d'\u00eatre publi\u00e9e. Cette version int\u00e8gre les retours des partenaires sur les parties g\u00e9n\u00e9rales, les travaux sur les indicateurs et les mises \u00e0 jour des Initiatives seront int\u00e9gr\u00e9s dans la version pr\u00e9vue pour le mois de septembre. A d\u00e9couvrir sur Synergies\u2026","rel":"","context":"In &quot;General&quot;","block_context":{"text":"General","link":"https:\/\/blog-alexis.monville.com\/en\/category\/all\/"},"img":{"alt_text":"","src":"","width":0,"height":0},"classes":[]}],"jetpack_sharing_enabled":true,"_links":{"self":[{"href":"https:\/\/blog-alexis.monville.com\/en\/wp-json\/wp\/v2\/posts\/1178","targetHints":{"allow":["GET"]}}],"collection":[{"href":"https:\/\/blog-alexis.monville.com\/en\/wp-json\/wp\/v2\/posts"}],"about":[{"href":"https:\/\/blog-alexis.monville.com\/en\/wp-json\/wp\/v2\/types\/post"}],"author":[{"embeddable":true,"href":"https:\/\/blog-alexis.monville.com\/en\/wp-json\/wp\/v2\/users\/1"}],"replies":[{"embeddable":true,"href":"https:\/\/blog-alexis.monville.com\/en\/wp-json\/wp\/v2\/comments?post=1178"}],"version-history":[{"count":0,"href":"https:\/\/blog-alexis.monville.com\/en\/wp-json\/wp\/v2\/posts\/1178\/revisions"}],"wp:attachment":[{"href":"https:\/\/blog-alexis.monville.com\/en\/wp-json\/wp\/v2\/media?parent=1178"}],"wp:term":[{"taxonomy":"category","embeddable":true,"href":"https:\/\/blog-alexis.monville.com\/en\/wp-json\/wp\/v2\/categories?post=1178"},{"taxonomy":"post_tag","embeddable":true,"href":"https:\/\/blog-alexis.monville.com\/en\/wp-json\/wp\/v2\/tags?post=1178"}],"curies":[{"name":"wp","href":"https:\/\/api.w.org\/{rel}","templated":true}]}}