{"id":1166,"date":"2011-09-03T20:09:13","date_gmt":"2011-09-03T18:09:13","guid":{"rendered":"https:\/\/blog-alexis.monville.com\/?p=1166"},"modified":"2011-09-03T20:09:13","modified_gmt":"2011-09-03T18:09:13","slug":"tedxbordeaux-4","status":"publish","type":"post","link":"https:\/\/blog-alexis.monville.com\/en\/2011\/09\/03\/tedxbordeaux-4\/","title":{"rendered":"TEDxBordeaux"},"content":{"rendered":"<p><a href=\"http:\/\/www.flickr.com\/photos\/63640064@N04\/sets\/72157626753120483\/with\/5794066015\/\"><img data-recalc-dims=\"1\" loading=\"lazy\" decoding=\"async\" class=\"alignnone\" src=\"https:\/\/i0.wp.com\/farm4.static.flickr.com\/3497\/5794066015_f3c653763d.jpg?resize=500%2C332\" alt=\"\" width=\"500\" height=\"332\" \/><\/a><\/p>\n<p>Ce vendredi 2 septembre 2011, nous avons c\u00e9l\u00e9br\u00e9 avec une partie de l&#8217;\u00e9quipe, le succ\u00e9s de l&#8217;<a href=\"http:\/\/www.ted.com\/tedx\/events\/1592\" target=\"_blank\">\u00e9dition 2011<\/a> de <a href=\"http:\/\/www.tedxbordeaux.com\" target=\"_blank\">TEDxBordeaux<\/a>.<\/p>\n<p>Une soir\u00e9e bien sympathique, au cours de laquelle nous avons regard\u00e9 en arri\u00e8re, partag\u00e9 quelques souvenirs, regard\u00e9 <a href=\"http:\/\/www.youtube.com\/playlist?list=PL0E7551A22FE8694B\" target=\"_blank\">les compteurs de vid\u00e9os visionn\u00e9es sur Youtube<\/a> (plus de 10 000 vid\u00e9os regard\u00e9es !!).<\/p>\n<p>Nous avons \u00e9galement parl\u00e9 de <a href=\"http:\/\/www.ted.com\/tedx\/events\/3287\" target=\"_blank\">l&#8217;\u00e9dition 2012 de TEDxBordeaux<\/a> qui sera pilot\u00e9e par <a href=\"http:\/\/www.tonychapelle.com\/\" target=\"_blank\">Tony Chapelle<\/a> (nous avons d\u00e9cid\u00e9 de passer le flambeau chaque ann\u00e9e \u00e0 un des membres de l&#8217;\u00e9quipe).<\/p>\n<p><iframe loading=\"lazy\" src=\"http:\/\/www.youtube.com\/p\/0E7551A22FE8694B?version=3&amp;hl=fr_FR&amp;hd=1\" frameborder=\"0\" width=\"560\" height=\"345\"><\/iframe><\/p>\n<p>&nbsp;<\/p>\n<p>&nbsp;<\/p>\n","protected":false},"excerpt":{"rendered":"<p>Ce vendredi 2 septembre 2011, nous avons c\u00e9l\u00e9br\u00e9 avec une partie de l&#8217;\u00e9quipe, le succ\u00e9s de l&#8217;\u00e9dition 2011 de TEDxBordeaux. Une soir\u00e9e bien sympathique, au cours de laquelle nous avons regard\u00e9 en arri\u00e8re, partag\u00e9 quelques souvenirs, regard\u00e9 les compteurs de vid\u00e9os visionn\u00e9es sur Youtube (plus de 10 000 vid\u00e9os regard\u00e9es !!). Nous avons \u00e9galement parl\u00e9 [&hellip;]<\/p>\n","protected":false},"author":1,"featured_media":0,"comment_status":"open","ping_status":"open","sticky":false,"template":"","format":"standard","meta":{"advanced_seo_description":"","jetpack_seo_html_title":"","jetpack_seo_noindex":false,"jetpack_post_was_ever_published":false,"_jetpack_newsletter_access":"","_jetpack_dont_email_post_to_subs":false,"_jetpack_newsletter_tier_id":0,"_jetpack_memberships_contains_paywalled_content":false,"_jetpack_memberships_contains_paid_content":false,"footnotes":""},"categories":[8],"tags":[446],"class_list":["post-1166","post","type-post","status-publish","format-standard","hentry","category-interventions","tag-tedx"],"jetpack_featured_media_url":"","jetpack_shortlink":"https:\/\/wp.me\/paNjQG-iO","jetpack-related-posts":[{"id":1110,"url":"https:\/\/blog-alexis.monville.com\/en\/2011\/06\/04\/tedxbordeaux-3\/","url_meta":{"origin":1166,"position":0},"title":"TEDxBordeaux","author":"Alexis","date":"June 4, 2011","format":false,"excerpt":"ENSEMBLE... \u00a0 La journ\u00e9e du 28 mai 2011 est pass\u00e9e. Plusieurs mois de pr\u00e9paration pour une \u00e9quipe b\u00e9n\u00e9vole r\u00e9compens\u00e9s par les nombreux sourires et f\u00e9licitations de la part des participants et des intervenants. \u00a0 Les vid\u00e9os et les photos commencent a \u00eatre publi\u00e9es ce qui permettra \u00e0 ceux qui n'ont\u2026","rel":"","context":"In &quot;General&quot;","block_context":{"text":"General","link":"https:\/\/blog-alexis.monville.com\/en\/category\/all\/"},"img":{"alt_text":"","src":"https:\/\/i0.wp.com\/blog-alexis.monville.com\/wp-content\/uploads\/sites\/2\/2011\/06\/tedxbordeaux.jpg?resize=350%2C200&ssl=1","width":350,"height":200},"classes":[]},{"id":1422,"url":"https:\/\/blog-alexis.monville.com\/en\/2012\/04\/28\/tedxbordeaux-5\/","url_meta":{"origin":1166,"position":1},"title":"TEDxBordeaux","author":"Alexis","date":"April 28, 2012","format":false,"excerpt":"La deuxi\u00e8me r\u00e9union pl\u00e9ni\u00e8re de l'\u00e9quipe d'organisation de TEDxBordeaux 2012 s'est tenue hier au TnBA (Th\u00e9atre national de Bordeaux en Aquitaine). Bel enthousiasme pour la vingtaine de participants pr\u00e9sents ! Tr\u00e8s heureux de prendre part \u00e0 l'organisation cette ann\u00e9e encore ! TEDxBordeaux est organis\u00e9 cette ann\u00e9e sous la conduite de\u2026","rel":"","context":"In &quot;ayeba&quot;","block_context":{"text":"ayeba","link":"https:\/\/blog-alexis.monville.com\/en\/category\/ayeba\/"},"img":{"alt_text":"","src":"https:\/\/i0.wp.com\/blog-alexis.monville.com\/en\/wp-content\/uploads\/sites\/2\/2012\/04\/TEDxBordeaux_Noir_Carre.png?fit=500%2C500&ssl=1&resize=350%2C200","width":350,"height":200},"classes":[]},{"id":1680,"url":"https:\/\/blog-alexis.monville.com\/en\/2013\/11\/11\/the-agilists-a-lagiletour-bordeaux\/","url_meta":{"origin":1166,"position":2},"title":"The Agilists \u00e0 l&#8217;AgileTour Bordeaux","author":"Alexis","date":"November 11, 2013","format":false,"excerpt":"Nous avons eu la grande joie, Bruno Sbille et moi-m\u00eame, de donner une nouvelle session de \"The Agilists\" lors de l'\u00e9dition 2013 de l'AgileTour Bordeaux qui s'est d\u00e9roul\u00e9e le 8 novembre. J'ai particuli\u00e8rement appr\u00e9ci\u00e9 l'accueil qui nous a \u00e9t\u00e9 r\u00e9serv\u00e9 dans l'amphi comble de l'Epitech ! Un grand merci pour\u2026","rel":"","context":"In &quot;General&quot;","block_context":{"text":"General","link":"https:\/\/blog-alexis.monville.com\/en\/category\/all\/"},"img":{"alt_text":"","src":"https:\/\/i0.wp.com\/blog-alexis.monville.com\/en\/wp-content\/uploads\/sites\/2\/2013\/11\/the-agilists.png?fit=1024%2C768&ssl=1&resize=350%2C200","width":350,"height":200,"srcset":"https:\/\/i0.wp.com\/blog-alexis.monville.com\/en\/wp-content\/uploads\/sites\/2\/2013\/11\/the-agilists.png?fit=1024%2C768&ssl=1&resize=350%2C200 1x, https:\/\/i0.wp.com\/blog-alexis.monville.com\/en\/wp-content\/uploads\/sites\/2\/2013\/11\/the-agilists.png?fit=1024%2C768&ssl=1&resize=525%2C300 1.5x, https:\/\/i0.wp.com\/blog-alexis.monville.com\/en\/wp-content\/uploads\/sites\/2\/2013\/11\/the-agilists.png?fit=1024%2C768&ssl=1&resize=700%2C400 2x"},"classes":[]},{"id":291,"url":"https:\/\/blog-alexis.monville.com\/en\/2008\/12\/17\/mantegnaun-jour-une-oeuvre-au-louvre\/","url_meta":{"origin":1166,"position":3},"title":"Un Jour Une \u0152uvre au Louvre","author":"Alexis","date":"December 17, 2008","format":false,"excerpt":"Ce mercredi 12 d\u00e9cembre, nous nous sommes retrouv\u00e9s au Louvre pour visiter l\u2019exposition consacr\u00e9e \u00e0 Mantegna. Nous\u00a0? Nous c\u2019est Ivan (qui raconte l\u2019exp\u00e9rience sur son blog), Jean-Fran\u00e7ois et moi, trois parmi ceux qui avaient envie de participer \u00e0 cette exp\u00e9rience de mutualisation des regards dans le monde r\u00e9el, exp\u00e9rience que\u2026","rel":"","context":"In &quot;General&quot;","block_context":{"text":"General","link":"https:\/\/blog-alexis.monville.com\/en\/category\/all\/"},"img":{"alt_text":"","src":"http:\/\/upload.wikimedia.org\/wikipedia\/commons\/thumb\/4\/4d\/Andrea_Mantegna_089.jpg\/257px-Andrea_Mantegna_089.jpg","width":350,"height":200},"classes":[]},{"id":1473,"url":"https:\/\/blog-alexis.monville.com\/en\/2012\/09\/13\/tedxbordeaux-2012\/","url_meta":{"origin":1166,"position":4},"title":"TEDxBordeaux 2012","author":"Alexis","date":"September 13, 2012","format":false,"excerpt":"La premi\u00e8re \u00e9dition de TEDxBordeaux s'est d\u00e9roul\u00e9e le 28 mai 2011. Pour toute une \u00e9quipe\u00a0cela repr\u00e9sentait l'aboutissement d'un long travail de pr\u00e9paration. Pour les participants, c'\u00e9tait une tr\u00e8s belle exp\u00e9rience (je vous laisse (re)d\u00e9couvrir les vid\u00e9os de cette \u00e9dition ainsi que le micro-trottoir captant les r\u00e9actions des participants). Ce jour\u2026","rel":"","context":"In &quot;General&quot;","block_context":{"text":"General","link":"https:\/\/blog-alexis.monville.com\/en\/category\/all\/"},"img":{"alt_text":"","src":"https:\/\/i0.wp.com\/blog-alexis.monville.com\/en\/wp-content\/uploads\/sites\/2\/2012\/04\/TEDxBordeaux_Noir_Carre.png?fit=500%2C500&ssl=1&resize=350%2C200","width":350,"height":200},"classes":[]},{"id":1032,"url":"https:\/\/blog-alexis.monville.com\/en\/2011\/01\/31\/tedxbordeaux\/","url_meta":{"origin":1166,"position":5},"title":"TEDxBordeaux","author":"Alexis","date":"January 31, 2011","format":false,"excerpt":"TEDxBordeaux aura lieu le samedi 28 mai 2011 ! Voici le teaser de l'annonce : http:\/\/www.tedxbordeaux.com","rel":"","context":"In &quot;General&quot;","block_context":{"text":"General","link":"https:\/\/blog-alexis.monville.com\/en\/category\/all\/"},"img":{"alt_text":"","src":"","width":0,"height":0},"classes":[]}],"jetpack_sharing_enabled":true,"_links":{"self":[{"href":"https:\/\/blog-alexis.monville.com\/en\/wp-json\/wp\/v2\/posts\/1166","targetHints":{"allow":["GET"]}}],"collection":[{"href":"https:\/\/blog-alexis.monville.com\/en\/wp-json\/wp\/v2\/posts"}],"about":[{"href":"https:\/\/blog-alexis.monville.com\/en\/wp-json\/wp\/v2\/types\/post"}],"author":[{"embeddable":true,"href":"https:\/\/blog-alexis.monville.com\/en\/wp-json\/wp\/v2\/users\/1"}],"replies":[{"embeddable":true,"href":"https:\/\/blog-alexis.monville.com\/en\/wp-json\/wp\/v2\/comments?post=1166"}],"version-history":[{"count":0,"href":"https:\/\/blog-alexis.monville.com\/en\/wp-json\/wp\/v2\/posts\/1166\/revisions"}],"wp:attachment":[{"href":"https:\/\/blog-alexis.monville.com\/en\/wp-json\/wp\/v2\/media?parent=1166"}],"wp:term":[{"taxonomy":"category","embeddable":true,"href":"https:\/\/blog-alexis.monville.com\/en\/wp-json\/wp\/v2\/categories?post=1166"},{"taxonomy":"post_tag","embeddable":true,"href":"https:\/\/blog-alexis.monville.com\/en\/wp-json\/wp\/v2\/tags?post=1166"}],"curies":[{"name":"wp","href":"https:\/\/api.w.org\/{rel}","templated":true}]}}