{"id":1161,"date":"2011-08-29T17:37:49","date_gmt":"2011-08-29T15:37:49","guid":{"rendered":"https:\/\/blog-alexis.monville.com\/?p=1161"},"modified":"2011-10-01T22:30:43","modified_gmt":"2011-10-01T22:30:43","slug":"widoobiz","status":"publish","type":"post","link":"https:\/\/blog-alexis.monville.com\/en\/2011\/08\/29\/widoobiz\/","title":{"rendered":"Widoobiz"},"content":{"rendered":"<p><a href=\"http:\/\/www.widoobiz.com\/emissions\/ici-et-la\/vers-levaluation-collective-en-entreprise-ici-et-la-recoit-ayeba-et-useo\/570\"><img data-recalc-dims=\"1\" loading=\"lazy\" decoding=\"async\" alt=\"\" src=\"https:\/\/i0.wp.com\/www.widoobiz.com\/wp-content\/themes\/Widoobiz\/img\/logo-widoobiz-radio.png?resize=246%2C100\" class=\"alignleft\" width=\"246\" height=\"100\" \/><\/a><br \/>\nLors du lancement de Widoobiz et \u00e0 l&#8217;occasion du Barcamp ereputation, <a href=\"http:\/\/www.blogpersonalbranding.com\/\" target=\"_blank\">Fadhila Brahimi<\/a>, nous avait donn\u00e9 l&#8217;occasion \u00e0 <a href=\"http:\/\/poncier.org\/blog\/\" target=\"_blank\">Anthony Poncier<\/a> (USEO) et moi-m\u00eame d&#8217;intervenir dans l&#8217;\u00e9mission &#8220;ici et l\u00e0&#8221; : <a href=\"http:\/\/www.widoobiz.com\/emissions\/ici-et-la\/vers-levaluation-collective-en-entreprise-ici-et-la-recoit-ayeba-et-useo\/570\" target=\"_blank\">c&#8217;est en \u00e9coute ici<\/a> !<\/p>\n<p>Widoobiz a lanc\u00e9 un concours parmi les personnes ayant fait vibrer les micros de la radio en ligne. L&#8217;objectif est de faire voter son r\u00e9seau sur le podcast de l&#8217;\u00e9mission. Cela m&#8217;a donn\u00e9 l&#8217;id\u00e9e d&#8217;aller \u00e9couter le podcast de l&#8217;\u00e9mission : <a href=\"http:\/\/www.widoobiz.com\/emissions\/ici-et-la\/vers-levaluation-collective-en-entreprise-ici-et-la-recoit-ayeba-et-useo\/570\" target=\"_blank\">&#8220;vers l&#8217;\u00e9valuation collective en entreprise&#8221;<\/a> que j&#8217;ai trouv\u00e9 assez sympa !<\/p>\n<p>Pour l&#8217;instant, il y a z\u00e9ro vote, z\u00e9ro commentaire&#8230; et peut-\u00eatre pas encore d&#8217;auditeur ? C&#8217;est un peu le probl\u00e8me de passer dans les premiers&#8230; (il faut bien que je me rassure \ud83d\ude09 )<\/p>\n","protected":false},"excerpt":{"rendered":"<p>Lors du lancement de Widoobiz et \u00e0 l&#8217;occasion du Barcamp ereputation, Fadhila Brahimi, nous avait donn\u00e9 l&#8217;occasion \u00e0 Anthony Poncier (USEO) et moi-m\u00eame d&#8217;intervenir dans l&#8217;\u00e9mission &#8220;ici et l\u00e0&#8221; : c&#8217;est en \u00e9coute ici ! Widoobiz a lanc\u00e9 un concours parmi les personnes ayant fait vibrer les micros de la radio en ligne. L&#8217;objectif est [&hellip;]<\/p>\n","protected":false},"author":1,"featured_media":0,"comment_status":"open","ping_status":"open","sticky":false,"template":"","format":"standard","meta":{"advanced_seo_description":"","jetpack_seo_html_title":"","jetpack_seo_noindex":false,"jetpack_post_was_ever_published":false,"_jetpack_newsletter_access":"","_jetpack_dont_email_post_to_subs":false,"_jetpack_newsletter_tier_id":0,"_jetpack_memberships_contains_paywalled_content":false,"_jetpack_memberships_contains_paid_content":false,"footnotes":""},"categories":[3,8],"tags":[],"class_list":["post-1161","post","type-post","status-publish","format-standard","hentry","category-ayeba","category-interventions"],"jetpack_featured_media_url":"","jetpack_shortlink":"https:\/\/wp.me\/saNjQG-widoobiz","jetpack-related-posts":[{"id":1022,"url":"https:\/\/blog-alexis.monville.com\/en\/2011\/01\/09\/dividende-universel\/","url_meta":{"origin":1161,"position":0},"title":"Dividende universel","author":"Alexis","date":"January 9, 2011","format":false,"excerpt":"St\u00e9phane Laborde est intervenu lors de l'\u00e9mission Symbiose sur radio libertaire diffus\u00e9 sur dogmazic\u00a0(faire un don ici) pour parler de son livre sur la th\u00e9orie relative de la monnaie. Une occasion \u00e9galement de comprendre ce qu'est la monnaie, qui permet de favoriser les \u00e9changes au dela du troc et les\u2026","rel":"","context":"In &quot;General&quot;","block_context":{"text":"General","link":"https:\/\/blog-alexis.monville.com\/en\/category\/all\/"},"img":{"alt_text":"","src":"","width":0,"height":0},"classes":[]},{"id":424,"url":"https:\/\/blog-alexis.monville.com\/en\/2009\/02\/17\/internet-la-realite-qui-change-la-vie\/","url_meta":{"origin":1161,"position":1},"title":"Internet, la r\u00e9alit\u00e9 qui change la vie","author":"Alexis","date":"February 17, 2009","format":false,"excerpt":"J'ai souvent cit\u00e9 Didier Ad\u00e8s comme animateur des rencontres \u00e9conomiques organis\u00e9es par l'IGPDE. Je n'avais pas encore parl\u00e9 de l'\u00e9mission qu'il anime sur France Inter avec Dominique Dambert : rue des entrepreneurs, l'\u00e9dition du 14 f\u00e9vrier 2009 consacr\u00e9 \u00e0 Internet est une excellente occasion d'en parler ! Cet \u00e9mission r\u00e9unissait\u2026","rel":"","context":"In &quot;Explorateurs&quot;","block_context":{"text":"Explorateurs","link":"https:\/\/blog-alexis.monville.com\/en\/category\/explorateurs\/"},"img":{"alt_text":"","src":"https:\/\/i0.wp.com\/image.radio-france.fr\/franceinter\/_media\/em\/25020121-bandeau.jpg?resize=350%2C200","width":350,"height":200},"classes":[]},{"id":578,"url":"https:\/\/blog-alexis.monville.com\/en\/2009\/05\/30\/la-nouvelle-couleur-de-largent\/","url_meta":{"origin":1161,"position":2},"title":"La nouvelle couleur de l&#8217;argent","author":"Alexis","date":"May 30, 2009","format":false,"excerpt":"La nouvelle couleur de l'argent, c'est le titre de l'\u00e9mission Rue des Entrepreneurs de Didier Ad\u00e8s et Dominique Dambert de ce 30 mai 2009. L'\u00e9mission est disponible en balladodifusion (podcast ;-) ) \u00e0 cette adresse : La nouvelle couleur de l'argent. Une Excellente \u00e9mission au cours de laquelle les invit\u00e9s\u2026","rel":"","context":"In &quot;Explorateurs&quot;","block_context":{"text":"Explorateurs","link":"https:\/\/blog-alexis.monville.com\/en\/category\/explorateurs\/"},"img":{"alt_text":"1184808_pile_of_coins","src":"https:\/\/i0.wp.com\/blog-alexis.monville.com\/wp-content\/uploads\/sites\/2\/2009\/05\/1184808_pile_of_coins.jpg?resize=350%2C200&ssl=1","width":350,"height":200},"classes":[]},{"id":50,"url":"https:\/\/blog-alexis.monville.com\/en\/2007\/02\/08\/idabc-oss-event-2007\/","url_meta":{"origin":1161,"position":3},"title":"IDABC OSS Event 2007","author":"Alexis","date":"February 8, 2007","format":false,"excerpt":"J'ai particip\u00e9 \u00e0 la r\u00e9union du groupe d\u2019experts europ\u00e9ens IDABC sur les logiciels libres qui \u00e9tait consacr\u00e9e \u00e0 OSOR. La r\u00e9union \u00e9tait pr\u00e9sid\u00e9e par le Directeur G\u00e9n\u00e9ral de la DIGIT, Francisco Garcia Moran, auquel le programme IDABC est nouvellement attach\u00e9. L\u2019occasion de faire le point sur l\u2019avancement de l\u2019\u00e9tude de\u2026","rel":"","context":"In &quot;Europe&quot;","block_context":{"text":"Europe","link":"https:\/\/blog-alexis.monville.com\/en\/category\/international\/europe\/"},"img":{"alt_text":"","src":"","width":0,"height":0},"classes":[]},{"id":1776,"url":"https:\/\/blog-alexis.monville.com\/en\/2014\/02\/16\/devenir-fournisseur-dacces-internet\/","url_meta":{"origin":1161,"position":4},"title":"Devenir fournisseur d&#8217;acc\u00e8s Internet","author":"Alexis","date":"February 16, 2014","format":false,"excerpt":"Si vous \u00e9tiez au TEDxBordeaux en 2013, vous avez rencontr\u00e9 Julien Rabier pour son talk\u00a0Une libert\u00e9 de surfer. Il a donn\u00e9 une conf\u00e9rence lors du 30\u00e8me CCC (Chaos Communication Congress) qui a \u00e9t\u00e9 l'occasion de renforcer l'initiative DIY ISP [le son au d\u00e9but de la conf\u00e9rence est mauvais, mais il\u2026","rel":"","context":"In &quot;General&quot;","block_context":{"text":"General","link":"https:\/\/blog-alexis.monville.com\/en\/category\/all\/"},"img":{"alt_text":"","src":"https:\/\/i0.wp.com\/blog-alexis.monville.com\/en\/wp-content\/uploads\/sites\/2\/2014\/02\/Internet_map_1024_-_transparent.png?fit=1200%2C1200&ssl=1&resize=350%2C200","width":350,"height":200,"srcset":"https:\/\/i0.wp.com\/blog-alexis.monville.com\/en\/wp-content\/uploads\/sites\/2\/2014\/02\/Internet_map_1024_-_transparent.png?fit=1200%2C1200&ssl=1&resize=350%2C200 1x, https:\/\/i0.wp.com\/blog-alexis.monville.com\/en\/wp-content\/uploads\/sites\/2\/2014\/02\/Internet_map_1024_-_transparent.png?fit=1200%2C1200&ssl=1&resize=525%2C300 1.5x, https:\/\/i0.wp.com\/blog-alexis.monville.com\/en\/wp-content\/uploads\/sites\/2\/2014\/02\/Internet_map_1024_-_transparent.png?fit=1200%2C1200&ssl=1&resize=700%2C400 2x, https:\/\/i0.wp.com\/blog-alexis.monville.com\/en\/wp-content\/uploads\/sites\/2\/2014\/02\/Internet_map_1024_-_transparent.png?fit=1200%2C1200&ssl=1&resize=1050%2C600 3x"},"classes":[]},{"id":1473,"url":"https:\/\/blog-alexis.monville.com\/en\/2012\/09\/13\/tedxbordeaux-2012\/","url_meta":{"origin":1161,"position":5},"title":"TEDxBordeaux 2012","author":"Alexis","date":"September 13, 2012","format":false,"excerpt":"La premi\u00e8re \u00e9dition de TEDxBordeaux s'est d\u00e9roul\u00e9e le 28 mai 2011. Pour toute une \u00e9quipe\u00a0cela repr\u00e9sentait l'aboutissement d'un long travail de pr\u00e9paration. Pour les participants, c'\u00e9tait une tr\u00e8s belle exp\u00e9rience (je vous laisse (re)d\u00e9couvrir les vid\u00e9os de cette \u00e9dition ainsi que le micro-trottoir captant les r\u00e9actions des participants). Ce jour\u2026","rel":"","context":"In &quot;General&quot;","block_context":{"text":"General","link":"https:\/\/blog-alexis.monville.com\/en\/category\/all\/"},"img":{"alt_text":"","src":"https:\/\/i0.wp.com\/blog-alexis.monville.com\/en\/wp-content\/uploads\/sites\/2\/2012\/04\/TEDxBordeaux_Noir_Carre.png?fit=500%2C500&ssl=1&resize=350%2C200","width":350,"height":200},"classes":[]}],"jetpack_sharing_enabled":true,"_links":{"self":[{"href":"https:\/\/blog-alexis.monville.com\/en\/wp-json\/wp\/v2\/posts\/1161","targetHints":{"allow":["GET"]}}],"collection":[{"href":"https:\/\/blog-alexis.monville.com\/en\/wp-json\/wp\/v2\/posts"}],"about":[{"href":"https:\/\/blog-alexis.monville.com\/en\/wp-json\/wp\/v2\/types\/post"}],"author":[{"embeddable":true,"href":"https:\/\/blog-alexis.monville.com\/en\/wp-json\/wp\/v2\/users\/1"}],"replies":[{"embeddable":true,"href":"https:\/\/blog-alexis.monville.com\/en\/wp-json\/wp\/v2\/comments?post=1161"}],"version-history":[{"count":1,"href":"https:\/\/blog-alexis.monville.com\/en\/wp-json\/wp\/v2\/posts\/1161\/revisions"}],"predecessor-version":[{"id":1206,"href":"https:\/\/blog-alexis.monville.com\/en\/wp-json\/wp\/v2\/posts\/1161\/revisions\/1206"}],"wp:attachment":[{"href":"https:\/\/blog-alexis.monville.com\/en\/wp-json\/wp\/v2\/media?parent=1161"}],"wp:term":[{"taxonomy":"category","embeddable":true,"href":"https:\/\/blog-alexis.monville.com\/en\/wp-json\/wp\/v2\/categories?post=1161"},{"taxonomy":"post_tag","embeddable":true,"href":"https:\/\/blog-alexis.monville.com\/en\/wp-json\/wp\/v2\/tags?post=1161"}],"curies":[{"name":"wp","href":"https:\/\/api.w.org\/{rel}","templated":true}]}}