{"id":1142,"date":"2011-07-19T21:48:21","date_gmt":"2011-07-19T19:48:21","guid":{"rendered":"https:\/\/blog-alexis.monville.com\/?p=1142"},"modified":"2011-07-19T21:48:21","modified_gmt":"2011-07-19T19:48:21","slug":"rendez-nous-linternet","status":"publish","type":"post","link":"https:\/\/blog-alexis.monville.com\/en\/2011\/07\/19\/rendez-nous-linternet\/","title":{"rendered":"Rendez-nous l&#8217;Internet !"},"content":{"rendered":"<p><!--copy and paste--><object width=\"446\" height=\"326\"><param name=\"movie\" value=\"http:\/\/video.ted.com\/assets\/player\/swf\/EmbedPlayer.swf\"><\/param><param name=\"allowFullScreen\" value=\"true\" \/><param name=\"allowScriptAccess\" value=\"always\"\/><param name=\"wmode\" value=\"transparent\"><\/param><param name=\"bgColor\" value=\"#ffffff\"><\/param><param name=\"flashvars\" value=\"vu=http:\/\/video.ted.com\/talk\/stream\/2011G\/Blank\/RebeccaMacKinnon_2011G-320k.mp4&#038;su=http:\/\/images.ted.com\/images\/ted\/tedindex\/embed-posters\/RebeccaMacKinnon-2011G.embed_thumbnail.jpg&#038;vw=432&#038;vh=240&#038;ap=0&#038;ti=1188&#038;lang=eng&#038;introDuration=15330&#038;adDuration=4000&#038;postAdDuration=830&#038;adKeys=talk=rebecca_mackinnon_let_s_take_back_the_internet;year=2011;theme=a_taste_of_tedglobal_2011;theme=new_on_ted_com;theme=media_that_matters;event=TEDGlobal+2011;tag=Culture;tag=politics;tag=social+media;&#038;preAdTag=tconf.ted\/embed;tile=1;sz=512x288;\" \/><\/object><\/p>\n<p>A l&#8217;heure ou la neutralit\u00e9 du r\u00e9seau est en question \u00e0 la commission europ\u00e9enne&#8230; Plus d&#8217;info ici : <a href=\"http:\/\/www.laquadrature.net\/fr\/neutralite_du_Net\" target=\"_blank\">http:\/\/www.laquadrature.net\/fr\/neutralite_du_Net<\/a><\/p>\n","protected":false},"excerpt":{"rendered":"<p>A l&#8217;heure ou la neutralit\u00e9 du r\u00e9seau est en question \u00e0 la commission europ\u00e9enne&#8230; Plus d&#8217;info ici : http:\/\/www.laquadrature.net\/fr\/neutralite_du_Net<\/p>\n","protected":false},"author":1,"featured_media":0,"comment_status":"open","ping_status":"open","sticky":false,"template":"","format":"standard","meta":{"advanced_seo_description":"","jetpack_seo_html_title":"","jetpack_seo_noindex":false,"jetpack_post_was_ever_published":false,"_jetpack_newsletter_access":"","_jetpack_dont_email_post_to_subs":false,"_jetpack_newsletter_tier_id":0,"_jetpack_memberships_contains_paywalled_content":false,"_jetpack_memberships_contains_paid_content":false,"footnotes":""},"categories":[5],"tags":[],"class_list":["post-1142","post","type-post","status-publish","format-standard","hentry","category-explorateurs"],"jetpack_featured_media_url":"","jetpack_shortlink":"https:\/\/wp.me\/paNjQG-iq","jetpack-related-posts":[{"id":513,"url":"https:\/\/blog-alexis.monville.com\/en\/2009\/05\/07\/les-explorateurs-du-web-2\/","url_meta":{"origin":1142,"position":0},"title":"Les Explorateurs du Web","author":"Alexis","date":"May 7, 2009","format":false,"excerpt":"La premi\u00e8re r\u00e9union du nouveau Conseil d'Administration de l'association Les Explorateurs du Web s'est tenue hier soir \u00e0 La Ruche. La transition avec l'ancienne \u00e9quipe est en cours et sera finalis\u00e9e lors du rendez-vous des \"Pr\u00e9sidents\" planifi\u00e9 mardi 12 mai. Nous publierons \u00e0 suivre notre proposition de plan d'action pour\u2026","rel":"","context":"In &quot;Explorateurs&quot;","block_context":{"text":"Explorateurs","link":"https:\/\/blog-alexis.monville.com\/en\/category\/explorateurs\/"},"img":{"alt_text":"","src":"https:\/\/i0.wp.com\/explorateursduweb.com\/blog\/wp-content\/files\/explorateurs-du-web-150.gif?resize=350%2C200","width":350,"height":200},"classes":[]},{"id":302,"url":"https:\/\/blog-alexis.monville.com\/en\/2008\/12\/28\/ted-kevin-kelly-5000-prochains-jours-internet\/","url_meta":{"origin":1142,"position":1},"title":"Les 5000 prochains jours de l&#8217;Internet","author":"Alexis","date":"December 28, 2008","format":false,"excerpt":"A la recherche d'une photographie pour Un Jour Une \u0152uvre, je suis tomb\u00e9 sur les photographies de Trey Ratcliff. Une illustre cet article, une autre est sur Un Jour Une \u0152uvre ce 28 d\u00e9cembre. Trey avait mis en sous-titre de sa photo sur flickr.com, une r\u00e9f\u00e9rence a une conf\u00e9rence qu'a\u2026","rel":"","context":"In &quot;Explorateurs&quot;","block_context":{"text":"Explorateurs","link":"https:\/\/blog-alexis.monville.com\/en\/category\/explorateurs\/"},"img":{"alt_text":"","src":"https:\/\/i0.wp.com\/farm4.static.flickr.com\/3294\/3078802485_b665eb38f4_m.jpg?resize=350%2C200","width":350,"height":200},"classes":[]},{"id":558,"url":"https:\/\/blog-alexis.monville.com\/en\/2009\/05\/21\/consultation-publique-sur-linternet-du-futur\/","url_meta":{"origin":1142,"position":2},"title":"Consultation publique sur l&#8217;Internet du futur","author":"Alexis","date":"May 21, 2009","format":false,"excerpt":"Assez surprenant cette consultation... Consultation publique sur l\u2019Internet du futur Internet a r\u00e9volutionn\u00e9 tous les secteurs de nos soci\u00e9t\u00e9s, notre mani\u00e8re de communiquer, de nous informer, de nous divertir, de consommer et m\u00eame d\u2019interagir socialement. L\u2019\u00e9volution ou la red\u00e9finition de l\u2019Internet permettront le d\u00e9veloppement de nouveaux services et usages et\u2026","rel":"","context":"In &quot;Explorateurs&quot;","block_context":{"text":"Explorateurs","link":"https:\/\/blog-alexis.monville.com\/en\/category\/explorateurs\/"},"img":{"alt_text":"Internet du futur","src":"https:\/\/i0.wp.com\/www.telecom.gouv.fr\/IMG\/arton2105.jpg?resize=350%2C200","width":350,"height":200},"classes":[]},{"id":233,"url":"https:\/\/blog-alexis.monville.com\/en\/2008\/10\/19\/les-explorateurs-au-forum\/","url_meta":{"origin":1142,"position":3},"title":"Les Explorateurs au Forum&#8230;","author":"Alexis","date":"October 19, 2008","format":false,"excerpt":"Les 17 et 18 octobre, les Explorateurs du web avaient rendez-vous au Forum des Associations de la ville de Paris. De nombreuses rencontres passionnantes, des questions, des id\u00e9es sur les usages du web (qui pour beaucoup est la premi\u00e8re version qu'ils voient et pour qui, donc, l'expression web 2.0 n'a\u2026","rel":"","context":"In &quot;Explorateurs&quot;","block_context":{"text":"Explorateurs","link":"https:\/\/blog-alexis.monville.com\/en\/category\/explorateurs\/"},"img":{"alt_text":"","src":"https:\/\/i0.wp.com\/lh6.ggpht.com\/monville.alexis\/SPsY6YwlyDI\/AAAAAAAACDA\/D-9xHDRk2eA\/s144\/explorateurs-forum-association.jpg?resize=350%2C200","width":350,"height":200},"classes":[]},{"id":384,"url":"https:\/\/blog-alexis.monville.com\/en\/2009\/02\/07\/les-explorateurs-du-web-sur-netexplorateurs\/","url_meta":{"origin":1142,"position":4},"title":"Les Explorateurs du Web sur NetExplorateurs","author":"Alexis","date":"February 7, 2009","format":false,"excerpt":"Les Explorateurs du Web \u00e9taient pr\u00e9sents au forum NetExplorateurs organis\u00e9 au S\u00e9nat les 5 et 6 f\u00e9vrier 2009. NetExplorateurs a pour ambition de d\u00e9tecter les nouveaux usages du num\u00e9rique. Des rencontres passionnantes et un programme relev\u00e9 (dont je n'ai malheureusement que peu profit\u00e9 !). Une bonne fa\u00e7on de s'interroger sur\u2026","rel":"","context":"In &quot;Explorateurs&quot;","block_context":{"text":"Explorateurs","link":"https:\/\/blog-alexis.monville.com\/en\/category\/explorateurs\/"},"img":{"alt_text":"netexplorateur1","src":"https:\/\/i0.wp.com\/blog-alexis.monville.com\/wp-content\/uploads\/sites\/2\/2009\/02\/netexplorateur1.gif?resize=350%2C200&ssl=1","width":350,"height":200},"classes":[]},{"id":424,"url":"https:\/\/blog-alexis.monville.com\/en\/2009\/02\/17\/internet-la-realite-qui-change-la-vie\/","url_meta":{"origin":1142,"position":5},"title":"Internet, la r\u00e9alit\u00e9 qui change la vie","author":"Alexis","date":"February 17, 2009","format":false,"excerpt":"J'ai souvent cit\u00e9 Didier Ad\u00e8s comme animateur des rencontres \u00e9conomiques organis\u00e9es par l'IGPDE. Je n'avais pas encore parl\u00e9 de l'\u00e9mission qu'il anime sur France Inter avec Dominique Dambert : rue des entrepreneurs, l'\u00e9dition du 14 f\u00e9vrier 2009 consacr\u00e9 \u00e0 Internet est une excellente occasion d'en parler ! Cet \u00e9mission r\u00e9unissait\u2026","rel":"","context":"In &quot;Explorateurs&quot;","block_context":{"text":"Explorateurs","link":"https:\/\/blog-alexis.monville.com\/en\/category\/explorateurs\/"},"img":{"alt_text":"","src":"https:\/\/i0.wp.com\/image.radio-france.fr\/franceinter\/_media\/em\/25020121-bandeau.jpg?resize=350%2C200","width":350,"height":200},"classes":[]}],"jetpack_sharing_enabled":true,"_links":{"self":[{"href":"https:\/\/blog-alexis.monville.com\/en\/wp-json\/wp\/v2\/posts\/1142","targetHints":{"allow":["GET"]}}],"collection":[{"href":"https:\/\/blog-alexis.monville.com\/en\/wp-json\/wp\/v2\/posts"}],"about":[{"href":"https:\/\/blog-alexis.monville.com\/en\/wp-json\/wp\/v2\/types\/post"}],"author":[{"embeddable":true,"href":"https:\/\/blog-alexis.monville.com\/en\/wp-json\/wp\/v2\/users\/1"}],"replies":[{"embeddable":true,"href":"https:\/\/blog-alexis.monville.com\/en\/wp-json\/wp\/v2\/comments?post=1142"}],"version-history":[{"count":0,"href":"https:\/\/blog-alexis.monville.com\/en\/wp-json\/wp\/v2\/posts\/1142\/revisions"}],"wp:attachment":[{"href":"https:\/\/blog-alexis.monville.com\/en\/wp-json\/wp\/v2\/media?parent=1142"}],"wp:term":[{"taxonomy":"category","embeddable":true,"href":"https:\/\/blog-alexis.monville.com\/en\/wp-json\/wp\/v2\/categories?post=1142"},{"taxonomy":"post_tag","embeddable":true,"href":"https:\/\/blog-alexis.monville.com\/en\/wp-json\/wp\/v2\/tags?post=1142"}],"curies":[{"name":"wp","href":"https:\/\/api.w.org\/{rel}","templated":true}]}}