{"id":1136,"date":"2011-07-15T10:47:59","date_gmt":"2011-07-15T08:47:59","guid":{"rendered":"https:\/\/blog-alexis.monville.com\/?p=1136"},"modified":"2011-07-15T10:47:59","modified_gmt":"2011-07-15T08:47:59","slug":"aidez-la-quadature","status":"publish","type":"post","link":"https:\/\/blog-alexis.monville.com\/en\/2011\/07\/15\/aidez-la-quadature\/","title":{"rendered":"Aidez la quadature !"},"content":{"rendered":"<p><a href=\"http:\/\/www.laquadrature.net\"><img data-recalc-dims=\"1\" loading=\"lazy\" decoding=\"async\" class=\"alignnone\" src=\"https:\/\/i0.wp.com\/www.laquadrature.net\/files\/LaQuadrature_banniere-Tri_468.jpg?resize=468%2C60\" alt=\"\" width=\"468\" height=\"60\" \/><\/a><\/p>\n<p>Les actions r\u00e9alis\u00e9es par La Quadrature du Net permettent de sauvegarder nos libert\u00e9s.<\/p>\n<p>Comme Tristan Nitot (pr\u00e9sident de la fondation Mozilla Europe, \u00e9diteur entres autres du navigateur Firefox), j&#8217;ai d\u00e9cid\u00e9 de contribuer \u00e0 financer La Quadrature du Net et je vous encourage \u00e0 faire de m\u00eame.<\/p>\n<p>Pour vous en convaincre, vous pouvez consulter les propositions de La Quadrature : <a href=\"http:\/\/www.laquadrature.net\/propositions\">http:\/\/www.laquadrature.net\/propositions<\/a><\/p>\n<p>Pour contirbuer, c&#8217;est ici : <a href=\"http:\/\/www.laquadrature.net\/soutien\">http:\/\/www.laquadrature.net\/soutien<\/a><\/p>\n","protected":false},"excerpt":{"rendered":"<p>Les actions r\u00e9alis\u00e9es par La Quadrature du Net permettent de sauvegarder nos libert\u00e9s. Comme Tristan Nitot (pr\u00e9sident de la fondation Mozilla Europe, \u00e9diteur entres autres du navigateur Firefox), j&#8217;ai d\u00e9cid\u00e9 de contribuer \u00e0 financer La Quadrature du Net et je vous encourage \u00e0 faire de m\u00eame. Pour vous en convaincre, vous pouvez consulter les propositions [&hellip;]<\/p>\n","protected":false},"author":1,"featured_media":0,"comment_status":"open","ping_status":"open","sticky":false,"template":"","format":"standard","meta":{"advanced_seo_description":"","jetpack_seo_html_title":"","jetpack_seo_noindex":false,"jetpack_post_was_ever_published":false,"_jetpack_newsletter_access":"","_jetpack_dont_email_post_to_subs":false,"_jetpack_newsletter_tier_id":0,"_jetpack_memberships_contains_paywalled_content":false,"_jetpack_memberships_contains_paid_content":false,"footnotes":""},"categories":[1],"tags":[],"class_list":["post-1136","post","type-post","status-publish","format-standard","hentry","category-all"],"jetpack_featured_media_url":"","jetpack_shortlink":"https:\/\/wp.me\/paNjQG-ik","jetpack-related-posts":[{"id":435,"url":"https:\/\/blog-alexis.monville.com\/en\/2009\/03\/02\/black-out\/","url_meta":{"origin":1136,"position":0},"title":"Black-Out","author":"Alexis","date":"March 2, 2009","format":false,"excerpt":"Une loi qui va permettre de d\u00e9connecter du r\u00e9seau Internet des familles enti\u00e8res sans preuve ni proc\u00e8s. Des sites condamn\u00e9s a disparaitre car ne faisant pas partie de la liste blanche des sites autoris\u00e9s par le gouvernement... Pour en savoir plus sur la loi Cr\u00e9ation et Internet, vous pouvez lire\u2026","rel":"","context":"In &quot;Explorateurs&quot;","block_context":{"text":"Explorateurs","link":"https:\/\/blog-alexis.monville.com\/en\/category\/explorateurs\/"},"img":{"alt_text":"HADOPI - Le Net en France : black-out","src":"https:\/\/i0.wp.com\/media.laquadrature.net\/Quadrature_black-out_HADOPI_125x125px.gif?resize=350%2C200","width":350,"height":200},"classes":[]},{"id":1318,"url":"https:\/\/blog-alexis.monville.com\/en\/2011\/12\/31\/the-coming-war-on-general-computation\/","url_meta":{"origin":1136,"position":1},"title":"The Coming War on General Computation","author":"Alexis","date":"December 31, 2011","format":false,"excerpt":"Cory Doctorow est intervenu lors de la 28\u00e8me \u00e9dition du\u00a0Chaos Communication Congress (28C3) pour une intervention en\u00a0pl\u00e9ni\u00e8re dont le titre \u00e9tait : \"The Coming War on General Computation\".\u00a0Joshua Wise a retranscrit son intervention que je vous invite \u00e0 lire ici :\u00a0http:\/\/joshuawise.com\/28c3-transcript Cory Doctorow est un auteur et conf\u00e9rencier intervenant pour\u2026","rel":"","context":"In &quot;ayeba&quot;","block_context":{"text":"ayeba","link":"https:\/\/blog-alexis.monville.com\/en\/category\/ayeba\/"},"img":{"alt_text":"","src":"https:\/\/i0.wp.com\/blog-alexis.monville.com\/wp-content\/uploads\/sites\/2\/2011\/12\/logo_klein.png?resize=350%2C200&ssl=1","width":350,"height":200},"classes":[]},{"id":856,"url":"https:\/\/blog-alexis.monville.com\/en\/2010\/06\/27\/droit-dauteur-equitable\/","url_meta":{"origin":1136,"position":2},"title":"Droit d&#8217;auteur \u00e9quitable","author":"Alexis","date":"June 27, 2010","format":false,"excerpt":"Les \u00e9tudiants canadiens ont produit cette vid\u00e9o d'information pour d\u00e9fendre un droit d'auteur \u00e9quitable. Cette excellente vid\u00e9o est reprise dans un article de Numerama. ACTA peut-\u00eatre un tr\u00e8s bon sujet de vid\u00e9os bien sur, et d'actions surtout, \u00e0 lire le communiqu\u00e9 de presse suite \u00e0 une rencontre entre les repr\u00e9sentants\u2026","rel":"","context":"In &quot;General&quot;","block_context":{"text":"General","link":"https:\/\/blog-alexis.monville.com\/en\/category\/all\/"},"img":{"alt_text":"","src":"https:\/\/i0.wp.com\/blog-alexis.monville.com\/wp-content\/uploads\/sites\/2\/2010\/06\/droit-auteur-equitable.jpg?resize=350%2C200&ssl=1","width":350,"height":200},"classes":[]},{"id":796,"url":"https:\/\/blog-alexis.monville.com\/en\/2010\/03\/11\/logiciel-libre\/","url_meta":{"origin":1136,"position":3},"title":"Logiciel libre","author":"Alexis","date":"March 11, 2010","format":false,"excerpt":"En quelques mots aujourd'hui pour : vous inviter \u00e0 noter dans vos agendas que le Salon Solutions Linux se tiendra \u00e0 la porte de Versailles du 16 au 18 mars, je vous souhaite nombreux pour la conf\u00e9rence Administration et Libre le 17 mars \u00e0 9h00, vous encourager \u00e0 r\u00e9agir \u00e0\u2026","rel":"","context":"In &quot;Interventions&quot;","block_context":{"text":"Interventions","link":"https:\/\/blog-alexis.monville.com\/en\/category\/interventions\/"},"img":{"alt_text":"","src":"","width":0,"height":0},"classes":[]},{"id":107,"url":"https:\/\/blog-alexis.monville.com\/en\/2008\/07\/28\/solutions-linux-2009\/","url_meta":{"origin":1136,"position":4},"title":"Solutions Linux 2009","author":"Alexis","date":"July 28, 2008","format":false,"excerpt":"L'appel \u00e0 communication pour les conf\u00e9rences du salon Solutions Linux 2009 (qui se tiendra du 31 mars au 2 avril 2009 \u00e0 la Porte de Versailles) vient d'\u00eatre publi\u00e9. Aussi, si vous souhaitez prendre la parole dans sur un ou plusieurs des 25 th\u00e8mes s\u00e9lectionn\u00e9s, vous avez jusqu'au 3 octobre\u2026","rel":"","context":"In &quot;General&quot;","block_context":{"text":"General","link":"https:\/\/blog-alexis.monville.com\/en\/category\/all\/"},"img":{"alt_text":"","src":"","width":0,"height":0},"classes":[]},{"id":513,"url":"https:\/\/blog-alexis.monville.com\/en\/2009\/05\/07\/les-explorateurs-du-web-2\/","url_meta":{"origin":1136,"position":5},"title":"Les Explorateurs du Web","author":"Alexis","date":"May 7, 2009","format":false,"excerpt":"La premi\u00e8re r\u00e9union du nouveau Conseil d'Administration de l'association Les Explorateurs du Web s'est tenue hier soir \u00e0 La Ruche. La transition avec l'ancienne \u00e9quipe est en cours et sera finalis\u00e9e lors du rendez-vous des \"Pr\u00e9sidents\" planifi\u00e9 mardi 12 mai. Nous publierons \u00e0 suivre notre proposition de plan d'action pour\u2026","rel":"","context":"In &quot;Explorateurs&quot;","block_context":{"text":"Explorateurs","link":"https:\/\/blog-alexis.monville.com\/en\/category\/explorateurs\/"},"img":{"alt_text":"","src":"https:\/\/i0.wp.com\/explorateursduweb.com\/blog\/wp-content\/files\/explorateurs-du-web-150.gif?resize=350%2C200","width":350,"height":200},"classes":[]}],"jetpack_sharing_enabled":true,"_links":{"self":[{"href":"https:\/\/blog-alexis.monville.com\/en\/wp-json\/wp\/v2\/posts\/1136","targetHints":{"allow":["GET"]}}],"collection":[{"href":"https:\/\/blog-alexis.monville.com\/en\/wp-json\/wp\/v2\/posts"}],"about":[{"href":"https:\/\/blog-alexis.monville.com\/en\/wp-json\/wp\/v2\/types\/post"}],"author":[{"embeddable":true,"href":"https:\/\/blog-alexis.monville.com\/en\/wp-json\/wp\/v2\/users\/1"}],"replies":[{"embeddable":true,"href":"https:\/\/blog-alexis.monville.com\/en\/wp-json\/wp\/v2\/comments?post=1136"}],"version-history":[{"count":0,"href":"https:\/\/blog-alexis.monville.com\/en\/wp-json\/wp\/v2\/posts\/1136\/revisions"}],"wp:attachment":[{"href":"https:\/\/blog-alexis.monville.com\/en\/wp-json\/wp\/v2\/media?parent=1136"}],"wp:term":[{"taxonomy":"category","embeddable":true,"href":"https:\/\/blog-alexis.monville.com\/en\/wp-json\/wp\/v2\/categories?post=1136"},{"taxonomy":"post_tag","embeddable":true,"href":"https:\/\/blog-alexis.monville.com\/en\/wp-json\/wp\/v2\/tags?post=1136"}],"curies":[{"name":"wp","href":"https:\/\/api.w.org\/{rel}","templated":true}]}}