{"id":1133,"date":"2011-07-03T21:01:57","date_gmt":"2011-07-03T19:01:57","guid":{"rendered":"https:\/\/blog-alexis.monville.com\/?p=1133"},"modified":"2011-07-03T21:01:57","modified_gmt":"2011-07-03T19:01:57","slug":"google","status":"publish","type":"post","link":"https:\/\/blog-alexis.monville.com\/en\/2011\/07\/03\/google\/","title":{"rendered":"Google+"},"content":{"rendered":"<p><a href=\"https:\/\/joindiaspora.com\/\"><img data-recalc-dims=\"1\" loading=\"lazy\" decoding=\"async\" data-attachment-id=\"1134\" data-permalink=\"https:\/\/blog-alexis.monville.com\/en\/2011\/07\/03\/google\/joindiaspora\/\" data-orig-file=\"https:\/\/i0.wp.com\/blog-alexis.monville.com\/en\/wp-content\/uploads\/sites\/2\/2011\/07\/joindiaspora.png?fit=300%2C225&amp;ssl=1\" data-orig-size=\"300,225\" data-comments-opened=\"1\" data-image-meta=\"{&quot;aperture&quot;:&quot;0&quot;,&quot;credit&quot;:&quot;&quot;,&quot;camera&quot;:&quot;&quot;,&quot;caption&quot;:&quot;&quot;,&quot;created_timestamp&quot;:&quot;0&quot;,&quot;copyright&quot;:&quot;&quot;,&quot;focal_length&quot;:&quot;0&quot;,&quot;iso&quot;:&quot;0&quot;,&quot;shutter_speed&quot;:&quot;0&quot;,&quot;title&quot;:&quot;&quot;}\" data-image-title=\"joindiaspora\" data-image-description=\"\" data-image-caption=\"\" data-large-file=\"https:\/\/i0.wp.com\/blog-alexis.monville.com\/en\/wp-content\/uploads\/sites\/2\/2011\/07\/joindiaspora.png?fit=300%2C225&amp;ssl=1\" class=\"alignleft size-full wp-image-1134\" title=\"joindiaspora\" src=\"https:\/\/i0.wp.com\/blog-alexis.monville.com\/wp-content\/uploads\/sites\/2\/2011\/07\/joindiaspora.png?resize=300%2C225&#038;ssl=1\" alt=\"\" width=\"300\" height=\"225\" \/><\/a>En quelques jours, Google+ a provoqu\u00e9 une avalanche de messages dans ma boite aux lettres : notifications, invitations etc&#8230; montrant si cela \u00e9tait n\u00e9cessaire l&#8217;engouement\u00a0suscit\u00e9\u00a0par la nouvelle cr\u00e9ation du g\u00e9ant de l&#8217;exploitation de donn\u00e9es comportementales.<\/p>\n<p>Google+ n&#8217;apporte pas de nouveaut\u00e9s sur les principes de fonctionnement par rapport aux agr\u00e9gateurs qui l&#8217;ont pr\u00e9c\u00e9d\u00e9s : hi5, Orkut ou Facebook bien sur. C&#8217;est de la centralisation de donn\u00e9es personnelles que vient la valeur pour les utilisateurs&#8230; et bien sur pour celui qui d\u00e9tient une vue globale des donn\u00e9es comportementales et du graphe social des liens entre les utilisateurs du r\u00e9seau.<\/p>\n<p>A ce niveau, la cat\u00e9gorisation par &#8220;cercle&#8221; des contacts de chaque utilisateur va apporter une information compl\u00e9mentaire probablement tr\u00e8s utile \u00e0 exploiter \u00e0 des fins marketing&#8230;<\/p>\n<p>Bien sur, une autre option est de construire un syst\u00e8me pair \u00e0 pair permettant d&#8217;assurer le m\u00eame partage d&#8217;information &#8220;entre amis&#8221; sans \u00e9changer ce service contre la cession des donn\u00e9es statiques et dynamiques nous caract\u00e9risant&#8230; Le probl\u00e8me \u00e0 r\u00e9soudre ? Le financement&#8230; Car dans ce cas, il n&#8217;est plus question de financer le logiciel par l&#8217;exploitation des donn\u00e9es&#8230;<\/p>\n<p>Pour aller plus loin, vous pouvez regarder un projet comme <a href=\"https:\/\/joindiaspora.com\/\">diaspora<\/a> ou vous\u00a0int\u00e9resser\u00a0\u00e0 ce que fait <a href=\"http:\/\/status.net\/\">status.net<\/a> avec <a href=\"http:\/\/identi.ca\/\">identi.ca<\/a> par exemple&#8230;<\/p>\n<p>&nbsp;<\/p>\n","protected":false},"excerpt":{"rendered":"<p>En quelques jours, Google+ a provoqu\u00e9 une avalanche de messages dans ma boite aux lettres : notifications, invitations etc&#8230; montrant si cela \u00e9tait n\u00e9cessaire l&#8217;engouement\u00a0suscit\u00e9\u00a0par la nouvelle cr\u00e9ation du g\u00e9ant de l&#8217;exploitation de donn\u00e9es comportementales. Google+ n&#8217;apporte pas de nouveaut\u00e9s sur les principes de fonctionnement par rapport aux agr\u00e9gateurs qui l&#8217;ont pr\u00e9c\u00e9d\u00e9s : hi5, Orkut [&hellip;]<\/p>\n","protected":false},"author":1,"featured_media":0,"comment_status":"open","ping_status":"open","sticky":false,"template":"","format":"standard","meta":{"advanced_seo_description":"","jetpack_seo_html_title":"","jetpack_seo_noindex":false,"jetpack_post_was_ever_published":false,"_jetpack_newsletter_access":"","_jetpack_dont_email_post_to_subs":false,"_jetpack_newsletter_tier_id":0,"_jetpack_memberships_contains_paywalled_content":false,"_jetpack_memberships_contains_paid_content":false,"footnotes":""},"categories":[7],"tags":[],"class_list":["post-1133","post","type-post","status-publish","format-standard","hentry","category-international"],"jetpack_featured_media_url":"","jetpack_shortlink":"https:\/\/wp.me\/saNjQG-google","jetpack-related-posts":[{"id":912,"url":"https:\/\/blog-alexis.monville.com\/en\/2010\/10\/03\/turn-freedom-on\/","url_meta":{"origin":1133,"position":0},"title":"Turn freedom on","author":"Alexis","date":"October 3, 2010","format":false,"excerpt":"Eben Moglen a donn\u00e9e la keynote de cloture de la premi\u00e8re journ\u00e9e de l'OpenWorldForum le 30 septembre 2010. La libert\u00e9 \u00e9tait le th\u00e8me principal de l'adresse d'Eben Moglen. La libert\u00e9 apport\u00e9e par les travaux du mouvement pour le logiciel libre qui a r\u00e9ussi \u00e0 mettre de la libert\u00e9 dans de\u2026","rel":"","context":"In &quot;International&quot;","block_context":{"text":"International","link":"https:\/\/blog-alexis.monville.com\/en\/category\/international\/"},"img":{"alt_text":"","src":"https:\/\/i0.wp.com\/blog-alexis.monville.com\/wp-content\/uploads\/sites\/2\/2010\/10\/gnu-social-logo.png?resize=350%2C200&ssl=1","width":350,"height":200},"classes":[]},{"id":688,"url":"https:\/\/blog-alexis.monville.com\/en\/2009\/11\/21\/acces-aux-donnees-publiques\/","url_meta":{"origin":1133,"position":1},"title":"Acc\u00e8s aux donn\u00e9es publiques","author":"Alexis","date":"November 21, 2009","format":false,"excerpt":"La premi\u00e8re fois que j'ai vu\u00a0Hans Rossling d\u00e9voiler des statistiques extraordinaires lors d'une session TED, je me suis dit que \"nous\" tenions une d\u00e9monstration de l'int\u00e9r\u00eat de donner acc\u00e8s aux donn\u00e9es publiques afin que \"nous\" puissions tous les utiliser. Depuis, les choses ont \u00e9volu\u00e9es et de nombreux pays ont fait\u2026","rel":"","context":"In &quot;Interventions&quot;","block_context":{"text":"Interventions","link":"https:\/\/blog-alexis.monville.com\/en\/category\/interventions\/"},"img":{"alt_text":"","src":"https:\/\/i0.wp.com\/lacantine.org\/\/uploads\/9\/opendatcamp_OKV5_R.png?resize=350%2C200","width":350,"height":200},"classes":[]},{"id":332,"url":"https:\/\/blog-alexis.monville.com\/en\/2009\/01\/19\/sauvegarder-et-synchroniser-vos-donnees-entre-plusieurs-ordinateurs\/","url_meta":{"origin":1133,"position":2},"title":"Sauvegarder et Synchroniser vos donn\u00e9es entre plusieurs ordinateurs","author":"Alexis","date":"January 19, 2009","format":false,"excerpt":"La sauvegarde des donn\u00e9es est une probl\u00e9matique courante plus ou moins bien trait\u00e9e dans les entreprises, et plus rarement trait\u00e9e tout court dans nos maisons. Et pourtant, nos donn\u00e9es familiales, comme nos photos num\u00e9riques par exemple, ne sont pas rempla\u00e7ables et les pannes de disque dur sont des \u00e9v\u00e8nements qui\u2026","rel":"","context":"In &quot;Explorateurs&quot;","block_context":{"text":"Explorateurs","link":"https:\/\/blog-alexis.monville.com\/en\/category\/explorateurs\/"},"img":{"alt_text":"","src":"https:\/\/i0.wp.com\/www.getdropbox.com\/static\/1232401964\/images\/main_logo.png?resize=350%2C200&ssl=1","width":350,"height":200},"classes":[]},{"id":866,"url":"https:\/\/blog-alexis.monville.com\/en\/2010\/07\/08\/ethique-du-numerique\/","url_meta":{"origin":1133,"position":3},"title":"Ethique du num\u00e9rique","author":"Alexis","date":"July 8, 2010","format":false,"excerpt":"Ce mercredi 7 juillet, j'\u00e9tais invit\u00e9 (avec une bonne centaine d'autres) \u00e0 un atelier participatif : \"Qu'est-ce qu'une loi 2.0 ?\". Cette r\u00e9union \u00e9tait organis\u00e9e par les parlementaires UMP pour prolonger les travaux du rapport Vive internet ! Libert\u00e9 et r\u00e8gles dans le monde num\u00e9rique. La parole est donn\u00e9e sur\u2026","rel":"","context":"In &quot;General&quot;","block_context":{"text":"General","link":"https:\/\/blog-alexis.monville.com\/en\/category\/all\/"},"img":{"alt_text":"","src":"https:\/\/i0.wp.com\/blog-alexis.monville.com\/wp-content\/uploads\/sites\/2\/2010\/07\/Capture-d%E2%80%99%C3%A9cran-2010-07-08-%C3%A0-09.43.11.png?resize=350%2C200&ssl=1","width":350,"height":200},"classes":[]},{"id":608,"url":"https:\/\/blog-alexis.monville.com\/en\/2009\/06\/22\/une-soiree-agile-avec-le-french-scrum-user-group\/","url_meta":{"origin":1133,"position":4},"title":"Une soir\u00e9e agile avec le French Scrum User Group","author":"Alexis","date":"June 22, 2009","format":false,"excerpt":"Pour sa deuxi\u00e8me r\u00e9union, le groupe des utilisateurs fran\u00e7ais de SCRUM (le French Scrum User Group) avait choisi d'organiser un WorldCaf\u00e9 dans les locaux de l'EPITA. Une quarantaine de participants pour cette soir\u00e9e en deux parties. Une premi\u00e8re partie de restitution de l'enqu\u00eate sur l'utilisation des m\u00e9thodes agiles (vous pouvez\u2026","rel":"","context":"In &quot;General&quot;","block_context":{"text":"General","link":"https:\/\/blog-alexis.monville.com\/en\/category\/all\/"},"img":{"alt_text":"","src":"http:\/\/www.frenchsug.org\/download\/attachments\/131074\/global.logo?version=2","width":350,"height":200},"classes":[]},{"id":343,"url":"https:\/\/blog-alexis.monville.com\/en\/2009\/01\/22\/votre-carnet-dadresse-sur-votre-pc-votre-mobile-et-dans-les-nuages\/","url_meta":{"origin":1133,"position":5},"title":"Votre carnet d&#8217;adresse sur votre PC, votre mobile et dans les nuages&#8230;","author":"Alexis","date":"January 22, 2009","format":false,"excerpt":"Il y a quelques jours, j'ai parl\u00e9 ici de la synchronisation des donn\u00e9es entre un ordinateur fixe, un portable et les nuages : voir l'article sur getdropbox.com Pour certaines donn\u00e9es : le carnet d'adresses ou l'agenda par exemple, la synchronisation entre un PC fixe, un portable et un t\u00e9l\u00e9phone mobile\u2026","rel":"","context":"In &quot;Explorateurs&quot;","block_context":{"text":"Explorateurs","link":"https:\/\/blog-alexis.monville.com\/en\/category\/explorateurs\/"},"img":{"alt_text":"","src":"http:\/\/upload.wikimedia.org\/wikipedia\/en\/thumb\/e\/e3\/Plaxologo.png\/200px-Plaxologo.png","width":350,"height":200},"classes":[]}],"jetpack_sharing_enabled":true,"_links":{"self":[{"href":"https:\/\/blog-alexis.monville.com\/en\/wp-json\/wp\/v2\/posts\/1133","targetHints":{"allow":["GET"]}}],"collection":[{"href":"https:\/\/blog-alexis.monville.com\/en\/wp-json\/wp\/v2\/posts"}],"about":[{"href":"https:\/\/blog-alexis.monville.com\/en\/wp-json\/wp\/v2\/types\/post"}],"author":[{"embeddable":true,"href":"https:\/\/blog-alexis.monville.com\/en\/wp-json\/wp\/v2\/users\/1"}],"replies":[{"embeddable":true,"href":"https:\/\/blog-alexis.monville.com\/en\/wp-json\/wp\/v2\/comments?post=1133"}],"version-history":[{"count":0,"href":"https:\/\/blog-alexis.monville.com\/en\/wp-json\/wp\/v2\/posts\/1133\/revisions"}],"wp:attachment":[{"href":"https:\/\/blog-alexis.monville.com\/en\/wp-json\/wp\/v2\/media?parent=1133"}],"wp:term":[{"taxonomy":"category","embeddable":true,"href":"https:\/\/blog-alexis.monville.com\/en\/wp-json\/wp\/v2\/categories?post=1133"},{"taxonomy":"post_tag","embeddable":true,"href":"https:\/\/blog-alexis.monville.com\/en\/wp-json\/wp\/v2\/tags?post=1133"}],"curies":[{"name":"wp","href":"https:\/\/api.w.org\/{rel}","templated":true}]}}