{"id":1127,"date":"2011-06-14T10:48:19","date_gmt":"2011-06-14T08:48:19","guid":{"rendered":"https:\/\/blog-alexis.monville.com\/?p=1127"},"modified":"2011-06-14T10:48:19","modified_gmt":"2011-06-14T08:48:19","slug":"pas-sage-en-seine","status":"publish","type":"post","link":"https:\/\/blog-alexis.monville.com\/en\/2011\/06\/14\/pas-sage-en-seine\/","title":{"rendered":"Pas Sage en Seine"},"content":{"rendered":"<p><a href=\"http:\/\/www.passageenseine.org\/\"><img data-recalc-dims=\"1\" loading=\"lazy\" decoding=\"async\" class=\"alignleft\" src=\"https:\/\/i0.wp.com\/www.passageenseine.org\/pes-2011\/PES2011.jpg?resize=323%2C360\" alt=\"\" width=\"323\" height=\"360\" \/><\/a><a href=\"http:\/\/www.passageenseine.org\/pes-2011\" target=\"_blank\">Pas Sage en Seine<\/a> se tiendra les\u00a017, 18, et 19 juin 2011 \u00e0 La Cantine, Passage des Panoramas, 75002 Paris.<\/p>\n<p>De nombreux pr\u00e9sentations, ateliers, d\u00e9mos&#8230; se d\u00e9rouleront sur ces trois jours dont une conf\u00e9rence sur le <a title=\"lifehacking.fr\" href=\"http:\/\/lifehacking.fr\/post\/Lifehacking-bidouillez-votre-vie-a-Pas-Sage-en-Seine-2011\" target=\"_blank\">lifehacking<\/a> avec Fabien Benetou, Tangui Morlier, Fr\u00e9d\u00e9ric Couchet et moi-m\u00eame !<\/p>\n<p>Rendez-vous vendredi 17 juin de 16h30 \u00e0 18h00 \u00e0 <a href=\"http:\/\/lacantine.org\" target=\"_blank\">La Cantine<\/a> !<\/p>\n<p>mise \u00e0 jour le 18 juin : les pr\u00e9sentations sur le site de La Cantine :\u00a0<a href=\"http:\/\/lacantine.ubicast.eu\/videos\/pses-lifehacking\/\">http:\/\/lacantine.ubicast.eu\/videos\/pses-lifehacking\/<\/a><\/p>\n","protected":false},"excerpt":{"rendered":"<p>Pas Sage en Seine se tiendra les\u00a017, 18, et 19 juin 2011 \u00e0 La Cantine, Passage des Panoramas, 75002 Paris. De nombreux pr\u00e9sentations, ateliers, d\u00e9mos&#8230; se d\u00e9rouleront sur ces trois jours dont une conf\u00e9rence sur le lifehacking avec Fabien Benetou, Tangui Morlier, Fr\u00e9d\u00e9ric Couchet et moi-m\u00eame ! Rendez-vous vendredi 17 juin de 16h30 \u00e0 18h00 [&hellip;]<\/p>\n","protected":false},"author":1,"featured_media":0,"comment_status":"open","ping_status":"open","sticky":false,"template":"","format":"standard","meta":{"advanced_seo_description":"","jetpack_seo_html_title":"","jetpack_seo_noindex":false,"jetpack_post_was_ever_published":false,"_jetpack_newsletter_access":"","_jetpack_dont_email_post_to_subs":false,"_jetpack_newsletter_tier_id":0,"_jetpack_memberships_contains_paywalled_content":false,"_jetpack_memberships_contains_paid_content":false,"footnotes":""},"categories":[8],"tags":[],"class_list":["post-1127","post","type-post","status-publish","format-standard","hentry","category-interventions"],"jetpack_featured_media_url":"","jetpack_shortlink":"https:\/\/wp.me\/paNjQG-ib","jetpack-related-posts":[{"id":1001,"url":"https:\/\/blog-alexis.monville.com\/en\/2010\/12\/17\/aquinum-hacke-la-cantine\/","url_meta":{"origin":1127,"position":0},"title":"Aquinum hacke La Cantine","author":"Alexis","date":"December 17, 2010","format":false,"excerpt":"Le 13 janvier 2011 sera le premier jour de l\u2019ann\u00e9e d\u2019Aquinum, association repr\u00e9sentant les professionnels du num\u00e9rique en Aquitaine. A cette occasion, 20 repr\u00e9sentants d\u2019Aquinum viendront \u00e0 La Cantine Num\u00e9rique \u00e0 Paris, pr\u00e9senter leurs savoirs-faire ! Au programme de l\u2019apr\u00e8s-midi, pr\u00e9sentations en format court, d\u00e9monstrations, ateliers, discussions. En fin d\u2019apr\u00e8s-midi,\u2026","rel":"","context":"In &quot;Interventions&quot;","block_context":{"text":"Interventions","link":"https:\/\/blog-alexis.monville.com\/en\/category\/interventions\/"},"img":{"alt_text":"","src":"https:\/\/i0.wp.com\/www.editoile.fr\/wp-content\/uploads\/2010\/10\/Aquinum.jpg?resize=350%2C200","width":350,"height":200},"classes":[]},{"id":813,"url":"https:\/\/blog-alexis.monville.com\/en\/2010\/05\/05\/social-innovation\/","url_meta":{"origin":1127,"position":1},"title":"Social Innovation","author":"Alexis","date":"May 5, 2010","format":false,"excerpt":"Le samedi 26 juin de 13h \u00e0 19h \u00e0 la Cantine, \u00e0 Paris se tiendra le Social Innovation Barcamp. La Cantine, situ\u00e9e 151 rue Montmartre, passage des panoramas, 75002 PARIS, pour plus d'informations, consultez le site http:\/\/lacantine.org.","rel":"","context":"In &quot;General&quot;","block_context":{"text":"General","link":"https:\/\/blog-alexis.monville.com\/en\/category\/all\/"},"img":{"alt_text":"","src":"https:\/\/i0.wp.com\/barcamp.org\/f\/1272610370\/logo_small.png?resize=350%2C200","width":350,"height":200},"classes":[]},{"id":1075,"url":"https:\/\/blog-alexis.monville.com\/en\/2011\/03\/04\/le-reseau-des-cantines\/","url_meta":{"origin":1127,"position":2},"title":"le r\u00e9seau des Cantines","author":"Alexis","date":"March 4, 2011","format":false,"excerpt":"Le r\u00e9seau des Cantines s'ouvre aujourd'hui avec l'ambition d'\u00e9tablir une charte d\u00e9finissant les valeurs et les ambitions communes des porteurs du r\u00e9seaux. 4 Cantines sont membres du r\u00e9seau \u00e0 sa cr\u00e9ation : La Cantine par Silicon Sentier (Paris) La Cantine par La M\u00eal\u00e9e (Toulouse) La Cantine Num\u00e9rique Rennaise (Rennes) La\u2026","rel":"","context":"In &quot;General&quot;","block_context":{"text":"General","link":"https:\/\/blog-alexis.monville.com\/en\/category\/all\/"},"img":{"alt_text":"","src":"https:\/\/i0.wp.com\/reseaudescantines.org\/wp-content\/uploads\/2011\/01\/Logo.Cantines.Web-copy1.png?resize=350%2C200","width":350,"height":200},"classes":[]},{"id":1005,"url":"https:\/\/blog-alexis.monville.com\/en\/2010\/12\/19\/noel-a-la-cantine\/","url_meta":{"origin":1127,"position":3},"title":"No\u00ebl \u00e0 La Cantine","author":"Alexis","date":"December 19, 2010","format":false,"excerpt":"Ce samedi 18 d\u00e9cembre 2010, Silicon Sentier invitait toutes les \u00e9quipes des entreprises adh\u00e9rentes \u00e0 f\u00eater No\u00ebl avec conjoints et enfants bien sur ! Un super apr\u00e8s-midi avec cadeaux apport\u00e9s par le p\u00e8re-no\u00ebl, fontaine de chocolat et quelques bulles. Comme les grandes entreprises, les petites entreprises adh\u00e9rentes de Silicon Sentier,\u2026","rel":"","context":"In &quot;General&quot;","block_context":{"text":"General","link":"https:\/\/blog-alexis.monville.com\/en\/category\/all\/"},"img":{"alt_text":"","src":"https:\/\/i0.wp.com\/blog-alexis.monville.com\/files\/2010\/12\/emma-cadeau-150x150.jpg?resize=350%2C200&ssl=1","width":350,"height":200},"classes":[]},{"id":723,"url":"https:\/\/blog-alexis.monville.com\/en\/2010\/01\/12\/la-cantine-2-ans\/","url_meta":{"origin":1127,"position":4},"title":"La Cantine . . . . . . 2 ans !","author":"Alexis","date":"January 12, 2010","format":false,"excerpt":"Un cadeau pour les deux ans de La Cantine ? Je me suis dit : \"facile ! Je vais raconter ma premi\u00e8re fois...\" Seulement voil\u00e0, c'\u00e9tait quand la premi\u00e8re fois ? \u00c9tait-ce \u00e0 l'occasion de cet ExplorCamp du mois d'Avril 2008 ? A moins que ce ne soit pour un\u2026","rel":"","context":"In &quot;Explorateurs&quot;","block_context":{"text":"Explorateurs","link":"https:\/\/blog-alexis.monville.com\/en\/category\/explorateurs\/"},"img":{"alt_text":"cantine","src":"https:\/\/i0.wp.com\/blog-alexis.monville.com\/files\/2010\/01\/cantine-300x231.jpg?resize=350%2C200&ssl=1","width":350,"height":200},"classes":[]},{"id":585,"url":"https:\/\/blog-alexis.monville.com\/en\/2009\/06\/02\/tedx-paris\/","url_meta":{"origin":1127,"position":5},"title":"TEDx Paris","author":"Alexis","date":"June 2, 2009","format":false,"excerpt":"L'\u00e9dition pilote des TEDx Paris s'est d\u00e9roul\u00e9e le 28 mai 2009 \u00e0 La Cantine. Je vous invite bien sur \u00e0 d\u00e9couvrir la version originale en regardant par exemple Richard St-John parler des 8 secrets du succ\u00e8s ou Hans Rossling d\u00e9voiler des statistiques extraordinaires. Un projet de traduction vient de commencer\u2026","rel":"","context":"In &quot;Explorateurs&quot;","block_context":{"text":"Explorateurs","link":"https:\/\/blog-alexis.monville.com\/en\/category\/explorateurs\/"},"img":{"alt_text":"","src":"https:\/\/i0.wp.com\/tedxparis.com\/sites\/default\/files\/zen_classic_logo.jpg?resize=350%2C200","width":350,"height":200},"classes":[]}],"jetpack_sharing_enabled":true,"_links":{"self":[{"href":"https:\/\/blog-alexis.monville.com\/en\/wp-json\/wp\/v2\/posts\/1127","targetHints":{"allow":["GET"]}}],"collection":[{"href":"https:\/\/blog-alexis.monville.com\/en\/wp-json\/wp\/v2\/posts"}],"about":[{"href":"https:\/\/blog-alexis.monville.com\/en\/wp-json\/wp\/v2\/types\/post"}],"author":[{"embeddable":true,"href":"https:\/\/blog-alexis.monville.com\/en\/wp-json\/wp\/v2\/users\/1"}],"replies":[{"embeddable":true,"href":"https:\/\/blog-alexis.monville.com\/en\/wp-json\/wp\/v2\/comments?post=1127"}],"version-history":[{"count":0,"href":"https:\/\/blog-alexis.monville.com\/en\/wp-json\/wp\/v2\/posts\/1127\/revisions"}],"wp:attachment":[{"href":"https:\/\/blog-alexis.monville.com\/en\/wp-json\/wp\/v2\/media?parent=1127"}],"wp:term":[{"taxonomy":"category","embeddable":true,"href":"https:\/\/blog-alexis.monville.com\/en\/wp-json\/wp\/v2\/categories?post=1127"},{"taxonomy":"post_tag","embeddable":true,"href":"https:\/\/blog-alexis.monville.com\/en\/wp-json\/wp\/v2\/tags?post=1127"}],"curies":[{"name":"wp","href":"https:\/\/api.w.org\/{rel}","templated":true}]}}