{"id":1110,"date":"2011-06-04T13:48:53","date_gmt":"2011-06-04T11:48:53","guid":{"rendered":"https:\/\/blog-alexis.monville.com\/?p=1110"},"modified":"2011-06-04T13:48:53","modified_gmt":"2011-06-04T11:48:53","slug":"tedxbordeaux-3","status":"publish","type":"post","link":"https:\/\/blog-alexis.monville.com\/en\/2011\/06\/04\/tedxbordeaux-3\/","title":{"rendered":"TEDxBordeaux"},"content":{"rendered":"<p><a href=\"http:\/\/www.tedxbordeaux.com\"><img data-recalc-dims=\"1\" loading=\"lazy\" decoding=\"async\" data-attachment-id=\"1112\" data-permalink=\"https:\/\/blog-alexis.monville.com\/en\/2011\/06\/04\/tedxbordeaux-3\/tedxbordeaux-3\/\" data-orig-file=\"https:\/\/i0.wp.com\/blog-alexis.monville.com\/en\/wp-content\/uploads\/sites\/2\/2011\/06\/tedxbordeaux.jpg?fit=300%2C225&amp;ssl=1\" data-orig-size=\"300,225\" data-comments-opened=\"1\" data-image-meta=\"{&quot;aperture&quot;:&quot;0&quot;,&quot;credit&quot;:&quot;&quot;,&quot;camera&quot;:&quot;&quot;,&quot;caption&quot;:&quot;&quot;,&quot;created_timestamp&quot;:&quot;0&quot;,&quot;copyright&quot;:&quot;&quot;,&quot;focal_length&quot;:&quot;0&quot;,&quot;iso&quot;:&quot;0&quot;,&quot;shutter_speed&quot;:&quot;0&quot;,&quot;title&quot;:&quot;&quot;}\" data-image-title=\"tedxbordeaux\" data-image-description=\"\" data-image-caption=\"\" data-large-file=\"https:\/\/i0.wp.com\/blog-alexis.monville.com\/en\/wp-content\/uploads\/sites\/2\/2011\/06\/tedxbordeaux.jpg?fit=300%2C225&amp;ssl=1\" src=\"https:\/\/i0.wp.com\/blog-alexis.monville.com\/wp-content\/uploads\/sites\/2\/2011\/06\/tedxbordeaux.jpg?resize=300%2C225&#038;ssl=1\" alt=\"\" title=\"tedxbordeaux\" width=\"300\" height=\"225\" class=\"alignleft size-full wp-image-1112\" \/><\/a>ENSEMBLE&#8230;<br \/>\n&nbsp;<\/p>\n<p>La journ\u00e9e du 28 mai 2011 est pass\u00e9e. Plusieurs mois de pr\u00e9paration pour une \u00e9quipe b\u00e9n\u00e9vole r\u00e9compens\u00e9s par les nombreux sourires et f\u00e9licitations de la part des participants et des intervenants.<br \/>\n&nbsp;<\/p>\n<p>Les vid\u00e9os et les photos commencent a \u00eatre publi\u00e9es ce qui permettra \u00e0 ceux qui n&#8217;ont pu partager ce moment d&#8217;avoir un aper\u00e7u de l&#8217;exp\u00e9rience que nous avons v\u00e9cu.<br \/>\n&nbsp;<\/p>\n<p><strong>Un grand merci aux <a href=\"http:\/\/www.tedxbordeaux.com\/intervenants\/\">intervenants<\/a>, \u00e0 tous les participants, \u00e0 nos <a href=\"http:\/\/www.tedxbordeaux.com\/partenaires\/\">partenaires<\/a> et bien sur \u00e0 toute <a href=\"http:\/\/www.tedxbordeaux.com\/organisation\/\">l&#8217;\u00e9quipe d&#8217;organisation<\/a> !<\/strong><br \/>\n&nbsp;<\/p>\n<p>J&#8217;ai v\u00e9cu une tr\u00e8s belle exp\u00e9rience et je vous remercie tous pour votre contribution au succ\u00e8s de la premi\u00e8re \u00e9dition de <a href=\"http:\/\/www.tedxbordeaux.com\">TEDxBordeaux<\/a>.<br \/>\n&nbsp;<\/p>\n<p>En introduction, Coworking et TEDx :<br \/>\n<iframe loading=\"lazy\" width=\"560\" height=\"349\" src=\"http:\/\/www.youtube.com\/embed\/yr32ck6uKzQ\" frameborder=\"0\" allowfullscreen><\/iframe><\/p>\n<p>Quelques photos (on remarque bien avant la panne et apr\u00e8s&#8230;) :<br \/>\n<object width=\"500\" height=\"375\"><param name=\"flashvars\" value=\"offsite=true&#038;lang=en-us&#038;page_show_url=%2Fphotos%2Fmonville%2Fsets%2F72157626880896344%2Fshow%2F&#038;page_show_back_url=%2Fphotos%2Fmonville%2Fsets%2F72157626880896344%2F&#038;set_id=72157626880896344&#038;jump_to=\"><\/param><param name=\"movie\" value=\"http:\/\/www.flickr.com\/apps\/slideshow\/show.swf?v=104087\"><\/param><param name=\"allowFullScreen\" value=\"true\"><\/param><\/object><\/p>\n","protected":false},"excerpt":{"rendered":"<p>ENSEMBLE&#8230; &nbsp; La journ\u00e9e du 28 mai 2011 est pass\u00e9e. Plusieurs mois de pr\u00e9paration pour une \u00e9quipe b\u00e9n\u00e9vole r\u00e9compens\u00e9s par les nombreux sourires et f\u00e9licitations de la part des participants et des intervenants. &nbsp; Les vid\u00e9os et les photos commencent a \u00eatre publi\u00e9es ce qui permettra \u00e0 ceux qui n&#8217;ont pu partager ce moment d&#8217;avoir [&hellip;]<\/p>\n","protected":false},"author":1,"featured_media":0,"comment_status":"open","ping_status":"open","sticky":false,"template":"","format":"standard","meta":{"advanced_seo_description":"","jetpack_seo_html_title":"","jetpack_seo_noindex":false,"jetpack_post_was_ever_published":false,"_jetpack_newsletter_access":"","_jetpack_dont_email_post_to_subs":false,"_jetpack_newsletter_tier_id":0,"_jetpack_memberships_contains_paywalled_content":false,"_jetpack_memberships_contains_paid_content":false,"footnotes":""},"categories":[1],"tags":[446],"class_list":["post-1110","post","type-post","status-publish","format-standard","hentry","category-all","tag-tedx"],"jetpack_featured_media_url":"","jetpack_shortlink":"https:\/\/wp.me\/paNjQG-hU","jetpack-related-posts":[{"id":1942,"url":"https:\/\/blog-alexis.monville.com\/en\/2014\/08\/25\/ale-2014-deuxieme-et-troisieme-jour\/","url_meta":{"origin":1110,"position":0},"title":"ALE 2014 &#8211; deuxi\u00e8me et troisi\u00e8me jour","author":"Alexis","date":"August 25, 2014","format":false,"excerpt":"Cet article \u00e9voque les deuxi\u00e8me et troisi\u00e8me jour\u00a0de la\u00a0non-conf\u00e9rence 2014\u00a0du\u00a0r\u00e9seau ALE\u00a0(Agile Lean Europe). Le r\u00e9sum\u00e9 du premier jour est ici. Ce deuxi\u00e8me jour de la non-conf\u00e9rence ALE 2014, d\u00e9bute par une session par Josef Scherer, Self-designing Feature Teams @BMW. Pour influer sur la culture d\u2019une grande organisation, Josef explique qu\u2019il\u2026","rel":"","context":"In &quot;Europe&quot;","block_context":{"text":"Europe","link":"https:\/\/blog-alexis.monville.com\/en\/category\/international\/europe\/"},"img":{"alt_text":"","src":"https:\/\/i0.wp.com\/blog-alexis.monville.com\/en\/wp-content\/uploads\/sites\/2\/2014\/08\/2014-08-21-09.05.06-scaled.jpg?fit=1200%2C900&ssl=1&resize=350%2C200","width":350,"height":200,"srcset":"https:\/\/i0.wp.com\/blog-alexis.monville.com\/en\/wp-content\/uploads\/sites\/2\/2014\/08\/2014-08-21-09.05.06-scaled.jpg?fit=1200%2C900&ssl=1&resize=350%2C200 1x, https:\/\/i0.wp.com\/blog-alexis.monville.com\/en\/wp-content\/uploads\/sites\/2\/2014\/08\/2014-08-21-09.05.06-scaled.jpg?fit=1200%2C900&ssl=1&resize=525%2C300 1.5x, https:\/\/i0.wp.com\/blog-alexis.monville.com\/en\/wp-content\/uploads\/sites\/2\/2014\/08\/2014-08-21-09.05.06-scaled.jpg?fit=1200%2C900&ssl=1&resize=700%2C400 2x, https:\/\/i0.wp.com\/blog-alexis.monville.com\/en\/wp-content\/uploads\/sites\/2\/2014\/08\/2014-08-21-09.05.06-scaled.jpg?fit=1200%2C900&ssl=1&resize=1050%2C600 3x"},"classes":[]},{"id":1934,"url":"https:\/\/blog-alexis.monville.com\/en\/2014\/08\/20\/ale-2014-premier-jour\/","url_meta":{"origin":1110,"position":1},"title":"ALE 2014 &#8211; premier jour","author":"Alexis","date":"August 20, 2014","format":false,"excerpt":"Ce premier jour de la non-conf\u00e9rence 2014 du r\u00e9seau ALE (Agile Lean Europe) \u00e9tait particuli\u00e8rement riche ! Une richesse que je ne fais qu'effleurer dans ce compte-rendu rapide. Le programme est un mix entre des sessions pr\u00e9par\u00e9es et s\u00e9lectionn\u00e9es par les participants du sofa \"programme\" et un open space (pour\u2026","rel":"","context":"In &quot;Europe&quot;","block_context":{"text":"Europe","link":"https:\/\/blog-alexis.monville.com\/en\/category\/international\/europe\/"},"img":{"alt_text":"","src":"https:\/\/i0.wp.com\/blog-alexis.monville.com\/en\/wp-content\/uploads\/sites\/2\/2014\/08\/2014-08-20-09.28.05-scaled.jpg?fit=1200%2C900&ssl=1&resize=350%2C200","width":350,"height":200,"srcset":"https:\/\/i0.wp.com\/blog-alexis.monville.com\/en\/wp-content\/uploads\/sites\/2\/2014\/08\/2014-08-20-09.28.05-scaled.jpg?fit=1200%2C900&ssl=1&resize=350%2C200 1x, https:\/\/i0.wp.com\/blog-alexis.monville.com\/en\/wp-content\/uploads\/sites\/2\/2014\/08\/2014-08-20-09.28.05-scaled.jpg?fit=1200%2C900&ssl=1&resize=525%2C300 1.5x, https:\/\/i0.wp.com\/blog-alexis.monville.com\/en\/wp-content\/uploads\/sites\/2\/2014\/08\/2014-08-20-09.28.05-scaled.jpg?fit=1200%2C900&ssl=1&resize=700%2C400 2x, https:\/\/i0.wp.com\/blog-alexis.monville.com\/en\/wp-content\/uploads\/sites\/2\/2014\/08\/2014-08-20-09.28.05-scaled.jpg?fit=1200%2C900&ssl=1&resize=1050%2C600 3x"},"classes":[]},{"id":2043,"url":"https:\/\/blog-alexis.monville.com\/en\/2015\/03\/28\/club-de-lecture\/","url_meta":{"origin":1110,"position":2},"title":"Club de Lecture","author":"Alexis","date":"March 28, 2015","format":false,"excerpt":"Une session du Club de Lecture de Bordeaux s'est d\u00e9roul\u00e9e ce samedi 28 mars 2015, de 10h30 \u00e0 12h00. L'id\u00e9e de proposer cette session m'\u00e9tait venu suite \u00e0 la participation au club de Toulouse que j'ai racont\u00e9 ici. 1er RDV du Club de lecture #Bordeaux initi\u00e9 par @alexismonville avec le\u2026","rel":"","context":"In &quot;General&quot;","block_context":{"text":"General","link":"https:\/\/blog-alexis.monville.com\/en\/category\/all\/"},"img":{"alt_text":"","src":"https:\/\/i0.wp.com\/blog-alexis.monville.com\/en\/wp-content\/uploads\/sites\/2\/2015\/03\/20150328-Club-De-Lecture-Workout-e1427543334391.png?fit=1200%2C848&ssl=1&resize=350%2C200","width":350,"height":200,"srcset":"https:\/\/i0.wp.com\/blog-alexis.monville.com\/en\/wp-content\/uploads\/sites\/2\/2015\/03\/20150328-Club-De-Lecture-Workout-e1427543334391.png?fit=1200%2C848&ssl=1&resize=350%2C200 1x, https:\/\/i0.wp.com\/blog-alexis.monville.com\/en\/wp-content\/uploads\/sites\/2\/2015\/03\/20150328-Club-De-Lecture-Workout-e1427543334391.png?fit=1200%2C848&ssl=1&resize=525%2C300 1.5x, https:\/\/i0.wp.com\/blog-alexis.monville.com\/en\/wp-content\/uploads\/sites\/2\/2015\/03\/20150328-Club-De-Lecture-Workout-e1427543334391.png?fit=1200%2C848&ssl=1&resize=700%2C400 2x, https:\/\/i0.wp.com\/blog-alexis.monville.com\/en\/wp-content\/uploads\/sites\/2\/2015\/03\/20150328-Club-De-Lecture-Workout-e1427543334391.png?fit=1200%2C848&ssl=1&resize=1050%2C600 3x"},"classes":[]},{"id":1746,"url":"https:\/\/blog-alexis.monville.com\/en\/2014\/02\/09\/agile-games-france\/","url_meta":{"origin":1110,"position":3},"title":"Agile Games France","author":"Alexis","date":"February 9, 2014","format":false,"excerpt":"La troisi\u00e8me \u00e9dition de l'Open Space consacr\u00e9 aux jeux d'entreprises agile s'est d\u00e9roul\u00e9e \u00e0 Lyon les 7 et 8 f\u00e9vrier. Le succ\u00e8s des 2 pr\u00e9c\u00e9dentes \u00e9ditions (\u00e0 Nantes en 2012 et \u00e0 Avignon en 2013) ainsi que la limite \u00e0 60 personnes ont fait que les places \u00e9taient vendues en\u2026","rel":"","context":"In &quot;General&quot;","block_context":{"text":"General","link":"https:\/\/blog-alexis.monville.com\/en\/category\/all\/"},"img":{"alt_text":"","src":"https:\/\/i0.wp.com\/blog-alexis.monville.com\/en\/wp-content\/uploads\/sites\/2\/2014\/02\/2014-02-07-11.34.08-scaled.jpg?fit=1200%2C900&ssl=1&resize=350%2C200","width":350,"height":200,"srcset":"https:\/\/i0.wp.com\/blog-alexis.monville.com\/en\/wp-content\/uploads\/sites\/2\/2014\/02\/2014-02-07-11.34.08-scaled.jpg?fit=1200%2C900&ssl=1&resize=350%2C200 1x, https:\/\/i0.wp.com\/blog-alexis.monville.com\/en\/wp-content\/uploads\/sites\/2\/2014\/02\/2014-02-07-11.34.08-scaled.jpg?fit=1200%2C900&ssl=1&resize=525%2C300 1.5x, https:\/\/i0.wp.com\/blog-alexis.monville.com\/en\/wp-content\/uploads\/sites\/2\/2014\/02\/2014-02-07-11.34.08-scaled.jpg?fit=1200%2C900&ssl=1&resize=700%2C400 2x, https:\/\/i0.wp.com\/blog-alexis.monville.com\/en\/wp-content\/uploads\/sites\/2\/2014\/02\/2014-02-07-11.34.08-scaled.jpg?fit=1200%2C900&ssl=1&resize=1050%2C600 3x"},"classes":[]},{"id":936,"url":"https:\/\/blog-alexis.monville.com\/en\/2010\/11\/14\/tva-revenu-universel\/","url_meta":{"origin":1110,"position":4},"title":"TVA \u00e0 100% ?","author":"Alexis","date":"November 14, 2010","format":false,"excerpt":"Avec un produit int\u00e9rieur brut d'environ 2000 milliards d'euros et un budget cumul\u00e9 de l'Etat, des collectivit\u00e9s territoriales et des comptes sociaux d'environ 1000 milliards d'euros, c'est en effet \u00e0 100% qu'il faudrait fixer le taux de TVA afin de faire de cette taxe le seul imp\u00f4t pr\u00e9lev\u00e9 en France.\u2026","rel":"","context":"In &quot;Explorateurs&quot;","block_context":{"text":"Explorateurs","link":"https:\/\/blog-alexis.monville.com\/en\/category\/explorateurs\/"},"img":{"alt_text":"","src":"https:\/\/i0.wp.com\/blog-alexis.monville.com\/wp-content\/uploads\/sites\/2\/2010\/11\/piece-euro.png?resize=350%2C200&ssl=1","width":350,"height":200},"classes":[]},{"id":1463,"url":"https:\/\/blog-alexis.monville.com\/en\/2012\/09\/07\/ale2012-quest-ce-quune-keynote\/","url_meta":{"origin":1110,"position":5},"title":"ALE2012 &#8211; qu&#8217;est-ce qu&#8217;une keynote ?","author":"Alexis","date":"September 7, 2012","format":false,"excerpt":"C'est lors d'une discussion autour d'un verre \u00e0 la sortie d'ALE que la question a \u00e9t\u00e9 abord\u00e9e. Nous partagions nos points de vue sur les Keynotes de l'\u00e9dition 2012 de la conf\u00e9rence annuelle du r\u00e9seau Agile Lean Europe (ALE Network). \"Nous\" ici ce sont Pablo, Duarte, Stephen, Oana et quelques\u2026","rel":"","context":"In &quot;General&quot;","block_context":{"text":"General","link":"https:\/\/blog-alexis.monville.com\/en\/category\/all\/"},"img":{"alt_text":"","src":"https:\/\/i0.wp.com\/blog-alexis.monville.com\/en\/wp-content\/uploads\/sites\/2\/2012\/09\/ALE2012-1-scaled.jpg?fit=1200%2C900&ssl=1&resize=350%2C200","width":350,"height":200,"srcset":"https:\/\/i0.wp.com\/blog-alexis.monville.com\/en\/wp-content\/uploads\/sites\/2\/2012\/09\/ALE2012-1-scaled.jpg?fit=1200%2C900&ssl=1&resize=350%2C200 1x, https:\/\/i0.wp.com\/blog-alexis.monville.com\/en\/wp-content\/uploads\/sites\/2\/2012\/09\/ALE2012-1-scaled.jpg?fit=1200%2C900&ssl=1&resize=525%2C300 1.5x, https:\/\/i0.wp.com\/blog-alexis.monville.com\/en\/wp-content\/uploads\/sites\/2\/2012\/09\/ALE2012-1-scaled.jpg?fit=1200%2C900&ssl=1&resize=700%2C400 2x, https:\/\/i0.wp.com\/blog-alexis.monville.com\/en\/wp-content\/uploads\/sites\/2\/2012\/09\/ALE2012-1-scaled.jpg?fit=1200%2C900&ssl=1&resize=1050%2C600 3x"},"classes":[]}],"jetpack_sharing_enabled":true,"_links":{"self":[{"href":"https:\/\/blog-alexis.monville.com\/en\/wp-json\/wp\/v2\/posts\/1110","targetHints":{"allow":["GET"]}}],"collection":[{"href":"https:\/\/blog-alexis.monville.com\/en\/wp-json\/wp\/v2\/posts"}],"about":[{"href":"https:\/\/blog-alexis.monville.com\/en\/wp-json\/wp\/v2\/types\/post"}],"author":[{"embeddable":true,"href":"https:\/\/blog-alexis.monville.com\/en\/wp-json\/wp\/v2\/users\/1"}],"replies":[{"embeddable":true,"href":"https:\/\/blog-alexis.monville.com\/en\/wp-json\/wp\/v2\/comments?post=1110"}],"version-history":[{"count":0,"href":"https:\/\/blog-alexis.monville.com\/en\/wp-json\/wp\/v2\/posts\/1110\/revisions"}],"wp:attachment":[{"href":"https:\/\/blog-alexis.monville.com\/en\/wp-json\/wp\/v2\/media?parent=1110"}],"wp:term":[{"taxonomy":"category","embeddable":true,"href":"https:\/\/blog-alexis.monville.com\/en\/wp-json\/wp\/v2\/categories?post=1110"},{"taxonomy":"post_tag","embeddable":true,"href":"https:\/\/blog-alexis.monville.com\/en\/wp-json\/wp\/v2\/tags?post=1110"}],"curies":[{"name":"wp","href":"https:\/\/api.w.org\/{rel}","templated":true}]}}