{"id":1101,"date":"2011-05-09T08:08:34","date_gmt":"2011-05-09T06:08:34","guid":{"rendered":"https:\/\/blog-alexis.monville.com\/?p=1101"},"modified":"2011-05-09T08:08:34","modified_gmt":"2011-05-09T06:08:34","slug":"ujuo-sur-solutions-linux","status":"publish","type":"post","link":"https:\/\/blog-alexis.monville.com\/en\/2011\/05\/09\/ujuo-sur-solutions-linux\/","title":{"rendered":"UJUO sur Solutions Linux"},"content":{"rendered":"<p><a href=\"http:\/\/www.solutionslinux.fr\/animation_43_168_1436_p.html?cid=529\"><img data-recalc-dims=\"1\" loading=\"lazy\" decoding=\"async\" class=\"alignleft\" src=\"https:\/\/i0.wp.com\/ujuo.org\/wp-content\/uploads\/HLIC\/cd47d7a5964a35b751239b7a767a98b0.gif?resize=164%2C90\" alt=\"\" width=\"164\" height=\"90\" \/><\/a>Ce mercredi 11 mai \u00e0 11h00, la p\u00e9dagogie de l&#8217;attention <a href=\"http:\/\/ujuo.org\">Un Jour Une Oeuvre<\/a> sera pr\u00e9sent\u00e9e lors de la table-ronde : &#8220;La diversit\u00e9 dans le libre \u00e9ducatif&#8221;.<\/p>\n<p><strong>Regardons Ensemble !<\/strong><\/p>\n<p><strong><\/strong><br \/>\nUn Jour Une Oeuvre est une aventure transposant l&#8217;approche\u00a0collaborative pratiqu\u00e9e dans le monde du logiciel libre dans le but de\u00a0permettre \u00e0 chacun d&#8217;acc\u00e9der \u00e0 l&#8217;oeuvre d&#8217;art. En regardant ensemble,\u00a0nous affinons nos regards, nous exer\u00e7ons notre attention et nous\u00a0pouvons nous lib\u00e9rer des conventions pour enfin acc\u00e9der aux oeuvres.La pr\u00e9sentation quotidienne d&#8217;une oeuvre d&#8217;art permet \u00e0 chacun de\u00a0s&#8217;exercer \u00e0 l&#8217;attention v\u00e9ritable, et d\u00e9couvrir ce que les autres ont\u00a0vus pour apprendre des similitudes et des diff\u00e9rences.<\/p>\n<p>Cette courte pr\u00e9sentation sera suivie d&#8217;un d\u00e9bat avec la salle. Une occasion de tirer les liens entre l&#8217;acc\u00e8s \u00e0 l&#8217;oeuvre, l&#8217;approche collaborative du logiciel libre et l&#8217;\u00e9ducation.<\/p>\n<p><a href=\"http:\/\/www.solutionslinux.fr\/animation_43_168_1436_p.html?cid=529\" target=\"_blank\">Demandez votre badge<\/a> pour venir sur le salon du libre au CNIT Paris la d\u00e9fense participer \u00e0 la discussion.<\/p>\n<div style=\"width:595px\" id=\"__ss_7882240\"> <strong style=\"display:block;margin:12px 0 4px\"><a href=\"http:\/\/www.slideshare.net\/alexis\/regardons-ensemblesl2011trlibreeducatif\" title=\"Regardons ensemble-sl2011-tr-libre-educatif\">Regardons ensemble-sl2011-tr-libre-educatif<\/a><\/strong> <iframe loading=\"lazy\" src=\"http:\/\/www.slideshare.net\/slideshow\/embed_code\/7882240\" width=\"595\" height=\"497\" frameborder=\"0\" marginwidth=\"0\" marginheight=\"0\" scrolling=\"no\"><\/iframe> <\/div>\n","protected":false},"excerpt":{"rendered":"<p>Ce mercredi 11 mai \u00e0 11h00, la p\u00e9dagogie de l&#8217;attention Un Jour Une Oeuvre sera pr\u00e9sent\u00e9e lors de la table-ronde : &#8220;La diversit\u00e9 dans le libre \u00e9ducatif&#8221;. Regardons Ensemble ! Un Jour Une Oeuvre est une aventure transposant l&#8217;approche\u00a0collaborative pratiqu\u00e9e dans le monde du logiciel libre dans le but de\u00a0permettre \u00e0 chacun d&#8217;acc\u00e9der \u00e0 l&#8217;oeuvre [&hellip;]<\/p>\n","protected":false},"author":1,"featured_media":0,"comment_status":"open","ping_status":"open","sticky":false,"template":"","format":"standard","meta":{"advanced_seo_description":"","jetpack_seo_html_title":"","jetpack_seo_noindex":false,"jetpack_post_was_ever_published":false,"_jetpack_newsletter_access":"","_jetpack_dont_email_post_to_subs":false,"_jetpack_newsletter_tier_id":0,"_jetpack_memberships_contains_paywalled_content":false,"_jetpack_memberships_contains_paid_content":false,"footnotes":""},"categories":[3,8],"tags":[276],"class_list":["post-1101","post","type-post","status-publish","format-standard","hentry","category-ayeba","category-interventions","tag-logiciel-libre"],"jetpack_featured_media_url":"","jetpack_shortlink":"https:\/\/wp.me\/paNjQG-hL","jetpack-related-posts":[{"id":291,"url":"https:\/\/blog-alexis.monville.com\/en\/2008\/12\/17\/mantegnaun-jour-une-oeuvre-au-louvre\/","url_meta":{"origin":1101,"position":0},"title":"Un Jour Une \u0152uvre au Louvre","author":"Alexis","date":"December 17, 2008","format":false,"excerpt":"Ce mercredi 12 d\u00e9cembre, nous nous sommes retrouv\u00e9s au Louvre pour visiter l\u2019exposition consacr\u00e9e \u00e0 Mantegna. Nous\u00a0? Nous c\u2019est Ivan (qui raconte l\u2019exp\u00e9rience sur son blog), Jean-Fran\u00e7ois et moi, trois parmi ceux qui avaient envie de participer \u00e0 cette exp\u00e9rience de mutualisation des regards dans le monde r\u00e9el, exp\u00e9rience que\u2026","rel":"","context":"In &quot;General&quot;","block_context":{"text":"General","link":"https:\/\/blog-alexis.monville.com\/en\/category\/all\/"},"img":{"alt_text":"","src":"http:\/\/upload.wikimedia.org\/wikipedia\/commons\/thumb\/4\/4d\/Andrea_Mantegna_089.jpg\/257px-Andrea_Mantegna_089.jpg","width":350,"height":200},"classes":[]},{"id":961,"url":"https:\/\/blog-alexis.monville.com\/en\/2010\/11\/21\/un-jour-une-oeuvre-au-carrefour-des-possibles\/","url_meta":{"origin":1101,"position":1},"title":"Un Jour Une Oeuvre au Carrefour des Possibles !","author":"Alexis","date":"November 21, 2010","format":false,"excerpt":"Un Jour Une Oeuvre (UJUO) sera pr\u00e9sent\u00e9 au Carrefour des Possibles du 29 novembre 2010. J\u2019ai d\u00e9j\u00e0 eu le plaisir de r\u00e9p\u00e9ter devant les regards attentifs d\u2019Ivan et Jean-Fran\u00e7ois et leurs retours m\u2019ont permis d\u2019\u00eatre \u00abassez \u00e0 l\u2019aise\u00bb lors du brief de s\u00e9lection. Je vous encourage \u00e0 r\u00e9server votre date\u2026","rel":"","context":"In &quot;Interventions&quot;","block_context":{"text":"Interventions","link":"https:\/\/blog-alexis.monville.com\/en\/category\/interventions\/"},"img":{"alt_text":"","src":"https:\/\/i0.wp.com\/blog-alexis.monville.com\/wp-content\/uploads\/sites\/2\/2010\/11\/logo-ujuo-200.gif?resize=350%2C200&ssl=1","width":350,"height":200},"classes":[]},{"id":378,"url":"https:\/\/blog-alexis.monville.com\/en\/2009\/02\/03\/un-jour-une-oeuvre-3\/","url_meta":{"origin":1101,"position":2},"title":"Un Jour Une Oeuvre","author":"Alexis","date":"February 3, 2009","format":false,"excerpt":"Un Jour Une Oeuvre s'int\u00e9resse \u00e0 la peinture, la sculpture, la photographie, une \u0153uvre d\u2019art est propos\u00e9e chaque jour pour partager nos regards sur l'art. Quelques nouvelles de ce site Internet : Une nouvelle pr\u00e9sentation voulant donner plus de place aux oeuvres est en ligne depuis quelques jours (voir l'aper\u00e7u\u2026","rel":"","context":"In &quot;General&quot;","block_context":{"text":"General","link":"https:\/\/blog-alexis.monville.com\/en\/category\/all\/"},"img":{"alt_text":"ujuo","src":"https:\/\/i0.wp.com\/blog-alexis.monville.com\/wp-content\/uploads\/sites\/2\/2009\/01\/ujuo.jpg?resize=350%2C200&ssl=1","width":350,"height":200},"classes":[]},{"id":318,"url":"https:\/\/blog-alexis.monville.com\/en\/2009\/01\/18\/un-jour-une-oeuvre-en-direct\/","url_meta":{"origin":1101,"position":3},"title":"Un Jour Une Oeuvre en direct","author":"Alexis","date":"January 18, 2009","format":false,"excerpt":"14 janvier 2009, 17h00, Saint-Germain-des-Pr\u00e9s, une nouvelle session d'Un Jour Une \u0152uvre en direct commence, nous sommes quatre et nous visiterons quatre galeries. Ivan raconte notre excursion sur son blog : Alexis, Sylvie, Mana et Ivan. Mantegna m'a paru finalement beaucoup plus simple d'acc\u00e8s que ces oeuvres plus proches de\u2026","rel":"","context":"In &quot;General&quot;","block_context":{"text":"General","link":"https:\/\/blog-alexis.monville.com\/en\/category\/all\/"},"img":{"alt_text":"1967-luciano-fabro-contatto-tautologia","src":"https:\/\/i0.wp.com\/blog-alexis.monville.com\/wp-content\/uploads\/sites\/2\/2009\/01\/1967-luciano-fabro-contatto-tautologia.jpg?resize=350%2C200&ssl=1","width":350,"height":200},"classes":[]},{"id":863,"url":"https:\/\/blog-alexis.monville.com\/en\/2010\/07\/05\/experimentons-la-mutualisation-des-regards\/","url_meta":{"origin":1101,"position":4},"title":"Exp\u00e9rimentons la mutualisation des regards","author":"Alexis","date":"July 5, 2010","format":false,"excerpt":"J'animerais demain - mardi 6 juillet - avec Ivan Sigg un atelier : \"Exp\u00e9rimentons la mutualisation des regards\" cet atelier est un prolongement du site Internet Un Jour Une Oeuvre qui propose de recueillir les regards des visiteurs sur les oeuvres publi\u00e9es r\u00e9guli\u00e8rement. Il n\u2019y a pas d\u2019INTER\u00caT \u00e0 regarder\u2026","rel":"","context":"In &quot;General&quot;","block_context":{"text":"General","link":"https:\/\/blog-alexis.monville.com\/en\/category\/all\/"},"img":{"alt_text":"","src":"https:\/\/i0.wp.com\/blog-alexis.monville.com\/files\/2010\/06\/RMLL_AFFICHE_800-212x300.png?resize=350%2C200&ssl=1","width":350,"height":200},"classes":[]},{"id":840,"url":"https:\/\/blog-alexis.monville.com\/en\/2010\/06\/19\/rencontres-mondiales\/","url_meta":{"origin":1101,"position":5},"title":"Rencontres Mondiales","author":"Alexis","date":"June 19, 2010","format":false,"excerpt":"Les 11\u00e8me Rencontres Mondiales du Logiciel Libre se tiendront du 6 au 11 juillet 2010 \u00e0 Bordeaux.\u00a0Au del\u00e0 des th\u00e8mes techniques classiques, les RMLL 2010 proposent les th\u00e8mes \"D\u00e9veloppement durable\" et \"Accessibilit\u00e9 et handicap\" qui seront les th\u00e8mes fils rouges de l'\u00e9v\u00e8nement, ainsi que\u00a0les th\u00e8mes \"Loisirs, Culture, Arts et Libre\u2026","rel":"","context":"In &quot;Interventions&quot;","block_context":{"text":"Interventions","link":"https:\/\/blog-alexis.monville.com\/en\/category\/interventions\/"},"img":{"alt_text":"","src":"https:\/\/i0.wp.com\/blog-alexis.monville.com\/files\/2010\/06\/RMLL_AFFICHE_800-212x300.png?resize=350%2C200&ssl=1","width":350,"height":200},"classes":[]}],"jetpack_sharing_enabled":true,"_links":{"self":[{"href":"https:\/\/blog-alexis.monville.com\/en\/wp-json\/wp\/v2\/posts\/1101","targetHints":{"allow":["GET"]}}],"collection":[{"href":"https:\/\/blog-alexis.monville.com\/en\/wp-json\/wp\/v2\/posts"}],"about":[{"href":"https:\/\/blog-alexis.monville.com\/en\/wp-json\/wp\/v2\/types\/post"}],"author":[{"embeddable":true,"href":"https:\/\/blog-alexis.monville.com\/en\/wp-json\/wp\/v2\/users\/1"}],"replies":[{"embeddable":true,"href":"https:\/\/blog-alexis.monville.com\/en\/wp-json\/wp\/v2\/comments?post=1101"}],"version-history":[{"count":0,"href":"https:\/\/blog-alexis.monville.com\/en\/wp-json\/wp\/v2\/posts\/1101\/revisions"}],"wp:attachment":[{"href":"https:\/\/blog-alexis.monville.com\/en\/wp-json\/wp\/v2\/media?parent=1101"}],"wp:term":[{"taxonomy":"category","embeddable":true,"href":"https:\/\/blog-alexis.monville.com\/en\/wp-json\/wp\/v2\/categories?post=1101"},{"taxonomy":"post_tag","embeddable":true,"href":"https:\/\/blog-alexis.monville.com\/en\/wp-json\/wp\/v2\/tags?post=1101"}],"curies":[{"name":"wp","href":"https:\/\/api.w.org\/{rel}","templated":true}]}}