{"id":1085,"date":"2011-04-13T21:55:16","date_gmt":"2011-04-13T19:55:16","guid":{"rendered":"https:\/\/blog-alexis.monville.com\/?p=1085"},"modified":"2011-04-13T21:55:16","modified_gmt":"2011-04-13T19:55:16","slug":"tedxbordeaux-2","status":"publish","type":"post","link":"https:\/\/blog-alexis.monville.com\/en\/2011\/04\/13\/tedxbordeaux-2\/","title":{"rendered":"TEDxBordeaux"},"content":{"rendered":"<p><!-- p.p1 {margin: 0.0px 0.0px 0.0px 0.0px; font: 12.0px Helvetica} p.p2 {margin: 0.0px 0.0px 0.0px 0.0px; font: 12.0px Helvetica; min-height: 14.0px} span.s1 {letter-spacing: 0.0px} span.s2 {text-decoration: underline ; letter-spacing: 0.0px color: #191aa3} -->Ceux qui suivent ce blog (merci au fait \ud83d\ude09 ) le savent d\u00e9j\u00e0, je contribue avec une petite \u00e9quipe b\u00e9n\u00e9vole \u00e0 faire exister le premier TEDxBordeaux. Il se d\u00e9roulera le samedi 28 mai 2011 dans l\u2019auditorium du CAPC (Mus\u00e9e d\u2019art contemporain de Bordeaux).<\/p>\n<p>Suivant le principe de TED et \u00e0 l\u2019image de ce qui est fait avec succ\u00e8s depuis 3 ans par TEDxParis, le programme est maintenu secret pour favoriser la d\u00e9couverte et l\u2019ouverture des sens.<\/p>\n<p>Notre premier engagement est que les 10 intervenants soient sp\u00e9cialement pr\u00e9par\u00e9s pour donner 10 interventions remarquables.<\/p>\n<p>Les interventions couvrent un large \u00e9ventail de sujets, tel que la science, les arts, l\u2019\u00e9conomie, la technologie, la sant\u00e9, l\u2019\u00e9ducation, la musique, le sport et plusieurs autres domaines de comp\u00e9tences.<\/p>\n<p>Afin de poursuivre le partage et l\u2019\u00e9change au del\u00e0 de la communaut\u00e9 de personne qui se r\u00e9unira le 28 mai, chaque intervention sera film\u00e9e et mise en ligne sur <a href=\"http:\/\/www.tedxbordeaux.com\/\">www.tedxbordeaux.com<\/a> associ\u00e9e bien sur aux informations d\u00e9taill\u00e9es sur les intervenants.<\/p>\n<p>Je peux aussi vous encourager \u00e0 vous inscrire \u00e0 TED2012 ici : <a href=\"http:\/\/www.ted.com\/registration\/choose\/event\/2012\">http:\/\/www.ted.com\/registration\/choose\/event\/2012<\/a> \u00e9videment pour 7500 $ minimum prenez bien sur connaissance du programme \u00e0 l\u2019avance : <a href=\"http:\/\/conferences.ted.com\/TED2012\/program\/\">http:\/\/conferences.ted.com\/TED2012\/program\/<\/a> \ud83d\ude09<\/p>\n","protected":false},"excerpt":{"rendered":"<p>Ceux qui suivent ce blog (merci au fait \ud83d\ude09 ) le savent d\u00e9j\u00e0, je contribue avec une petite \u00e9quipe b\u00e9n\u00e9vole \u00e0 faire exister le premier TEDxBordeaux. Il se d\u00e9roulera le samedi 28 mai 2011 dans l\u2019auditorium du CAPC (Mus\u00e9e d\u2019art contemporain de Bordeaux). Suivant le principe de TED et \u00e0 l\u2019image de ce qui est [&hellip;]<\/p>\n","protected":false},"author":1,"featured_media":0,"comment_status":"open","ping_status":"open","sticky":false,"template":"","format":"standard","meta":{"advanced_seo_description":"","jetpack_seo_html_title":"","jetpack_seo_noindex":false,"jetpack_post_was_ever_published":false,"_jetpack_newsletter_access":"","_jetpack_dont_email_post_to_subs":false,"_jetpack_newsletter_tier_id":0,"_jetpack_memberships_contains_paywalled_content":false,"_jetpack_memberships_contains_paid_content":false,"footnotes":""},"categories":[8],"tags":[],"class_list":["post-1085","post","type-post","status-publish","format-standard","hentry","category-interventions"],"jetpack_featured_media_url":"","jetpack_shortlink":"https:\/\/wp.me\/paNjQG-hv","jetpack-related-posts":[{"id":1473,"url":"https:\/\/blog-alexis.monville.com\/en\/2012\/09\/13\/tedxbordeaux-2012\/","url_meta":{"origin":1085,"position":0},"title":"TEDxBordeaux 2012","author":"Alexis","date":"September 13, 2012","format":false,"excerpt":"La premi\u00e8re \u00e9dition de TEDxBordeaux s'est d\u00e9roul\u00e9e le 28 mai 2011. Pour toute une \u00e9quipe\u00a0cela repr\u00e9sentait l'aboutissement d'un long travail de pr\u00e9paration. Pour les participants, c'\u00e9tait une tr\u00e8s belle exp\u00e9rience (je vous laisse (re)d\u00e9couvrir les vid\u00e9os de cette \u00e9dition ainsi que le micro-trottoir captant les r\u00e9actions des participants). Ce jour\u2026","rel":"","context":"In &quot;General&quot;","block_context":{"text":"General","link":"https:\/\/blog-alexis.monville.com\/en\/category\/all\/"},"img":{"alt_text":"","src":"https:\/\/i0.wp.com\/blog-alexis.monville.com\/en\/wp-content\/uploads\/sites\/2\/2012\/04\/TEDxBordeaux_Noir_Carre.png?fit=500%2C500&ssl=1&resize=350%2C200","width":350,"height":200},"classes":[]},{"id":1422,"url":"https:\/\/blog-alexis.monville.com\/en\/2012\/04\/28\/tedxbordeaux-5\/","url_meta":{"origin":1085,"position":1},"title":"TEDxBordeaux","author":"Alexis","date":"April 28, 2012","format":false,"excerpt":"La deuxi\u00e8me r\u00e9union pl\u00e9ni\u00e8re de l'\u00e9quipe d'organisation de TEDxBordeaux 2012 s'est tenue hier au TnBA (Th\u00e9atre national de Bordeaux en Aquitaine). Bel enthousiasme pour la vingtaine de participants pr\u00e9sents ! Tr\u00e8s heureux de prendre part \u00e0 l'organisation cette ann\u00e9e encore ! TEDxBordeaux est organis\u00e9 cette ann\u00e9e sous la conduite de\u2026","rel":"","context":"In &quot;ayeba&quot;","block_context":{"text":"ayeba","link":"https:\/\/blog-alexis.monville.com\/en\/category\/ayeba\/"},"img":{"alt_text":"","src":"https:\/\/i0.wp.com\/blog-alexis.monville.com\/en\/wp-content\/uploads\/sites\/2\/2012\/04\/TEDxBordeaux_Noir_Carre.png?fit=500%2C500&ssl=1&resize=350%2C200","width":350,"height":200},"classes":[]},{"id":1166,"url":"https:\/\/blog-alexis.monville.com\/en\/2011\/09\/03\/tedxbordeaux-4\/","url_meta":{"origin":1085,"position":2},"title":"TEDxBordeaux","author":"Alexis","date":"September 3, 2011","format":false,"excerpt":"Ce vendredi 2 septembre 2011, nous avons c\u00e9l\u00e9br\u00e9 avec une partie de l'\u00e9quipe, le succ\u00e9s de l'\u00e9dition 2011 de TEDxBordeaux. Une soir\u00e9e bien sympathique, au cours de laquelle nous avons regard\u00e9 en arri\u00e8re, partag\u00e9 quelques souvenirs, regard\u00e9 les compteurs de vid\u00e9os visionn\u00e9es sur Youtube (plus de 10 000 vid\u00e9os regard\u00e9es\u2026","rel":"","context":"In &quot;Interventions&quot;","block_context":{"text":"Interventions","link":"https:\/\/blog-alexis.monville.com\/en\/category\/interventions\/"},"img":{"alt_text":"","src":"https:\/\/i0.wp.com\/farm4.static.flickr.com\/3497\/5794066015_f3c653763d.jpg?resize=350%2C200","width":350,"height":200},"classes":[]},{"id":1110,"url":"https:\/\/blog-alexis.monville.com\/en\/2011\/06\/04\/tedxbordeaux-3\/","url_meta":{"origin":1085,"position":3},"title":"TEDxBordeaux","author":"Alexis","date":"June 4, 2011","format":false,"excerpt":"ENSEMBLE... \u00a0 La journ\u00e9e du 28 mai 2011 est pass\u00e9e. Plusieurs mois de pr\u00e9paration pour une \u00e9quipe b\u00e9n\u00e9vole r\u00e9compens\u00e9s par les nombreux sourires et f\u00e9licitations de la part des participants et des intervenants. \u00a0 Les vid\u00e9os et les photos commencent a \u00eatre publi\u00e9es ce qui permettra \u00e0 ceux qui n'ont\u2026","rel":"","context":"In &quot;General&quot;","block_context":{"text":"General","link":"https:\/\/blog-alexis.monville.com\/en\/category\/all\/"},"img":{"alt_text":"","src":"https:\/\/i0.wp.com\/blog-alexis.monville.com\/wp-content\/uploads\/sites\/2\/2011\/06\/tedxbordeaux.jpg?resize=350%2C200&ssl=1","width":350,"height":200},"classes":[]},{"id":1079,"url":"https:\/\/blog-alexis.monville.com\/en\/2011\/03\/29\/tedxalger\/","url_meta":{"origin":1085,"position":4},"title":"TEDxAlger","author":"Alexis","date":"March 29, 2011","format":false,"excerpt":"Le 9 avril se tiendra \u00e0 Alger le premier \u00e9v\u00e9nement TEDx d'Algerie, le TEDxAlger. Fadhila Brahimi (Personal Branding) est le premier intervenant annonc\u00e9 pour cette \u00e9dition. L'organisation a propos\u00e9 un concours dont le but est de d\u00e9couvrir les intervenants et permettant de gagner sa participation \u00e0 l'\u00e9v\u00e9nement. Ce premier TEDx\u2026","rel":"","context":"In &quot;International&quot;","block_context":{"text":"International","link":"https:\/\/blog-alexis.monville.com\/en\/category\/international\/"},"img":{"alt_text":"","src":"https:\/\/i0.wp.com\/www.tedxalger.com\/templates\/gk_yourshop\/images\/style2\/logo.png?resize=350%2C200","width":350,"height":200},"classes":[]},{"id":332,"url":"https:\/\/blog-alexis.monville.com\/en\/2009\/01\/19\/sauvegarder-et-synchroniser-vos-donnees-entre-plusieurs-ordinateurs\/","url_meta":{"origin":1085,"position":5},"title":"Sauvegarder et Synchroniser vos donn\u00e9es entre plusieurs ordinateurs","author":"Alexis","date":"January 19, 2009","format":false,"excerpt":"La sauvegarde des donn\u00e9es est une probl\u00e9matique courante plus ou moins bien trait\u00e9e dans les entreprises, et plus rarement trait\u00e9e tout court dans nos maisons. Et pourtant, nos donn\u00e9es familiales, comme nos photos num\u00e9riques par exemple, ne sont pas rempla\u00e7ables et les pannes de disque dur sont des \u00e9v\u00e8nements qui\u2026","rel":"","context":"In &quot;Explorateurs&quot;","block_context":{"text":"Explorateurs","link":"https:\/\/blog-alexis.monville.com\/en\/category\/explorateurs\/"},"img":{"alt_text":"","src":"https:\/\/i0.wp.com\/www.getdropbox.com\/static\/1232401964\/images\/main_logo.png?resize=350%2C200&ssl=1","width":350,"height":200},"classes":[]}],"jetpack_sharing_enabled":true,"_links":{"self":[{"href":"https:\/\/blog-alexis.monville.com\/en\/wp-json\/wp\/v2\/posts\/1085","targetHints":{"allow":["GET"]}}],"collection":[{"href":"https:\/\/blog-alexis.monville.com\/en\/wp-json\/wp\/v2\/posts"}],"about":[{"href":"https:\/\/blog-alexis.monville.com\/en\/wp-json\/wp\/v2\/types\/post"}],"author":[{"embeddable":true,"href":"https:\/\/blog-alexis.monville.com\/en\/wp-json\/wp\/v2\/users\/1"}],"replies":[{"embeddable":true,"href":"https:\/\/blog-alexis.monville.com\/en\/wp-json\/wp\/v2\/comments?post=1085"}],"version-history":[{"count":0,"href":"https:\/\/blog-alexis.monville.com\/en\/wp-json\/wp\/v2\/posts\/1085\/revisions"}],"wp:attachment":[{"href":"https:\/\/blog-alexis.monville.com\/en\/wp-json\/wp\/v2\/media?parent=1085"}],"wp:term":[{"taxonomy":"category","embeddable":true,"href":"https:\/\/blog-alexis.monville.com\/en\/wp-json\/wp\/v2\/categories?post=1085"},{"taxonomy":"post_tag","embeddable":true,"href":"https:\/\/blog-alexis.monville.com\/en\/wp-json\/wp\/v2\/tags?post=1085"}],"curies":[{"name":"wp","href":"https:\/\/api.w.org\/{rel}","templated":true}]}}