{"id":1079,"date":"2011-03-29T09:11:26","date_gmt":"2011-03-29T07:11:26","guid":{"rendered":"https:\/\/blog-alexis.monville.com\/?p=1079"},"modified":"2011-03-29T09:11:26","modified_gmt":"2011-03-29T07:11:26","slug":"tedxalger","status":"publish","type":"post","link":"https:\/\/blog-alexis.monville.com\/en\/2011\/03\/29\/tedxalger\/","title":{"rendered":"TEDxAlger"},"content":{"rendered":"<p><a href=\"http:\/\/www.tedxalger.com\/\"><img data-recalc-dims=\"1\" loading=\"lazy\" decoding=\"async\" class=\"alignleft\" src=\"https:\/\/i0.wp.com\/www.tedxalger.com\/templates\/gk_yourshop\/images\/style2\/logo.png?resize=224%2C87\" alt=\"\" width=\"224\" height=\"87\" \/><\/a>Le 9 avril se tiendra \u00e0 Alger le premier \u00e9v\u00e9nement TEDx d&#8217;Algerie, le <a href=\"http:\/\/www.tedxalger.com\/\" target=\"_blank\">TEDxAlger<\/a>. Fadhila Brahimi (Personal Branding) est le premier intervenant annonc\u00e9 pour cette \u00e9dition.<\/p>\n<p>L&#8217;organisation a propos\u00e9 un concours dont le but est de d\u00e9couvrir les intervenants et permettant de gagner sa participation \u00e0 l&#8217;\u00e9v\u00e9nement.<\/p>\n<p>Ce premier TEDx sera suivi du 18 au 22 avril par la <a href=\"http:\/\/semaineduweb.com\/\" target=\"_blank\">Semaine du Web<\/a> avec un Start up week end, un Joomla Day&#8230;<\/p>\n<p>Bravo aux organisateurs !<\/p>\n<p>PS : les places pour TEDxBordeaux seront disponibles sous peu, rester \u00e0 l&#8217;\u00e9coute : <a href=\"www.tedxbordeaux.com\">www.tedxbordeaux.com<\/a><\/p>\n","protected":false},"excerpt":{"rendered":"<p>Le 9 avril se tiendra \u00e0 Alger le premier \u00e9v\u00e9nement TEDx d&#8217;Algerie, le TEDxAlger. Fadhila Brahimi (Personal Branding) est le premier intervenant annonc\u00e9 pour cette \u00e9dition. L&#8217;organisation a propos\u00e9 un concours dont le but est de d\u00e9couvrir les intervenants et permettant de gagner sa participation \u00e0 l&#8217;\u00e9v\u00e9nement. Ce premier TEDx sera suivi du 18 au [&hellip;]<\/p>\n","protected":false},"author":1,"featured_media":0,"comment_status":"open","ping_status":"open","sticky":false,"template":"","format":"standard","meta":{"advanced_seo_description":"","jetpack_seo_html_title":"","jetpack_seo_noindex":false,"jetpack_post_was_ever_published":false,"_jetpack_newsletter_access":"","_jetpack_dont_email_post_to_subs":false,"_jetpack_newsletter_tier_id":0,"_jetpack_memberships_contains_paywalled_content":false,"_jetpack_memberships_contains_paid_content":false,"footnotes":""},"categories":[7],"tags":[446],"class_list":["post-1079","post","type-post","status-publish","format-standard","hentry","category-international","tag-tedx"],"jetpack_featured_media_url":"","jetpack_shortlink":"https:\/\/wp.me\/paNjQG-hp","jetpack-related-posts":[{"id":1110,"url":"https:\/\/blog-alexis.monville.com\/en\/2011\/06\/04\/tedxbordeaux-3\/","url_meta":{"origin":1079,"position":0},"title":"TEDxBordeaux","author":"Alexis","date":"June 4, 2011","format":false,"excerpt":"ENSEMBLE... \u00a0 La journ\u00e9e du 28 mai 2011 est pass\u00e9e. Plusieurs mois de pr\u00e9paration pour une \u00e9quipe b\u00e9n\u00e9vole r\u00e9compens\u00e9s par les nombreux sourires et f\u00e9licitations de la part des participants et des intervenants. \u00a0 Les vid\u00e9os et les photos commencent a \u00eatre publi\u00e9es ce qui permettra \u00e0 ceux qui n'ont\u2026","rel":"","context":"In &quot;General&quot;","block_context":{"text":"General","link":"https:\/\/blog-alexis.monville.com\/en\/category\/all\/"},"img":{"alt_text":"","src":"https:\/\/i0.wp.com\/blog-alexis.monville.com\/wp-content\/uploads\/sites\/2\/2011\/06\/tedxbordeaux.jpg?resize=350%2C200&ssl=1","width":350,"height":200},"classes":[]},{"id":1328,"url":"https:\/\/blog-alexis.monville.com\/en\/2012\/01\/15\/tedxplaceducapitole\/","url_meta":{"origin":1079,"position":1},"title":"TEDxPlaceDuCapitole","author":"Alexis","date":"January 15, 2012","format":false,"excerpt":"TEDxPlaceDuCapitole s'est d\u00e9roul\u00e9 ce samedi 14 janvier \u00e0 l'Hotel Dieu de Toulouse. L'excellente \u00e9quipe d'organisation avait r\u00e9uni 13 intervenants autour du th\u00e8me l'\u00e9nergie des possibles : Damien Jayat sur la m\u00e9diation scientifique Adrienne Alix sur l'engagement pour Wikipedia Fran\u00e7ois Cantier sur avocat sans fronti\u00e8re et l'\u00e9cole des droits de l'homme\u2026","rel":"","context":"In &quot;General&quot;","block_context":{"text":"General","link":"https:\/\/blog-alexis.monville.com\/en\/category\/all\/"},"img":{"alt_text":"","src":"https:\/\/i0.wp.com\/blog-alexis.monville.com\/en\/wp-content\/uploads\/sites\/2\/2012\/01\/IMG_4125-scaled.jpg?fit=1200%2C900&ssl=1&resize=350%2C200","width":350,"height":200,"srcset":"https:\/\/i0.wp.com\/blog-alexis.monville.com\/en\/wp-content\/uploads\/sites\/2\/2012\/01\/IMG_4125-scaled.jpg?fit=1200%2C900&ssl=1&resize=350%2C200 1x, https:\/\/i0.wp.com\/blog-alexis.monville.com\/en\/wp-content\/uploads\/sites\/2\/2012\/01\/IMG_4125-scaled.jpg?fit=1200%2C900&ssl=1&resize=525%2C300 1.5x, https:\/\/i0.wp.com\/blog-alexis.monville.com\/en\/wp-content\/uploads\/sites\/2\/2012\/01\/IMG_4125-scaled.jpg?fit=1200%2C900&ssl=1&resize=700%2C400 2x, https:\/\/i0.wp.com\/blog-alexis.monville.com\/en\/wp-content\/uploads\/sites\/2\/2012\/01\/IMG_4125-scaled.jpg?fit=1200%2C900&ssl=1&resize=1050%2C600 3x"},"classes":[]},{"id":1559,"url":"https:\/\/blog-alexis.monville.com\/en\/2013\/04\/01\/festivals\/","url_meta":{"origin":1079,"position":2},"title":"Festivals","author":"Alexis","date":"April 1, 2013","format":false,"excerpt":"La Grande Jonction \u00e9tait un des \u00e9v\u00e9nements de la semaine digitale organis\u00e9e \u00e0 Bordeaux. Une des tables rondes accueillait\u00a0Herb Kim, fondateur et pr\u00e9sident de Thinking Digital\u00a0et curateur de plusieurs TEDx dans le nord de\u00a0l'Angleterre, Kitty Leering, directrice de PicNic et St\u00e9phane Distinguin, pr\u00e9sident du p\u00f4le de comp\u00e9titivit\u00e9 Cap Digital organisateur\u2026","rel":"","context":"In &quot;General&quot;","block_context":{"text":"General","link":"https:\/\/blog-alexis.monville.com\/en\/category\/all\/"},"img":{"alt_text":"imgres","src":"https:\/\/i0.wp.com\/blog-alexis.monville.com\/wp-content\/uploads\/sites\/2\/2013\/03\/imgres.jpeg?resize=350%2C200&ssl=1","width":350,"height":200},"classes":[]},{"id":585,"url":"https:\/\/blog-alexis.monville.com\/en\/2009\/06\/02\/tedx-paris\/","url_meta":{"origin":1079,"position":3},"title":"TEDx Paris","author":"Alexis","date":"June 2, 2009","format":false,"excerpt":"L'\u00e9dition pilote des TEDx Paris s'est d\u00e9roul\u00e9e le 28 mai 2009 \u00e0 La Cantine. Je vous invite bien sur \u00e0 d\u00e9couvrir la version originale en regardant par exemple Richard St-John parler des 8 secrets du succ\u00e8s ou Hans Rossling d\u00e9voiler des statistiques extraordinaires. Un projet de traduction vient de commencer\u2026","rel":"","context":"In &quot;Explorateurs&quot;","block_context":{"text":"Explorateurs","link":"https:\/\/blog-alexis.monville.com\/en\/category\/explorateurs\/"},"img":{"alt_text":"","src":"https:\/\/i0.wp.com\/tedxparis.com\/sites\/default\/files\/zen_classic_logo.jpg?resize=350%2C200","width":350,"height":200},"classes":[]},{"id":1085,"url":"https:\/\/blog-alexis.monville.com\/en\/2011\/04\/13\/tedxbordeaux-2\/","url_meta":{"origin":1079,"position":4},"title":"TEDxBordeaux","author":"Alexis","date":"April 13, 2011","format":false,"excerpt":"Ceux qui suivent ce blog (merci au fait ;-) ) le savent d\u00e9j\u00e0, je contribue avec une petite \u00e9quipe b\u00e9n\u00e9vole \u00e0 faire exister le premier TEDxBordeaux. Il se d\u00e9roulera le samedi 28 mai 2011 dans l\u2019auditorium du CAPC (Mus\u00e9e d\u2019art contemporain de Bordeaux). Suivant le principe de TED et \u00e0\u2026","rel":"","context":"In &quot;Interventions&quot;","block_context":{"text":"Interventions","link":"https:\/\/blog-alexis.monville.com\/en\/category\/interventions\/"},"img":{"alt_text":"","src":"","width":0,"height":0},"classes":[]},{"id":1473,"url":"https:\/\/blog-alexis.monville.com\/en\/2012\/09\/13\/tedxbordeaux-2012\/","url_meta":{"origin":1079,"position":5},"title":"TEDxBordeaux 2012","author":"Alexis","date":"September 13, 2012","format":false,"excerpt":"La premi\u00e8re \u00e9dition de TEDxBordeaux s'est d\u00e9roul\u00e9e le 28 mai 2011. Pour toute une \u00e9quipe\u00a0cela repr\u00e9sentait l'aboutissement d'un long travail de pr\u00e9paration. Pour les participants, c'\u00e9tait une tr\u00e8s belle exp\u00e9rience (je vous laisse (re)d\u00e9couvrir les vid\u00e9os de cette \u00e9dition ainsi que le micro-trottoir captant les r\u00e9actions des participants). Ce jour\u2026","rel":"","context":"In &quot;General&quot;","block_context":{"text":"General","link":"https:\/\/blog-alexis.monville.com\/en\/category\/all\/"},"img":{"alt_text":"","src":"https:\/\/i0.wp.com\/blog-alexis.monville.com\/en\/wp-content\/uploads\/sites\/2\/2012\/04\/TEDxBordeaux_Noir_Carre.png?fit=500%2C500&ssl=1&resize=350%2C200","width":350,"height":200},"classes":[]}],"jetpack_sharing_enabled":true,"_links":{"self":[{"href":"https:\/\/blog-alexis.monville.com\/en\/wp-json\/wp\/v2\/posts\/1079","targetHints":{"allow":["GET"]}}],"collection":[{"href":"https:\/\/blog-alexis.monville.com\/en\/wp-json\/wp\/v2\/posts"}],"about":[{"href":"https:\/\/blog-alexis.monville.com\/en\/wp-json\/wp\/v2\/types\/post"}],"author":[{"embeddable":true,"href":"https:\/\/blog-alexis.monville.com\/en\/wp-json\/wp\/v2\/users\/1"}],"replies":[{"embeddable":true,"href":"https:\/\/blog-alexis.monville.com\/en\/wp-json\/wp\/v2\/comments?post=1079"}],"version-history":[{"count":0,"href":"https:\/\/blog-alexis.monville.com\/en\/wp-json\/wp\/v2\/posts\/1079\/revisions"}],"wp:attachment":[{"href":"https:\/\/blog-alexis.monville.com\/en\/wp-json\/wp\/v2\/media?parent=1079"}],"wp:term":[{"taxonomy":"category","embeddable":true,"href":"https:\/\/blog-alexis.monville.com\/en\/wp-json\/wp\/v2\/categories?post=1079"},{"taxonomy":"post_tag","embeddable":true,"href":"https:\/\/blog-alexis.monville.com\/en\/wp-json\/wp\/v2\/tags?post=1079"}],"curies":[{"name":"wp","href":"https:\/\/api.w.org\/{rel}","templated":true}]}}