{"id":1073,"date":"2011-02-22T13:10:14","date_gmt":"2011-02-22T11:10:14","guid":{"rendered":"https:\/\/blog-alexis.monville.com\/?p=1073"},"modified":"2011-02-22T13:10:14","modified_gmt":"2011-02-22T11:10:14","slug":"pret-a-jeter","status":"publish","type":"post","link":"https:\/\/blog-alexis.monville.com\/en\/2011\/02\/22\/pret-a-jeter\/","title":{"rendered":"Pr\u00eat \u00e0 jeter"},"content":{"rendered":"<p>L&#8217;histoire de l&#8217;obsolescence programm\u00e9&#8230; un documentaire \u00e0 regarder sur Arte : <a href=\"http:\/\/videos.arte.tv\/fr\/videos\/pret_a_jeter-3700234.html\" target=\"_blank\">Pr\u00eat \u00e0 jeter<\/a><\/p>\n<p>Surpris de voir qu&#8217;une ampoule install\u00e9e au d\u00e9but du 20 \u00e8me si\u00e8cle est toujours allum\u00e9e aujourd&#8217;hui&#8230; et de constater que le premier produit cible de l&#8217;obsolescence programm\u00e9 \u00e9tait l&#8217;ampoule incandescente fix\u00e9e \u00e0 1000 heures.<\/p>\n<p>Des produits pour durer juste le temps de les payer et en acheter de nouveaux.<\/p>\n<p>A voir !<\/p>\n","protected":false},"excerpt":{"rendered":"<p>L&#8217;histoire de l&#8217;obsolescence programm\u00e9&#8230; un documentaire \u00e0 regarder sur Arte : Pr\u00eat \u00e0 jeter Surpris de voir qu&#8217;une ampoule install\u00e9e au d\u00e9but du 20 \u00e8me si\u00e8cle est toujours allum\u00e9e aujourd&#8217;hui&#8230; et de constater que le premier produit cible de l&#8217;obsolescence programm\u00e9 \u00e9tait l&#8217;ampoule incandescente fix\u00e9e \u00e0 1000 heures. Des produits pour durer juste le temps [&hellip;]<\/p>\n","protected":false},"author":1,"featured_media":0,"comment_status":"open","ping_status":"open","sticky":false,"template":"","format":"standard","meta":{"advanced_seo_description":"","jetpack_seo_html_title":"","jetpack_seo_noindex":false,"jetpack_post_was_ever_published":false,"_jetpack_newsletter_access":"","_jetpack_dont_email_post_to_subs":false,"_jetpack_newsletter_tier_id":0,"_jetpack_memberships_contains_paywalled_content":false,"_jetpack_memberships_contains_paid_content":false,"footnotes":""},"categories":[1],"tags":[],"class_list":["post-1073","post","type-post","status-publish","format-standard","hentry","category-all"],"jetpack_featured_media_url":"","jetpack_shortlink":"https:\/\/wp.me\/paNjQG-hj","jetpack-related-posts":[{"id":337,"url":"https:\/\/blog-alexis.monville.com\/en\/2009\/01\/21\/une-lame-de-fond-grandie-parmi-vos-clients-etes-vous-pret\/","url_meta":{"origin":1073,"position":0},"title":"Une lame de fond grandie parmi vos clients. \u00cates-vous pr\u00eat ?","author":"Alexis","date":"January 21, 2009","format":false,"excerpt":"En ce moment, vos clients sont en train d'\u00e9crire \u00e0 propos de vos produits dans des blogs, remixent des videos de vos publicit\u00e9s sur YouTube. Ils vous d\u00e9finissent sur Wikipedia, se coalisent sur des r\u00e9seaux sociaux comme Facebook. Ce ph\u00e9nom\u00e8ne social, cette lame de fond (groundswell) a cr\u00e9\u00e9 un permanent\u2026","rel":"","context":"In &quot;Europe&quot;","block_context":{"text":"Europe","link":"https:\/\/blog-alexis.monville.com\/en\/category\/international\/europe\/"},"img":{"alt_text":"","src":"https:\/\/i0.wp.com\/www.forrester.com\/Groundswell\/images\/cover.jpg?resize=350%2C200","width":350,"height":200},"classes":[]},{"id":1828,"url":"https:\/\/blog-alexis.monville.com\/en\/2014\/04\/22\/developper-des-produits-avec-des-equipes-distribuees\/","url_meta":{"origin":1073,"position":1},"title":"D\u00e9velopper des produits avec des \u00e9quipes distribu\u00e9es","author":"Alexis","date":"April 22, 2014","format":false,"excerpt":"Apr\u00e8s la conf\u00e9rence que j'ai donn\u00e9 le 10 avril pour le ScrumDay, je suis en train de pr\u00e9parer celle que je donnerais lors de Mix-IT le 30 avril 2014. Le r\u00e9sum\u00e9 de la session est assez similaire entre les deux, voici celui du ScrumDay : De nos jours, presque tout\u2026","rel":"","context":"In &quot;Interventions&quot;","block_context":{"text":"Interventions","link":"https:\/\/blog-alexis.monville.com\/en\/category\/interventions\/"},"img":{"alt_text":"","src":"https:\/\/i0.wp.com\/blog-alexis.monville.com\/en\/wp-content\/uploads\/sites\/2\/2014\/04\/mixit-banner.png?fit=800%2C270&ssl=1&resize=350%2C200","width":350,"height":200,"srcset":"https:\/\/i0.wp.com\/blog-alexis.monville.com\/en\/wp-content\/uploads\/sites\/2\/2014\/04\/mixit-banner.png?fit=800%2C270&ssl=1&resize=350%2C200 1x, https:\/\/i0.wp.com\/blog-alexis.monville.com\/en\/wp-content\/uploads\/sites\/2\/2014\/04\/mixit-banner.png?fit=800%2C270&ssl=1&resize=525%2C300 1.5x, https:\/\/i0.wp.com\/blog-alexis.monville.com\/en\/wp-content\/uploads\/sites\/2\/2014\/04\/mixit-banner.png?fit=800%2C270&ssl=1&resize=700%2C400 2x"},"classes":[]},{"id":685,"url":"https:\/\/blog-alexis.monville.com\/en\/2009\/11\/19\/solutions-linux-2010\/","url_meta":{"origin":1073,"position":2},"title":"Solutions Linux 2010","author":"Alexis","date":"November 19, 2009","format":false,"excerpt":"Aujourd'hui se r\u00e9unissait le comit\u00e9 de programme en vue de la pr\u00e9paration du salon Solutions Linux les 16, 17 et 18 mars 2010. 128 propositions d'interventions pour venir nourrir le programme de formations et de conf\u00e9rences se d\u00e9roulant sur le salon. D'excellentes propositions pour la conf\u00e9rence Administration et Libre que\u2026","rel":"","context":"In &quot;ayeba&quot;","block_context":{"text":"ayeba","link":"https:\/\/blog-alexis.monville.com\/en\/category\/ayeba\/"},"img":{"alt_text":"image001","src":"https:\/\/i0.wp.com\/blog-alexis.monville.com\/wp-content\/uploads\/sites\/2\/2009\/10\/image001.jpg?resize=350%2C200&ssl=1","width":350,"height":200},"classes":[]},{"id":1559,"url":"https:\/\/blog-alexis.monville.com\/en\/2013\/04\/01\/festivals\/","url_meta":{"origin":1073,"position":3},"title":"Festivals","author":"Alexis","date":"April 1, 2013","format":false,"excerpt":"La Grande Jonction \u00e9tait un des \u00e9v\u00e9nements de la semaine digitale organis\u00e9e \u00e0 Bordeaux. Une des tables rondes accueillait\u00a0Herb Kim, fondateur et pr\u00e9sident de Thinking Digital\u00a0et curateur de plusieurs TEDx dans le nord de\u00a0l'Angleterre, Kitty Leering, directrice de PicNic et St\u00e9phane Distinguin, pr\u00e9sident du p\u00f4le de comp\u00e9titivit\u00e9 Cap Digital organisateur\u2026","rel":"","context":"In &quot;General&quot;","block_context":{"text":"General","link":"https:\/\/blog-alexis.monville.com\/en\/category\/all\/"},"img":{"alt_text":"imgres","src":"https:\/\/i0.wp.com\/blog-alexis.monville.com\/wp-content\/uploads\/sites\/2\/2013\/03\/imgres.jpeg?resize=350%2C200&ssl=1","width":350,"height":200},"classes":[]},{"id":1585,"url":"https:\/\/blog-alexis.monville.com\/en\/2013\/06\/03\/prets-entre-particuliers\/","url_meta":{"origin":1073,"position":4},"title":"Pr\u00eats entre particuliers","author":"Alexis","date":"June 3, 2013","format":false,"excerpt":"hellomerci est un service de pr\u00eats entre particulier. Une des particularit\u00e9s du dispositif est que l'on parle ici de pr\u00eat sans int\u00e9r\u00eat. Ce qui vous motive \u00e0 pr\u00eater de l'argent n'est pas l'hypoth\u00e8se d'un b\u00e9n\u00e9fice financier, mais bien le projet uniquement et l'envie d'\u00eatre solidaire d'un porteur de projet. A\u2026","rel":"","context":"In &quot;General&quot;","block_context":{"text":"General","link":"https:\/\/blog-alexis.monville.com\/en\/category\/all\/"},"img":{"alt_text":"","src":"https:\/\/i0.wp.com\/blog-alexis.monville.com\/en\/wp-content\/uploads\/sites\/2\/2013\/06\/hellomerci-Logo-3.png?fit=1200%2C616&ssl=1&resize=350%2C200","width":350,"height":200,"srcset":"https:\/\/i0.wp.com\/blog-alexis.monville.com\/en\/wp-content\/uploads\/sites\/2\/2013\/06\/hellomerci-Logo-3.png?fit=1200%2C616&ssl=1&resize=350%2C200 1x, https:\/\/i0.wp.com\/blog-alexis.monville.com\/en\/wp-content\/uploads\/sites\/2\/2013\/06\/hellomerci-Logo-3.png?fit=1200%2C616&ssl=1&resize=525%2C300 1.5x, https:\/\/i0.wp.com\/blog-alexis.monville.com\/en\/wp-content\/uploads\/sites\/2\/2013\/06\/hellomerci-Logo-3.png?fit=1200%2C616&ssl=1&resize=700%2C400 2x, https:\/\/i0.wp.com\/blog-alexis.monville.com\/en\/wp-content\/uploads\/sites\/2\/2013\/06\/hellomerci-Logo-3.png?fit=1200%2C616&ssl=1&resize=1050%2C600 3x"},"classes":[]},{"id":562,"url":"https:\/\/blog-alexis.monville.com\/en\/2009\/05\/22\/xn-extreme-networking-par-cedric-ringenbach\/","url_meta":{"origin":1073,"position":5},"title":"XN : Extreme Networking par C\u00e9dric Ringenbach","author":"Alexis","date":"May 22, 2009","format":false,"excerpt":"C\u00e9dric Rigenbach propose l'Extreme Networking un concept inspir\u00e9 de l'Extreme programming. Je me suis d'ailleurs inspir\u00e9 du logo de cette m\u00e9thode agile pour le logo XN illustrant cet article et comme le concept propos\u00e9 par C\u00e9dric, je diffuse sous licence Creative Commons (voir en pied de page !). Qu'est-ce que\u2026","rel":"","context":"In &quot;Explorateurs&quot;","block_context":{"text":"Explorateurs","link":"https:\/\/blog-alexis.monville.com\/en\/category\/explorateurs\/"},"img":{"alt_text":"extreme-networking","src":"https:\/\/i0.wp.com\/blog-alexis.monville.com\/wp-content\/uploads\/sites\/2\/2009\/05\/extreme-networking.gif?resize=350%2C200&ssl=1","width":350,"height":200},"classes":[]}],"jetpack_sharing_enabled":true,"_links":{"self":[{"href":"https:\/\/blog-alexis.monville.com\/en\/wp-json\/wp\/v2\/posts\/1073","targetHints":{"allow":["GET"]}}],"collection":[{"href":"https:\/\/blog-alexis.monville.com\/en\/wp-json\/wp\/v2\/posts"}],"about":[{"href":"https:\/\/blog-alexis.monville.com\/en\/wp-json\/wp\/v2\/types\/post"}],"author":[{"embeddable":true,"href":"https:\/\/blog-alexis.monville.com\/en\/wp-json\/wp\/v2\/users\/1"}],"replies":[{"embeddable":true,"href":"https:\/\/blog-alexis.monville.com\/en\/wp-json\/wp\/v2\/comments?post=1073"}],"version-history":[{"count":0,"href":"https:\/\/blog-alexis.monville.com\/en\/wp-json\/wp\/v2\/posts\/1073\/revisions"}],"wp:attachment":[{"href":"https:\/\/blog-alexis.monville.com\/en\/wp-json\/wp\/v2\/media?parent=1073"}],"wp:term":[{"taxonomy":"category","embeddable":true,"href":"https:\/\/blog-alexis.monville.com\/en\/wp-json\/wp\/v2\/categories?post=1073"},{"taxonomy":"post_tag","embeddable":true,"href":"https:\/\/blog-alexis.monville.com\/en\/wp-json\/wp\/v2\/tags?post=1073"}],"curies":[{"name":"wp","href":"https:\/\/api.w.org\/{rel}","templated":true}]}}