{"id":1034,"date":"2011-02-03T01:59:34","date_gmt":"2011-02-03T00:59:34","guid":{"rendered":"https:\/\/blog-alexis.monville.com\/?p=1034"},"modified":"2014-01-08T22:15:07","modified_gmt":"2014-01-08T21:15:07","slug":"lift11-premiere-journee","status":"publish","type":"post","link":"https:\/\/blog-alexis.monville.com\/en\/2011\/02\/03\/lift11-premiere-journee\/","title":{"rendered":"Lift11 : premi\u00e8re journ\u00e9e"},"content":{"rendered":"<p><a href=\"https:\/\/i0.wp.com\/blog-alexis.monville.com\/wp-content\/uploads\/sites\/2\/2011\/02\/IMG_0581.jpg?ssl=1\"><img data-recalc-dims=\"1\" loading=\"lazy\" decoding=\"async\" data-attachment-id=\"1035\" data-permalink=\"https:\/\/blog-alexis.monville.com\/en\/2011\/02\/03\/lift11-premiere-journee\/img_0581\/\" data-orig-file=\"https:\/\/i0.wp.com\/blog-alexis.monville.com\/en\/wp-content\/uploads\/sites\/2\/2011\/02\/IMG_0581.jpg?fit=640%2C640&amp;ssl=1\" data-orig-size=\"640,640\" data-comments-opened=\"1\" data-image-meta=\"{&quot;aperture&quot;:&quot;0&quot;,&quot;credit&quot;:&quot;&quot;,&quot;camera&quot;:&quot;190&quot;,&quot;caption&quot;:&quot;&quot;,&quot;created_timestamp&quot;:&quot;1296651552&quot;,&quot;copyright&quot;:&quot;&quot;,&quot;focal_length&quot;:&quot;0&quot;,&quot;iso&quot;:&quot;0&quot;,&quot;shutter_speed&quot;:&quot;0&quot;,&quot;title&quot;:&quot;&quot;}\" data-image-title=\"IMG_0581\" data-image-description=\"\" data-image-caption=\"\" data-large-file=\"https:\/\/i0.wp.com\/blog-alexis.monville.com\/en\/wp-content\/uploads\/sites\/2\/2011\/02\/IMG_0581.jpg?fit=640%2C640&amp;ssl=1\" class=\"alignleft size-medium wp-image-1035\" title=\"IMG_0581\" src=\"https:\/\/i0.wp.com\/blog-alexis.monville.com\/files\/2011\/02\/IMG_0581-300x300.jpg?resize=300%2C300&#038;ssl=1\" alt=\"\" width=\"300\" height=\"300\" srcset=\"https:\/\/i0.wp.com\/blog-alexis.monville.com\/en\/wp-content\/uploads\/sites\/2\/2011\/02\/IMG_0581.jpg?resize=300%2C300&amp;ssl=1 300w, https:\/\/i0.wp.com\/blog-alexis.monville.com\/en\/wp-content\/uploads\/sites\/2\/2011\/02\/IMG_0581.jpg?resize=150%2C150&amp;ssl=1 150w, https:\/\/i0.wp.com\/blog-alexis.monville.com\/en\/wp-content\/uploads\/sites\/2\/2011\/02\/IMG_0581.jpg?w=640&amp;ssl=1 640w\" sizes=\"auto, (max-width: 300px) 100vw, 300px\" \/><\/a>Arriv\u00e9e \u00e0 Lift juste avant le d\u00e9jeuner, premi\u00e8re impression tr\u00e8s positive, les gens que je croise sont tranquilles et accueillants. Je d\u00e9jeune avec une partie de l&#8217;\u00e9quipe qui fait la r\u00e9gie, ce qui me permet d&#8217;apprendre pourquoi les micro-casques c&#8217;est si compliqu\u00e9&#8230; et pourquoi il n&#8217;y en a pas en standard dans les salles de conf\u00e9rence (micro-omnidirectionnel, grande sensibilit\u00e9, larsen, mauvaise qualit\u00e9 difficilement\u00a0admissible, fragile&#8230;)<\/p>\n<p>Je me prom\u00e8ne dans l&#8217;espace d\u00e9mo, des \u00e9tudiants sont en train de faire de la balan\u00e7oire dans au milieu de l&#8217;espace de pr\u00e9sentation des projets, distrayant \ud83d\ude09<\/p>\n<p>Entr\u00e9e dans la salle de conf\u00e9rence, p\u00e9nombre, d\u00e9cors et \u00e9clairage de la sc\u00e8ne coordonn\u00e9e avec le slide de pr\u00e9sentation des intervenants qui tourne sur une musique \u00e9lectronique. Les participants (Lifters) sont install\u00e9s confortablement dans des fauteuils et disposent de tables pour poser leurs ordinateurs, de micro pour intervenir et de casques pour la traduction simultan\u00e9e. Je me pr\u00e9sente \u00e0 mes voisins qui sont tr\u00e8s accueillant eux aussi (ONU et Banque&#8230; pas ce que j&#8217;imaginais en venant&#8230; Il faut que je d\u00e9passe vite les id\u00e9es pr\u00e9con\u00e7ues ! ).<\/p>\n<p>La session d&#8217;accueil des &#8220;participants venant pour la premi\u00e8re fois \u00e0 Lift&#8221; commence. Le fondateur et 4 liftosaures (des dinosaures de lift) viennent pr\u00e9senter pourquoi ils viennent et reviennent \u00e0 Lift : la qualit\u00e9 des conf\u00e9rences bien sur, mais surtout l&#8217;ambiance la grande diversit\u00e9 de personnes que l&#8217;on peut rencontrer, que l&#8217;on doit rencontrer, en choisissant de partager avec ses voisins ses impressions. Lift apporte ainsi de nouvelles id\u00e9es et de nouvelles rencontres ! Cela correspond parfaitement \u00e0 mon objectif ! Parfait !<a href=\"https:\/\/i0.wp.com\/blog-alexis.monville.com\/wp-content\/uploads\/sites\/2\/2011\/02\/IMG_0580.jpg?ssl=1\"><img data-recalc-dims=\"1\" loading=\"lazy\" decoding=\"async\" data-attachment-id=\"1036\" data-permalink=\"https:\/\/blog-alexis.monville.com\/en\/2011\/02\/03\/lift11-premiere-journee\/img_0580\/\" data-orig-file=\"https:\/\/i0.wp.com\/blog-alexis.monville.com\/en\/wp-content\/uploads\/sites\/2\/2011\/02\/IMG_0580.jpg?fit=640%2C640&amp;ssl=1\" data-orig-size=\"640,640\" data-comments-opened=\"1\" data-image-meta=\"{&quot;aperture&quot;:&quot;0&quot;,&quot;credit&quot;:&quot;&quot;,&quot;camera&quot;:&quot;190&quot;,&quot;caption&quot;:&quot;&quot;,&quot;created_timestamp&quot;:&quot;1296651516&quot;,&quot;copyright&quot;:&quot;&quot;,&quot;focal_length&quot;:&quot;0&quot;,&quot;iso&quot;:&quot;0&quot;,&quot;shutter_speed&quot;:&quot;0&quot;,&quot;title&quot;:&quot;&quot;}\" data-image-title=\"IMG_0580\" data-image-description=\"\" data-image-caption=\"\" data-large-file=\"https:\/\/i0.wp.com\/blog-alexis.monville.com\/en\/wp-content\/uploads\/sites\/2\/2011\/02\/IMG_0580.jpg?fit=640%2C640&amp;ssl=1\" class=\"alignright size-medium wp-image-1036\" title=\"IMG_0580\" src=\"https:\/\/i0.wp.com\/blog-alexis.monville.com\/files\/2011\/02\/IMG_0580-300x300.jpg?resize=300%2C300&#038;ssl=1\" alt=\"\" width=\"300\" height=\"300\" srcset=\"https:\/\/i0.wp.com\/blog-alexis.monville.com\/en\/wp-content\/uploads\/sites\/2\/2011\/02\/IMG_0580.jpg?resize=300%2C300&amp;ssl=1 300w, https:\/\/i0.wp.com\/blog-alexis.monville.com\/en\/wp-content\/uploads\/sites\/2\/2011\/02\/IMG_0580.jpg?resize=150%2C150&amp;ssl=1 150w, https:\/\/i0.wp.com\/blog-alexis.monville.com\/en\/wp-content\/uploads\/sites\/2\/2011\/02\/IMG_0580.jpg?w=640&amp;ssl=1 640w\" sizes=\"auto, (max-width: 300px) 100vw, 300px\" \/><\/a><\/p>\n<p>En route pour la conf\u00e9rence !<\/p>\n<p>Don Tapscott commence la keynote d&#8217;ouverture en \u00e9voquant les r\u00e9cents \u00e9v\u00e9nements en Tunisie et en Egypte pour montrer \u00e0 quel point le monde a chang\u00e9 : les r\u00e9volutions n&#8217;ont plus de leader, elles sont auto-organis\u00e9es grace \u00e0 la technologie permettant les interactions directes entre les personnes. Nous sommes \u00e0 pr\u00e9sent \u00e0 un \u00e2ge d&#8217;intelligence en r\u00e9seau et il alors temps d&#8217;inventer les mod\u00e8les permettant \u00e0 cette intelligence en r\u00e9seau de gouverner le monde !<\/p>\n<p>Je retiendrais de l&#8217;intervention de Jean-Claude Biver sa suggestion de r\u00e9compenser par une prime les erreurs, car l&#8217;innovation ne peut se produire qu&#8217;en prenant le risque de faire des erreurs.<\/p>\n<p>David Galbraith a ensuite pr\u00e9sent\u00e9 le r\u00f4le des personnes dans l&#8217;\u00e9volution de l&#8217;Internet, pr\u00e9sentant l&#8217;avantage des recommandations des personnes sur celles des robots, et montrant comment les \u00e9volutions des consommations produisaient un risque sur l&#8217;\u00e9volution du net et de sa neutralit\u00e9.<\/p>\n<p><a href=\"https:\/\/i0.wp.com\/blog-alexis.monville.com\/wp-content\/uploads\/sites\/2\/2011\/02\/IMG_0592.jpg?ssl=1\"><img data-recalc-dims=\"1\" loading=\"lazy\" decoding=\"async\" data-attachment-id=\"1037\" data-permalink=\"https:\/\/blog-alexis.monville.com\/en\/2011\/02\/03\/lift11-premiere-journee\/img_0592\/\" data-orig-file=\"https:\/\/i0.wp.com\/blog-alexis.monville.com\/en\/wp-content\/uploads\/sites\/2\/2011\/02\/IMG_0592.jpg?fit=640%2C640&amp;ssl=1\" data-orig-size=\"640,640\" data-comments-opened=\"1\" data-image-meta=\"{&quot;aperture&quot;:&quot;0&quot;,&quot;credit&quot;:&quot;&quot;,&quot;camera&quot;:&quot;190&quot;,&quot;caption&quot;:&quot;&quot;,&quot;created_timestamp&quot;:&quot;1296664191&quot;,&quot;copyright&quot;:&quot;&quot;,&quot;focal_length&quot;:&quot;0&quot;,&quot;iso&quot;:&quot;0&quot;,&quot;shutter_speed&quot;:&quot;0&quot;,&quot;title&quot;:&quot;&quot;}\" data-image-title=\"IMG_0592\" data-image-description=\"\" data-image-caption=\"\" data-large-file=\"https:\/\/i0.wp.com\/blog-alexis.monville.com\/en\/wp-content\/uploads\/sites\/2\/2011\/02\/IMG_0592.jpg?fit=640%2C640&amp;ssl=1\" class=\"alignleft size-medium wp-image-1037\" title=\"IMG_0592\" src=\"https:\/\/i0.wp.com\/blog-alexis.monville.com\/files\/2011\/02\/IMG_0592-300x300.jpg?resize=300%2C300&#038;ssl=1\" alt=\"\" width=\"300\" height=\"300\" srcset=\"https:\/\/i0.wp.com\/blog-alexis.monville.com\/en\/wp-content\/uploads\/sites\/2\/2011\/02\/IMG_0592.jpg?resize=300%2C300&amp;ssl=1 300w, https:\/\/i0.wp.com\/blog-alexis.monville.com\/en\/wp-content\/uploads\/sites\/2\/2011\/02\/IMG_0592.jpg?resize=150%2C150&amp;ssl=1 150w, https:\/\/i0.wp.com\/blog-alexis.monville.com\/en\/wp-content\/uploads\/sites\/2\/2011\/02\/IMG_0592.jpg?w=640&amp;ssl=1 640w\" sizes=\"auto, (max-width: 300px) 100vw, 300px\" \/><\/a><\/p>\n<p><strong>Explain, not complain.<\/strong><\/p>\n<p>Ben Hammersley, probablement mon intervention pr\u00e9f\u00e9r\u00e9e jusque l\u00e0, engage la g\u00e9n\u00e9ration interm\u00e9diaire, \u00e0 traduire aux plus ag\u00e9s ceux qu&#8217;ils ne peuvent comprendre de cette \u00e9volution des mod\u00e8les d&#8217;organisation rendues possibles par l&#8217;Internet. Cette \u00e9volution que les plus jeunes, les digital natives, ont totalement int\u00e9gr\u00e9 comme normale&#8230; Eux, ils ne comprennent pas que les plus vieux ne puissent comprendre ! Expliquer plut\u00f4t que se plaindre, car en Europe la majorit\u00e9 est constitu\u00e9e de ces plus ag\u00e9s, contrairement \u00e0 d&#8217;autres pays ou les digital natives forment la majorit\u00e9. Inspirant et dr\u00f4le, bravo !<\/p>\n<p>Open Stage pour Matthias Lufkens sur la twitplomacy, comment les dirigeants du monde utilisent twitter et interagissent entre eux, excellent !<\/p>\n<p>Et premier break ! Go !<br \/>\nCaf\u00e9, pomme, discuter, jouer avec les d\u00e9tecteurs de mouvement, regarder des robots se promener !<\/p>\n<p>Et c&#8217;est reparti avec Alexander Osterwalder et une pr\u00e9sentation sur la structuration de la cr\u00e9ation d&#8217;entreprise par la syst\u00e9matisation d&#8217;exploration de business model. C&#8217;est une pr\u00e9sentation de son livre Business Model Generation&#8230;<\/p>\n<p>Dorian Selz est ensuite venu pr\u00e9senter l&#8217;application qu&#8217;il a fait lors de la cr\u00e9ation de plusieurs soci\u00e9t\u00e9s de mod\u00e8le d&#8217;organisation d\u00e9passant le mod\u00e8le classique du command and control, amusant cela rejoint une discussion que je viens d&#8217;avoir lors du break avec quelques lifters, je suis en terrain connu pour la cible, le chemin pour y parvenir me passionne&#8230;<a href=\"https:\/\/i0.wp.com\/blog-alexis.monville.com\/wp-content\/uploads\/sites\/2\/2011\/02\/IMG_0596.jpg?ssl=1\"><img data-recalc-dims=\"1\" loading=\"lazy\" decoding=\"async\" data-attachment-id=\"1038\" data-permalink=\"https:\/\/blog-alexis.monville.com\/en\/2011\/02\/03\/lift11-premiere-journee\/img_0596\/\" data-orig-file=\"https:\/\/i0.wp.com\/blog-alexis.monville.com\/en\/wp-content\/uploads\/sites\/2\/2011\/02\/IMG_0596.jpg?fit=640%2C640&amp;ssl=1\" data-orig-size=\"640,640\" data-comments-opened=\"1\" data-image-meta=\"{&quot;aperture&quot;:&quot;0&quot;,&quot;credit&quot;:&quot;&quot;,&quot;camera&quot;:&quot;190&quot;,&quot;caption&quot;:&quot;&quot;,&quot;created_timestamp&quot;:&quot;1296667518&quot;,&quot;copyright&quot;:&quot;&quot;,&quot;focal_length&quot;:&quot;0&quot;,&quot;iso&quot;:&quot;0&quot;,&quot;shutter_speed&quot;:&quot;0&quot;,&quot;title&quot;:&quot;&quot;}\" data-image-title=\"IMG_0596\" data-image-description=\"\" data-image-caption=\"\" data-large-file=\"https:\/\/i0.wp.com\/blog-alexis.monville.com\/en\/wp-content\/uploads\/sites\/2\/2011\/02\/IMG_0596.jpg?fit=640%2C640&amp;ssl=1\" class=\"alignright size-medium wp-image-1038\" title=\"IMG_0596\" src=\"https:\/\/i0.wp.com\/blog-alexis.monville.com\/files\/2011\/02\/IMG_0596-300x300.jpg?resize=300%2C300&#038;ssl=1\" alt=\"\" width=\"300\" height=\"300\" srcset=\"https:\/\/i0.wp.com\/blog-alexis.monville.com\/en\/wp-content\/uploads\/sites\/2\/2011\/02\/IMG_0596.jpg?resize=300%2C300&amp;ssl=1 300w, https:\/\/i0.wp.com\/blog-alexis.monville.com\/en\/wp-content\/uploads\/sites\/2\/2011\/02\/IMG_0596.jpg?resize=150%2C150&amp;ssl=1 150w, https:\/\/i0.wp.com\/blog-alexis.monville.com\/en\/wp-content\/uploads\/sites\/2\/2011\/02\/IMG_0596.jpg?w=640&amp;ssl=1 640w\" sizes=\"auto, (max-width: 300px) 100vw, 300px\" \/><\/a><\/p>\n<p>Birgitta Ralston et Alexandre Bau sont ensuite venu pr\u00e9senter leur exp\u00e9rience de la cr\u00e9ation de la plate-forme de cr\u00e9ation Transplant en Norv\u00e8ge.<\/p>\n<p>Yasmine Abbas enchaine avec une pr\u00e9sentation sur les n\u00e9o-nomades, et j&#8217;ai du un peu d\u00e9crocher car je ne suis pas sur d&#8217;avoir bien compris le sens de son propos : un monde ou la mobilit\u00e9 choisie ou subie produit du stress et du gachi ? un monde \u00e0 changer ?<\/p>\n<p>La transformation d&#8217;organisation pour d\u00e9passer le mod\u00e8le du commande et contr\u00f4le est \u00e9videment un terrain connu pour moi, une question dans les conversations &#8220;off&#8221; m&#8217;\u00e9tait pos\u00e9e. Cela doit \u00eatre difficile \u00e0 vendre car il faut trouver un client qui est r\u00e9ellement envie de changer et pas un qui ne veut se contenter que de cosm\u00e9tique pour prolonger le status quo ? Hummm avec ce que j&#8217;ai appris aujourd&#8217;hui je dirais qu&#8217;il faut continuer \u00e0 expliquer que l&#8217;on peut changer&#8230; et ne surtout pas rester \u00e0 se plaindre de ceux qui ne veulent pas changer \ud83d\ude09<\/p>\n<p>Les lifters se retrouve ensuite pour une soir\u00e9e fondue tr\u00e8s sympathique au cours de laquelle j&#8217;ai appr\u00e9ci\u00e9 \u00e0 nouveau les \u00e9changes et l&#8217;enthousiasme (et la fondue aussi oui \ud83d\ude09 )<\/p>\n<p><a href=\"https:\/\/i0.wp.com\/blog-alexis.monville.com\/wp-content\/uploads\/sites\/2\/2011\/02\/IMG_0606.jpg?ssl=1\"><img data-recalc-dims=\"1\" loading=\"lazy\" decoding=\"async\" data-attachment-id=\"1039\" data-permalink=\"https:\/\/blog-alexis.monville.com\/en\/2011\/02\/03\/lift11-premiere-journee\/img_0606\/\" data-orig-file=\"https:\/\/i0.wp.com\/blog-alexis.monville.com\/en\/wp-content\/uploads\/sites\/2\/2011\/02\/IMG_0606.jpg?fit=640%2C640&amp;ssl=1\" data-orig-size=\"640,640\" data-comments-opened=\"1\" data-image-meta=\"{&quot;aperture&quot;:&quot;0&quot;,&quot;credit&quot;:&quot;&quot;,&quot;camera&quot;:&quot;190&quot;,&quot;caption&quot;:&quot;&quot;,&quot;created_timestamp&quot;:&quot;1296676411&quot;,&quot;copyright&quot;:&quot;&quot;,&quot;focal_length&quot;:&quot;0&quot;,&quot;iso&quot;:&quot;0&quot;,&quot;shutter_speed&quot;:&quot;0&quot;,&quot;title&quot;:&quot;&quot;}\" data-image-title=\"IMG_0606\" data-image-description=\"\" data-image-caption=\"\" data-large-file=\"https:\/\/i0.wp.com\/blog-alexis.monville.com\/en\/wp-content\/uploads\/sites\/2\/2011\/02\/IMG_0606.jpg?fit=640%2C640&amp;ssl=1\" class=\"alignleft size-medium wp-image-1039\" title=\"IMG_0606\" src=\"https:\/\/i0.wp.com\/blog-alexis.monville.com\/files\/2011\/02\/IMG_0606-300x300.jpg?resize=300%2C300&#038;ssl=1\" alt=\"\" width=\"300\" height=\"300\" srcset=\"https:\/\/i0.wp.com\/blog-alexis.monville.com\/en\/wp-content\/uploads\/sites\/2\/2011\/02\/IMG_0606.jpg?resize=300%2C300&amp;ssl=1 300w, https:\/\/i0.wp.com\/blog-alexis.monville.com\/en\/wp-content\/uploads\/sites\/2\/2011\/02\/IMG_0606.jpg?resize=150%2C150&amp;ssl=1 150w, https:\/\/i0.wp.com\/blog-alexis.monville.com\/en\/wp-content\/uploads\/sites\/2\/2011\/02\/IMG_0606.jpg?w=640&amp;ssl=1 640w\" sizes=\"auto, (max-width: 300px) 100vw, 300px\" \/><\/a><\/p>\n","protected":false},"excerpt":{"rendered":"<p>Arriv\u00e9e \u00e0 Lift juste avant le d\u00e9jeuner, premi\u00e8re impression tr\u00e8s positive, les gens que je croise sont tranquilles et accueillants. Je d\u00e9jeune avec une partie de l&#8217;\u00e9quipe qui fait la r\u00e9gie, ce qui me permet d&#8217;apprendre pourquoi les micro-casques c&#8217;est si compliqu\u00e9&#8230; et pourquoi il n&#8217;y en a pas en standard dans les salles de [&hellip;]<\/p>\n","protected":false},"author":1,"featured_media":0,"comment_status":"open","ping_status":"open","sticky":false,"template":"","format":"standard","meta":{"advanced_seo_description":"","jetpack_seo_html_title":"","jetpack_seo_noindex":false,"jetpack_post_was_ever_published":false,"_jetpack_newsletter_access":"","_jetpack_dont_email_post_to_subs":false,"_jetpack_newsletter_tier_id":0,"_jetpack_memberships_contains_paywalled_content":false,"_jetpack_memberships_contains_paid_content":false,"footnotes":""},"categories":[12,7],"tags":[236],"class_list":["post-1034","post","type-post","status-publish","format-standard","hentry","category-europe","category-international","tag-innovation"],"jetpack_featured_media_url":"","jetpack_shortlink":"https:\/\/wp.me\/paNjQG-gG","jetpack-related-posts":[{"id":1828,"url":"https:\/\/blog-alexis.monville.com\/en\/2014\/04\/22\/developper-des-produits-avec-des-equipes-distribuees\/","url_meta":{"origin":1034,"position":0},"title":"D\u00e9velopper des produits avec des \u00e9quipes distribu\u00e9es","author":"Alexis","date":"April 22, 2014","format":false,"excerpt":"Apr\u00e8s la conf\u00e9rence que j'ai donn\u00e9 le 10 avril pour le ScrumDay, je suis en train de pr\u00e9parer celle que je donnerais lors de Mix-IT le 30 avril 2014. Le r\u00e9sum\u00e9 de la session est assez similaire entre les deux, voici celui du ScrumDay : De nos jours, presque tout\u2026","rel":"","context":"In &quot;Interventions&quot;","block_context":{"text":"Interventions","link":"https:\/\/blog-alexis.monville.com\/en\/category\/interventions\/"},"img":{"alt_text":"","src":"https:\/\/i0.wp.com\/blog-alexis.monville.com\/en\/wp-content\/uploads\/sites\/2\/2014\/04\/mixit-banner.png?fit=800%2C270&ssl=1&resize=350%2C200","width":350,"height":200,"srcset":"https:\/\/i0.wp.com\/blog-alexis.monville.com\/en\/wp-content\/uploads\/sites\/2\/2014\/04\/mixit-banner.png?fit=800%2C270&ssl=1&resize=350%2C200 1x, https:\/\/i0.wp.com\/blog-alexis.monville.com\/en\/wp-content\/uploads\/sites\/2\/2014\/04\/mixit-banner.png?fit=800%2C270&ssl=1&resize=525%2C300 1.5x, https:\/\/i0.wp.com\/blog-alexis.monville.com\/en\/wp-content\/uploads\/sites\/2\/2014\/04\/mixit-banner.png?fit=800%2C270&ssl=1&resize=700%2C400 2x"},"classes":[]},{"id":1540,"url":"https:\/\/blog-alexis.monville.com\/en\/2013\/03\/28\/coworking-la-mutinerie\/","url_meta":{"origin":1034,"position":1},"title":"Coworking @ La Mutinerie","author":"Alexis","date":"March 28, 2013","format":false,"excerpt":"J'ai d\u00e9couvert La Mutinerie \u00e0 l'occasion du 3\u00e8me Meetup Openstack qui y \u00e9tait organis\u00e9. Il est bien sur difficile de se faire une opinion objective sur un espace de coworking juste lorsque l'on participe \u00e0 un \u00e9v\u00e9nement. Mais je souhaitais partager mes premi\u00e8res impressions. L'espace est agr\u00e9able et je m'y\u2026","rel":"","context":"In &quot;General&quot;","block_context":{"text":"General","link":"https:\/\/blog-alexis.monville.com\/en\/category\/all\/"},"img":{"alt_text":"","src":"https:\/\/i0.wp.com\/blog-alexis.monville.com\/en\/wp-content\/uploads\/sites\/2\/2013\/03\/2013-03-19-18.54.50-scaled.jpg?fit=1200%2C900&ssl=1&resize=350%2C200","width":350,"height":200,"srcset":"https:\/\/i0.wp.com\/blog-alexis.monville.com\/en\/wp-content\/uploads\/sites\/2\/2013\/03\/2013-03-19-18.54.50-scaled.jpg?fit=1200%2C900&ssl=1&resize=350%2C200 1x, https:\/\/i0.wp.com\/blog-alexis.monville.com\/en\/wp-content\/uploads\/sites\/2\/2013\/03\/2013-03-19-18.54.50-scaled.jpg?fit=1200%2C900&ssl=1&resize=525%2C300 1.5x, https:\/\/i0.wp.com\/blog-alexis.monville.com\/en\/wp-content\/uploads\/sites\/2\/2013\/03\/2013-03-19-18.54.50-scaled.jpg?fit=1200%2C900&ssl=1&resize=700%2C400 2x, https:\/\/i0.wp.com\/blog-alexis.monville.com\/en\/wp-content\/uploads\/sites\/2\/2013\/03\/2013-03-19-18.54.50-scaled.jpg?fit=1200%2C900&ssl=1&resize=1050%2C600 3x"},"classes":[]},{"id":1934,"url":"https:\/\/blog-alexis.monville.com\/en\/2014\/08\/20\/ale-2014-premier-jour\/","url_meta":{"origin":1034,"position":2},"title":"ALE 2014 &#8211; premier jour","author":"Alexis","date":"August 20, 2014","format":false,"excerpt":"Ce premier jour de la non-conf\u00e9rence 2014 du r\u00e9seau ALE (Agile Lean Europe) \u00e9tait particuli\u00e8rement riche ! Une richesse que je ne fais qu'effleurer dans ce compte-rendu rapide. Le programme est un mix entre des sessions pr\u00e9par\u00e9es et s\u00e9lectionn\u00e9es par les participants du sofa \"programme\" et un open space (pour\u2026","rel":"","context":"In &quot;Europe&quot;","block_context":{"text":"Europe","link":"https:\/\/blog-alexis.monville.com\/en\/category\/international\/europe\/"},"img":{"alt_text":"","src":"https:\/\/i0.wp.com\/blog-alexis.monville.com\/en\/wp-content\/uploads\/sites\/2\/2014\/08\/2014-08-20-09.28.05-scaled.jpg?fit=1200%2C900&ssl=1&resize=350%2C200","width":350,"height":200,"srcset":"https:\/\/i0.wp.com\/blog-alexis.monville.com\/en\/wp-content\/uploads\/sites\/2\/2014\/08\/2014-08-20-09.28.05-scaled.jpg?fit=1200%2C900&ssl=1&resize=350%2C200 1x, https:\/\/i0.wp.com\/blog-alexis.monville.com\/en\/wp-content\/uploads\/sites\/2\/2014\/08\/2014-08-20-09.28.05-scaled.jpg?fit=1200%2C900&ssl=1&resize=525%2C300 1.5x, https:\/\/i0.wp.com\/blog-alexis.monville.com\/en\/wp-content\/uploads\/sites\/2\/2014\/08\/2014-08-20-09.28.05-scaled.jpg?fit=1200%2C900&ssl=1&resize=700%2C400 2x, https:\/\/i0.wp.com\/blog-alexis.monville.com\/en\/wp-content\/uploads\/sites\/2\/2014\/08\/2014-08-20-09.28.05-scaled.jpg?fit=1200%2C900&ssl=1&resize=1050%2C600 3x"},"classes":[]},{"id":1243,"url":"https:\/\/blog-alexis.monville.com\/en\/2011\/10\/19\/pourquoi-choisir-une-politique-qui-ne-beneficie-qu%e2%80%99a-1-de-la-population\/","url_meta":{"origin":1034,"position":3},"title":"Pourquoi choisir une politique qui ne b\u00e9n\u00e9ficie qu\u2019\u00e0 1% de la population ?","author":"Alexis","date":"October 19, 2011","format":false,"excerpt":"Les enfants ont toujours de tr\u00e8s bonnes questions. Une des derni\u00e8res qui m\u2019ait demand\u00e9e pas mal d\u2019efforts pour trouver une r\u00e9ponse acceptable est en relation avec le mouvement des 99%. Je vous la livre ici et esp\u00e8re vos r\u00e9flexions pour y apporter une meilleure r\u00e9ponse : \u00absi une\u00a0 politique ne\u2026","rel":"","context":"In &quot;Europe&quot;","block_context":{"text":"Europe","link":"https:\/\/blog-alexis.monville.com\/en\/category\/international\/europe\/"},"img":{"alt_text":"","src":"","width":0,"height":0},"classes":[]},{"id":1064,"url":"https:\/\/blog-alexis.monville.com\/en\/2011\/02\/05\/lift11-troisieme-jour\/","url_meta":{"origin":1034,"position":4},"title":"Lift11 : troisi\u00e8me jour","author":"Alexis","date":"February 5, 2011","format":false,"excerpt":"Hasan Elahi, a \u00e9t\u00e9 arr\u00eat\u00e9 en 2002 \u00e0 son retour aux Etats-Unis et suspect\u00e9 d'\u00eatre un terroriste... A partir de ce moment, m\u00eame une fois qu'il a \u00e9t\u00e9 d\u00e9montr\u00e9 qu'il n'\u00e9tait pas un terroriste, il devait informer le FBI de tout ses d\u00e9placements. Il a alors d\u00e9cid\u00e9, de rendre ces\u2026","rel":"","context":"In &quot;Europe&quot;","block_context":{"text":"Europe","link":"https:\/\/blog-alexis.monville.com\/en\/category\/international\/europe\/"},"img":{"alt_text":"","src":"https:\/\/i0.wp.com\/blog-alexis.monville.com\/files\/2011\/02\/IMG_0664-300x225.jpg?resize=350%2C200&ssl=1","width":350,"height":200},"classes":[]},{"id":228,"url":"https:\/\/blog-alexis.monville.com\/en\/2008\/10\/17\/camarade-de-classe\/","url_meta":{"origin":1034,"position":5},"title":"Camarade de classe","author":"Alexis","date":"October 17, 2008","format":false,"excerpt":"Camarades de classe est un roman de Didier Daeninckx paru d\u00e9but 2008. Ce n'est donc pas l'actualit\u00e9 qui motive cet article, mais bien le th\u00e8me abord\u00e9 : les r\u00e9seaux sociaux, l'usage de ces r\u00e9seaux, les questions sous-jacentes que soul\u00e8ve cet usage sur notre identit\u00e9 et les traces num\u00e9riques de nos\u2026","rel":"","context":"In &quot;Explorateurs&quot;","block_context":{"text":"Explorateurs","link":"https:\/\/blog-alexis.monville.com\/en\/category\/explorateurs\/"},"img":{"alt_text":"","src":"https:\/\/alexismonville.files.wordpress.com\/2008\/10\/41vp8m0gibl_sl160_.jpg?w=350&h=200&crop=1","width":350,"height":200},"classes":[]}],"jetpack_sharing_enabled":true,"_links":{"self":[{"href":"https:\/\/blog-alexis.monville.com\/en\/wp-json\/wp\/v2\/posts\/1034","targetHints":{"allow":["GET"]}}],"collection":[{"href":"https:\/\/blog-alexis.monville.com\/en\/wp-json\/wp\/v2\/posts"}],"about":[{"href":"https:\/\/blog-alexis.monville.com\/en\/wp-json\/wp\/v2\/types\/post"}],"author":[{"embeddable":true,"href":"https:\/\/blog-alexis.monville.com\/en\/wp-json\/wp\/v2\/users\/1"}],"replies":[{"embeddable":true,"href":"https:\/\/blog-alexis.monville.com\/en\/wp-json\/wp\/v2\/comments?post=1034"}],"version-history":[{"count":1,"href":"https:\/\/blog-alexis.monville.com\/en\/wp-json\/wp\/v2\/posts\/1034\/revisions"}],"predecessor-version":[{"id":1706,"href":"https:\/\/blog-alexis.monville.com\/en\/wp-json\/wp\/v2\/posts\/1034\/revisions\/1706"}],"wp:attachment":[{"href":"https:\/\/blog-alexis.monville.com\/en\/wp-json\/wp\/v2\/media?parent=1034"}],"wp:term":[{"taxonomy":"category","embeddable":true,"href":"https:\/\/blog-alexis.monville.com\/en\/wp-json\/wp\/v2\/categories?post=1034"},{"taxonomy":"post_tag","embeddable":true,"href":"https:\/\/blog-alexis.monville.com\/en\/wp-json\/wp\/v2\/tags?post=1034"}],"curies":[{"name":"wp","href":"https:\/\/api.w.org\/{rel}","templated":true}]}}