{"id":1032,"date":"2011-01-31T00:42:15","date_gmt":"2011-01-30T23:42:15","guid":{"rendered":"https:\/\/blog-alexis.monville.com\/?p=1032"},"modified":"2014-01-08T22:15:16","modified_gmt":"2014-01-08T21:15:16","slug":"tedxbordeaux","status":"publish","type":"post","link":"https:\/\/blog-alexis.monville.com\/en\/2011\/01\/31\/tedxbordeaux\/","title":{"rendered":"TEDxBordeaux"},"content":{"rendered":"<p>TEDxBordeaux aura lieu le samedi 28 mai 2011 !<\/p>\n<p>Voici le teaser de l&#8217;annonce :<br \/>\n<iframe loading=\"lazy\" title=\"YouTube video player\" class=\"youtube-player\" type=\"text\/html\" width=\"560\" height=\"345\" src=\"http:\/\/www.youtube.com\/embed\/A1-IFca_ihs\" frameborder=\"0\" allowFullScreen><\/iframe><\/p>\n<blockquote class=\"wp-embedded-content\" data-secret=\"CR6RXw2n5k\"><p><a href=\"https:\/\/www.tedxbordeaux.com\/\">Accueil<\/a><\/p><\/blockquote>\n<p><iframe loading=\"lazy\" class=\"wp-embedded-content\" sandbox=\"allow-scripts\" security=\"restricted\" style=\"position: absolute; clip: rect(1px, 1px, 1px, 1px);\" title=\"\u00ab\u00a0Accueil\u00a0\u00bb &#8212; TEDxBordeaux\" src=\"https:\/\/www.tedxbordeaux.com\/embed\/#?secret=6jWuOEPT8T#?secret=CR6RXw2n5k\" data-secret=\"CR6RXw2n5k\" width=\"500\" height=\"282\" frameborder=\"0\" marginwidth=\"0\" marginheight=\"0\" scrolling=\"no\"><\/iframe><\/p>\n","protected":false},"excerpt":{"rendered":"<p>TEDxBordeaux aura lieu le samedi 28 mai 2011 ! Voici le teaser de l&#8217;annonce : Accueil<\/p>\n","protected":false},"author":1,"featured_media":0,"comment_status":"open","ping_status":"open","sticky":false,"template":"","format":"standard","meta":{"advanced_seo_description":"","jetpack_seo_html_title":"","jetpack_seo_noindex":false,"jetpack_post_was_ever_published":false,"_jetpack_newsletter_access":"","_jetpack_dont_email_post_to_subs":false,"_jetpack_newsletter_tier_id":0,"_jetpack_memberships_contains_paywalled_content":false,"_jetpack_memberships_contains_paid_content":false,"footnotes":""},"categories":[1],"tags":[446],"class_list":["post-1032","post","type-post","status-publish","format-standard","hentry","category-all","tag-tedx"],"jetpack_featured_media_url":"","jetpack_shortlink":"https:\/\/wp.me\/paNjQG-gE","jetpack-related-posts":[{"id":1473,"url":"https:\/\/blog-alexis.monville.com\/en\/2012\/09\/13\/tedxbordeaux-2012\/","url_meta":{"origin":1032,"position":0},"title":"TEDxBordeaux 2012","author":"Alexis","date":"September 13, 2012","format":false,"excerpt":"La premi\u00e8re \u00e9dition de TEDxBordeaux s'est d\u00e9roul\u00e9e le 28 mai 2011. Pour toute une \u00e9quipe\u00a0cela repr\u00e9sentait l'aboutissement d'un long travail de pr\u00e9paration. Pour les participants, c'\u00e9tait une tr\u00e8s belle exp\u00e9rience (je vous laisse (re)d\u00e9couvrir les vid\u00e9os de cette \u00e9dition ainsi que le micro-trottoir captant les r\u00e9actions des participants). Ce jour\u2026","rel":"","context":"In &quot;General&quot;","block_context":{"text":"General","link":"https:\/\/blog-alexis.monville.com\/en\/category\/all\/"},"img":{"alt_text":"","src":"https:\/\/i0.wp.com\/blog-alexis.monville.com\/en\/wp-content\/uploads\/sites\/2\/2012\/04\/TEDxBordeaux_Noir_Carre.png?fit=500%2C500&ssl=1&resize=350%2C200","width":350,"height":200},"classes":[]},{"id":1085,"url":"https:\/\/blog-alexis.monville.com\/en\/2011\/04\/13\/tedxbordeaux-2\/","url_meta":{"origin":1032,"position":1},"title":"TEDxBordeaux","author":"Alexis","date":"April 13, 2011","format":false,"excerpt":"Ceux qui suivent ce blog (merci au fait ;-) ) le savent d\u00e9j\u00e0, je contribue avec une petite \u00e9quipe b\u00e9n\u00e9vole \u00e0 faire exister le premier TEDxBordeaux. Il se d\u00e9roulera le samedi 28 mai 2011 dans l\u2019auditorium du CAPC (Mus\u00e9e d\u2019art contemporain de Bordeaux). Suivant le principe de TED et \u00e0\u2026","rel":"","context":"In &quot;Interventions&quot;","block_context":{"text":"Interventions","link":"https:\/\/blog-alexis.monville.com\/en\/category\/interventions\/"},"img":{"alt_text":"","src":"","width":0,"height":0},"classes":[]},{"id":1110,"url":"https:\/\/blog-alexis.monville.com\/en\/2011\/06\/04\/tedxbordeaux-3\/","url_meta":{"origin":1032,"position":2},"title":"TEDxBordeaux","author":"Alexis","date":"June 4, 2011","format":false,"excerpt":"ENSEMBLE... \u00a0 La journ\u00e9e du 28 mai 2011 est pass\u00e9e. Plusieurs mois de pr\u00e9paration pour une \u00e9quipe b\u00e9n\u00e9vole r\u00e9compens\u00e9s par les nombreux sourires et f\u00e9licitations de la part des participants et des intervenants. \u00a0 Les vid\u00e9os et les photos commencent a \u00eatre publi\u00e9es ce qui permettra \u00e0 ceux qui n'ont\u2026","rel":"","context":"In &quot;General&quot;","block_context":{"text":"General","link":"https:\/\/blog-alexis.monville.com\/en\/category\/all\/"},"img":{"alt_text":"","src":"https:\/\/i0.wp.com\/blog-alexis.monville.com\/wp-content\/uploads\/sites\/2\/2011\/06\/tedxbordeaux.jpg?resize=350%2C200&ssl=1","width":350,"height":200},"classes":[]},{"id":1079,"url":"https:\/\/blog-alexis.monville.com\/en\/2011\/03\/29\/tedxalger\/","url_meta":{"origin":1032,"position":3},"title":"TEDxAlger","author":"Alexis","date":"March 29, 2011","format":false,"excerpt":"Le 9 avril se tiendra \u00e0 Alger le premier \u00e9v\u00e9nement TEDx d'Algerie, le TEDxAlger. Fadhila Brahimi (Personal Branding) est le premier intervenant annonc\u00e9 pour cette \u00e9dition. L'organisation a propos\u00e9 un concours dont le but est de d\u00e9couvrir les intervenants et permettant de gagner sa participation \u00e0 l'\u00e9v\u00e9nement. Ce premier TEDx\u2026","rel":"","context":"In &quot;International&quot;","block_context":{"text":"International","link":"https:\/\/blog-alexis.monville.com\/en\/category\/international\/"},"img":{"alt_text":"","src":"https:\/\/i0.wp.com\/www.tedxalger.com\/templates\/gk_yourshop\/images\/style2\/logo.png?resize=350%2C200","width":350,"height":200},"classes":[]},{"id":1166,"url":"https:\/\/blog-alexis.monville.com\/en\/2011\/09\/03\/tedxbordeaux-4\/","url_meta":{"origin":1032,"position":4},"title":"TEDxBordeaux","author":"Alexis","date":"September 3, 2011","format":false,"excerpt":"Ce vendredi 2 septembre 2011, nous avons c\u00e9l\u00e9br\u00e9 avec une partie de l'\u00e9quipe, le succ\u00e9s de l'\u00e9dition 2011 de TEDxBordeaux. Une soir\u00e9e bien sympathique, au cours de laquelle nous avons regard\u00e9 en arri\u00e8re, partag\u00e9 quelques souvenirs, regard\u00e9 les compteurs de vid\u00e9os visionn\u00e9es sur Youtube (plus de 10 000 vid\u00e9os regard\u00e9es\u2026","rel":"","context":"In &quot;Interventions&quot;","block_context":{"text":"Interventions","link":"https:\/\/blog-alexis.monville.com\/en\/category\/interventions\/"},"img":{"alt_text":"","src":"https:\/\/i0.wp.com\/farm4.static.flickr.com\/3497\/5794066015_f3c653763d.jpg?resize=350%2C200","width":350,"height":200},"classes":[]},{"id":1422,"url":"https:\/\/blog-alexis.monville.com\/en\/2012\/04\/28\/tedxbordeaux-5\/","url_meta":{"origin":1032,"position":5},"title":"TEDxBordeaux","author":"Alexis","date":"April 28, 2012","format":false,"excerpt":"La deuxi\u00e8me r\u00e9union pl\u00e9ni\u00e8re de l'\u00e9quipe d'organisation de TEDxBordeaux 2012 s'est tenue hier au TnBA (Th\u00e9atre national de Bordeaux en Aquitaine). Bel enthousiasme pour la vingtaine de participants pr\u00e9sents ! Tr\u00e8s heureux de prendre part \u00e0 l'organisation cette ann\u00e9e encore ! TEDxBordeaux est organis\u00e9 cette ann\u00e9e sous la conduite de\u2026","rel":"","context":"In &quot;ayeba&quot;","block_context":{"text":"ayeba","link":"https:\/\/blog-alexis.monville.com\/en\/category\/ayeba\/"},"img":{"alt_text":"","src":"https:\/\/i0.wp.com\/blog-alexis.monville.com\/en\/wp-content\/uploads\/sites\/2\/2012\/04\/TEDxBordeaux_Noir_Carre.png?fit=500%2C500&ssl=1&resize=350%2C200","width":350,"height":200},"classes":[]}],"jetpack_sharing_enabled":true,"_links":{"self":[{"href":"https:\/\/blog-alexis.monville.com\/en\/wp-json\/wp\/v2\/posts\/1032","targetHints":{"allow":["GET"]}}],"collection":[{"href":"https:\/\/blog-alexis.monville.com\/en\/wp-json\/wp\/v2\/posts"}],"about":[{"href":"https:\/\/blog-alexis.monville.com\/en\/wp-json\/wp\/v2\/types\/post"}],"author":[{"embeddable":true,"href":"https:\/\/blog-alexis.monville.com\/en\/wp-json\/wp\/v2\/users\/1"}],"replies":[{"embeddable":true,"href":"https:\/\/blog-alexis.monville.com\/en\/wp-json\/wp\/v2\/comments?post=1032"}],"version-history":[{"count":1,"href":"https:\/\/blog-alexis.monville.com\/en\/wp-json\/wp\/v2\/posts\/1032\/revisions"}],"predecessor-version":[{"id":1707,"href":"https:\/\/blog-alexis.monville.com\/en\/wp-json\/wp\/v2\/posts\/1032\/revisions\/1707"}],"wp:attachment":[{"href":"https:\/\/blog-alexis.monville.com\/en\/wp-json\/wp\/v2\/media?parent=1032"}],"wp:term":[{"taxonomy":"category","embeddable":true,"href":"https:\/\/blog-alexis.monville.com\/en\/wp-json\/wp\/v2\/categories?post=1032"},{"taxonomy":"post_tag","embeddable":true,"href":"https:\/\/blog-alexis.monville.com\/en\/wp-json\/wp\/v2\/tags?post=1032"}],"curies":[{"name":"wp","href":"https:\/\/api.w.org\/{rel}","templated":true}]}}