{"id":1026,"date":"2011-01-16T18:55:50","date_gmt":"2011-01-16T16:55:50","guid":{"rendered":"https:\/\/blog-alexis.monville.com\/?p=1026"},"modified":"2011-01-16T18:55:50","modified_gmt":"2011-01-16T16:55:50","slug":"irma","status":"publish","type":"post","link":"https:\/\/blog-alexis.monville.com\/en\/2011\/01\/16\/irma\/","title":{"rendered":"Irma"},"content":{"rendered":"<p><a href=\"https:\/\/i0.wp.com\/blog-alexis.monville.com\/wp-content\/uploads\/sites\/2\/2011\/01\/Irma.png?ssl=1\"><img data-recalc-dims=\"1\" loading=\"lazy\" decoding=\"async\" data-attachment-id=\"1027\" data-permalink=\"https:\/\/blog-alexis.monville.com\/en\/2011\/01\/16\/irma\/irma\/\" data-orig-file=\"https:\/\/i0.wp.com\/blog-alexis.monville.com\/en\/wp-content\/uploads\/sites\/2\/2011\/01\/Irma.png?fit=415%2C288&amp;ssl=1\" data-orig-size=\"415,288\" data-comments-opened=\"1\" data-image-meta=\"{&quot;aperture&quot;:&quot;0&quot;,&quot;credit&quot;:&quot;&quot;,&quot;camera&quot;:&quot;&quot;,&quot;caption&quot;:&quot;&quot;,&quot;created_timestamp&quot;:&quot;0&quot;,&quot;copyright&quot;:&quot;&quot;,&quot;focal_length&quot;:&quot;0&quot;,&quot;iso&quot;:&quot;0&quot;,&quot;shutter_speed&quot;:&quot;0&quot;,&quot;title&quot;:&quot;&quot;}\" data-image-title=\"Irma\" data-image-description=\"\" data-image-caption=\"\" data-large-file=\"https:\/\/i0.wp.com\/blog-alexis.monville.com\/en\/wp-content\/uploads\/sites\/2\/2011\/01\/Irma.png?fit=415%2C288&amp;ssl=1\" class=\"alignleft size-medium wp-image-1027\" title=\"Irma\" src=\"https:\/\/i0.wp.com\/blog-alexis.monville.com\/files\/2011\/01\/Irma-300x208.png?resize=300%2C208&#038;ssl=1\" alt=\"\" width=\"300\" height=\"208\" srcset=\"https:\/\/i0.wp.com\/blog-alexis.monville.com\/en\/wp-content\/uploads\/sites\/2\/2011\/01\/Irma.png?resize=300%2C208&amp;ssl=1 300w, https:\/\/i0.wp.com\/blog-alexis.monville.com\/en\/wp-content\/uploads\/sites\/2\/2011\/01\/Irma.png?w=415&amp;ssl=1 415w\" sizes=\"auto, (max-width: 300px) 100vw, 300px\" \/><\/a><br \/>\nD\u00e9couverte de la g\u00e9niale <a href=\"http:\/\/www.mymajorcompany.com\/artistes\/irma\">Irma<\/a> lors de <a href=\"http:\/\/www.tedxparis.com\">TEDxParis<\/a> hier ! Une chanson entre deux conf\u00e9rences et surtout un mini concert lors de la soir\u00e9e au Scopitone !<br \/>\nSon premier album, financ\u00e9 par 416 producteurs sur MyMajorCompany, sera dans les bacs le 28 f\u00e9vrier 2011.<br \/>\nVous pouvez \u00e9galement d\u00e9couvrir de nombreux titres, dont des reprises excellentes sur <a href=\"http:\/\/www.youtube.com\/user\/nevermind150788\">sa chaine youtube<\/a>.<\/p>\n<p><a href=\"https:\/\/i0.wp.com\/blog-alexis.monville.com\/wp-content\/uploads\/sites\/2\/2011\/01\/irma-scopitone.jpg?ssl=1\"><img data-recalc-dims=\"1\" loading=\"lazy\" decoding=\"async\" data-attachment-id=\"1030\" data-permalink=\"https:\/\/blog-alexis.monville.com\/en\/2011\/01\/16\/irma\/irma-scopitone\/\" data-orig-file=\"https:\/\/i0.wp.com\/blog-alexis.monville.com\/en\/wp-content\/uploads\/sites\/2\/2011\/01\/irma-scopitone.jpg?fit=300%2C225&amp;ssl=1\" data-orig-size=\"300,225\" data-comments-opened=\"1\" data-image-meta=\"{&quot;aperture&quot;:&quot;0&quot;,&quot;credit&quot;:&quot;&quot;,&quot;camera&quot;:&quot;&quot;,&quot;caption&quot;:&quot;&quot;,&quot;created_timestamp&quot;:&quot;0&quot;,&quot;copyright&quot;:&quot;&quot;,&quot;focal_length&quot;:&quot;0&quot;,&quot;iso&quot;:&quot;0&quot;,&quot;shutter_speed&quot;:&quot;0&quot;,&quot;title&quot;:&quot;&quot;}\" data-image-title=\"irma-scopitone\" data-image-description=\"\" data-image-caption=\"\" data-large-file=\"https:\/\/i0.wp.com\/blog-alexis.monville.com\/en\/wp-content\/uploads\/sites\/2\/2011\/01\/irma-scopitone.jpg?fit=300%2C225&amp;ssl=1\" class=\"alignright size-full wp-image-1030\" title=\"irma-scopitone\" src=\"https:\/\/i0.wp.com\/blog-alexis.monville.com\/wp-content\/uploads\/sites\/2\/2011\/01\/irma-scopitone.jpg?resize=300%2C225&#038;ssl=1\" alt=\"\" width=\"300\" height=\"225\" \/><\/a><\/p>\n","protected":false},"excerpt":{"rendered":"<p>D\u00e9couverte de la g\u00e9niale Irma lors de TEDxParis hier ! Une chanson entre deux conf\u00e9rences et surtout un mini concert lors de la soir\u00e9e au Scopitone ! Son premier album, financ\u00e9 par 416 producteurs sur MyMajorCompany, sera dans les bacs le 28 f\u00e9vrier 2011. Vous pouvez \u00e9galement d\u00e9couvrir de nombreux titres, dont des reprises excellentes [&hellip;]<\/p>\n","protected":false},"author":1,"featured_media":0,"comment_status":"open","ping_status":"open","sticky":false,"template":"","format":"standard","meta":{"advanced_seo_description":"","jetpack_seo_html_title":"","jetpack_seo_noindex":false,"jetpack_post_was_ever_published":false,"_jetpack_newsletter_access":"","_jetpack_dont_email_post_to_subs":false,"_jetpack_newsletter_tier_id":0,"_jetpack_memberships_contains_paywalled_content":false,"_jetpack_memberships_contains_paid_content":false,"footnotes":""},"categories":[1],"tags":[],"class_list":["post-1026","post","type-post","status-publish","format-standard","hentry","category-all"],"jetpack_featured_media_url":"","jetpack_shortlink":"https:\/\/wp.me\/saNjQG-irma","jetpack-related-posts":[{"id":20,"url":"https:\/\/blog-alexis.monville.com\/en\/2006\/06\/25\/dele\/","url_meta":{"origin":1026,"position":0},"title":"Groupe de Travail Franco-Chinois sur les logiciels libres","author":"Alexis","date":"June 25, 2006","format":false,"excerpt":"Membre de la d\u00e9l\u00e9gation fran\u00e7aise lors du d\u00e9placement en Chine du 17 au 25 juin 2006. L'objet principal du d\u00e9placement \u00e9tait la r\u00e9union du Groupe de travail franco-chinois sur les logiciels libres initi\u00e9 suite \u00e0 la signature de l'accord de coop\u00e9ration pour promouvoir l'usage et le d\u00e9veloppement des logiciels libres\u2026","rel":"","context":"In &quot;International&quot;","block_context":{"text":"International","link":"https:\/\/blog-alexis.monville.com\/en\/category\/international\/"},"img":{"alt_text":"","src":"","width":0,"height":0},"classes":[]},{"id":2090,"url":"https:\/\/blog-alexis.monville.com\/en\/2015\/06\/19\/agile-france-et-le-bonheur-au-travail\/","url_meta":{"origin":1026,"position":1},"title":"Agile France et Le Bonheur au Travail","author":"Alexis","date":"June 19, 2015","format":false,"excerpt":"J'ai eu le plaisir de donner une conf\u00e9rence sur le bonheur lors de l'\u00e9dition 2015 de la conf\u00e9rence Agile France \u00e0 Paris. Il s'agissait d'une version raccourcie et en fran\u00e7ais de la keynote que j'avais donn\u00e9 en ouverture lors des Drupal Developers Days : Happiness is Coming. J'avais choisi de\u2026","rel":"","context":"In &quot;General&quot;","block_context":{"text":"General","link":"https:\/\/blog-alexis.monville.com\/en\/category\/all\/"},"img":{"alt_text":"","src":"https:\/\/i0.wp.com\/blog-alexis.monville.com\/en\/wp-content\/uploads\/sites\/2\/2015\/06\/CH2l_g-WoAADQca-e1434716733943.jpg?fit=1024%2C768&ssl=1&resize=350%2C200","width":350,"height":200,"srcset":"https:\/\/i0.wp.com\/blog-alexis.monville.com\/en\/wp-content\/uploads\/sites\/2\/2015\/06\/CH2l_g-WoAADQca-e1434716733943.jpg?fit=1024%2C768&ssl=1&resize=350%2C200 1x, https:\/\/i0.wp.com\/blog-alexis.monville.com\/en\/wp-content\/uploads\/sites\/2\/2015\/06\/CH2l_g-WoAADQca-e1434716733943.jpg?fit=1024%2C768&ssl=1&resize=525%2C300 1.5x, https:\/\/i0.wp.com\/blog-alexis.monville.com\/en\/wp-content\/uploads\/sites\/2\/2015\/06\/CH2l_g-WoAADQca-e1434716733943.jpg?fit=1024%2C768&ssl=1&resize=700%2C400 2x"},"classes":[]},{"id":1022,"url":"https:\/\/blog-alexis.monville.com\/en\/2011\/01\/09\/dividende-universel\/","url_meta":{"origin":1026,"position":2},"title":"Dividende universel","author":"Alexis","date":"January 9, 2011","format":false,"excerpt":"St\u00e9phane Laborde est intervenu lors de l'\u00e9mission Symbiose sur radio libertaire diffus\u00e9 sur dogmazic\u00a0(faire un don ici) pour parler de son livre sur la th\u00e9orie relative de la monnaie. Une occasion \u00e9galement de comprendre ce qu'est la monnaie, qui permet de favoriser les \u00e9changes au dela du troc et les\u2026","rel":"","context":"In &quot;General&quot;","block_context":{"text":"General","link":"https:\/\/blog-alexis.monville.com\/en\/category\/all\/"},"img":{"alt_text":"","src":"","width":0,"height":0},"classes":[]},{"id":1463,"url":"https:\/\/blog-alexis.monville.com\/en\/2012\/09\/07\/ale2012-quest-ce-quune-keynote\/","url_meta":{"origin":1026,"position":3},"title":"ALE2012 &#8211; qu&#8217;est-ce qu&#8217;une keynote ?","author":"Alexis","date":"September 7, 2012","format":false,"excerpt":"C'est lors d'une discussion autour d'un verre \u00e0 la sortie d'ALE que la question a \u00e9t\u00e9 abord\u00e9e. Nous partagions nos points de vue sur les Keynotes de l'\u00e9dition 2012 de la conf\u00e9rence annuelle du r\u00e9seau Agile Lean Europe (ALE Network). \"Nous\" ici ce sont Pablo, Duarte, Stephen, Oana et quelques\u2026","rel":"","context":"In &quot;General&quot;","block_context":{"text":"General","link":"https:\/\/blog-alexis.monville.com\/en\/category\/all\/"},"img":{"alt_text":"","src":"https:\/\/i0.wp.com\/blog-alexis.monville.com\/en\/wp-content\/uploads\/sites\/2\/2012\/09\/ALE2012-1-scaled.jpg?fit=1200%2C900&ssl=1&resize=350%2C200","width":350,"height":200,"srcset":"https:\/\/i0.wp.com\/blog-alexis.monville.com\/en\/wp-content\/uploads\/sites\/2\/2012\/09\/ALE2012-1-scaled.jpg?fit=1200%2C900&ssl=1&resize=350%2C200 1x, https:\/\/i0.wp.com\/blog-alexis.monville.com\/en\/wp-content\/uploads\/sites\/2\/2012\/09\/ALE2012-1-scaled.jpg?fit=1200%2C900&ssl=1&resize=525%2C300 1.5x, https:\/\/i0.wp.com\/blog-alexis.monville.com\/en\/wp-content\/uploads\/sites\/2\/2012\/09\/ALE2012-1-scaled.jpg?fit=1200%2C900&ssl=1&resize=700%2C400 2x, https:\/\/i0.wp.com\/blog-alexis.monville.com\/en\/wp-content\/uploads\/sites\/2\/2012\/09\/ALE2012-1-scaled.jpg?fit=1200%2C900&ssl=1&resize=1050%2C600 3x"},"classes":[]},{"id":711,"url":"https:\/\/blog-alexis.monville.com\/en\/2009\/12\/31\/le-facteur-humain\/","url_meta":{"origin":1026,"position":4},"title":"Le facteur humain","author":"Alexis","date":"December 31, 2009","format":false,"excerpt":"La lecture d'un billet r\u00e9cent du FramaBlog me donne l'envie de terminer 2009 en parlant \u00e0 nouveau du th\u00e8me qui m'int\u00e9resse probablement le plus : l'\u00e9volution des modes d'organisation. Ce th\u00e8me avait \u00e9t\u00e9 abord\u00e9 lors de la conf\u00e9rence Le facteur humain... au coeur de l'industrie du logiciel libre organis\u00e9e lors\u2026","rel":"","context":"In &quot;General&quot;","block_context":{"text":"General","link":"https:\/\/blog-alexis.monville.com\/en\/category\/all\/"},"img":{"alt_text":"","src":"","width":0,"height":0},"classes":[]},{"id":1637,"url":"https:\/\/blog-alexis.monville.com\/en\/2013\/07\/18\/donald-reinertsen-est-dans-le-flux\/","url_meta":{"origin":1026,"position":5},"title":"Donald Reinertsen est dans le flux","author":"Alexis","date":"July 18, 2013","format":false,"excerpt":"Donald Reinertsen est l'auteur d'un ouvrage difficile d'acc\u00e8s,\u00a0The Principles of Product Development Flow. Pour en savoir plus sur les travaux de cet auteur, je vous propose de regarder une des conf\u00e9rences qu'il a donn\u00e9 lors de Lean Kanban Central Europe en 2012. Ou de lire l'article publi\u00e9 sur MOM21 (Mouvement\u2026","rel":"","context":"In &quot;General&quot;","block_context":{"text":"General","link":"https:\/\/blog-alexis.monville.com\/en\/category\/all\/"},"img":{"alt_text":"","src":"","width":0,"height":0},"classes":[]}],"jetpack_sharing_enabled":true,"_links":{"self":[{"href":"https:\/\/blog-alexis.monville.com\/en\/wp-json\/wp\/v2\/posts\/1026","targetHints":{"allow":["GET"]}}],"collection":[{"href":"https:\/\/blog-alexis.monville.com\/en\/wp-json\/wp\/v2\/posts"}],"about":[{"href":"https:\/\/blog-alexis.monville.com\/en\/wp-json\/wp\/v2\/types\/post"}],"author":[{"embeddable":true,"href":"https:\/\/blog-alexis.monville.com\/en\/wp-json\/wp\/v2\/users\/1"}],"replies":[{"embeddable":true,"href":"https:\/\/blog-alexis.monville.com\/en\/wp-json\/wp\/v2\/comments?post=1026"}],"version-history":[{"count":0,"href":"https:\/\/blog-alexis.monville.com\/en\/wp-json\/wp\/v2\/posts\/1026\/revisions"}],"wp:attachment":[{"href":"https:\/\/blog-alexis.monville.com\/en\/wp-json\/wp\/v2\/media?parent=1026"}],"wp:term":[{"taxonomy":"category","embeddable":true,"href":"https:\/\/blog-alexis.monville.com\/en\/wp-json\/wp\/v2\/categories?post=1026"},{"taxonomy":"post_tag","embeddable":true,"href":"https:\/\/blog-alexis.monville.com\/en\/wp-json\/wp\/v2\/tags?post=1026"}],"curies":[{"name":"wp","href":"https:\/\/api.w.org\/{rel}","templated":true}]}}