{"id":1018,"date":"2011-01-02T11:47:53","date_gmt":"2011-01-02T10:47:53","guid":{"rendered":"https:\/\/blog-alexis.monville.com\/?p=1018"},"modified":"2014-01-08T22:15:27","modified_gmt":"2014-01-08T21:15:27","slug":"tous-mes-voeux-pour-2011","status":"publish","type":"post","link":"https:\/\/blog-alexis.monville.com\/en\/2011\/01\/02\/tous-mes-voeux-pour-2011\/","title":{"rendered":"Tous mes voeux pour 2011"},"content":{"rendered":"<p>Recevez tous mes voeux pour cette nouvelle ann\u00e9e.<\/p>\n<p>Je vous souhaite le meilleur pour 2011.<\/p>\n<p>Je relaie \u00e0 pr\u00e9sent la parole d&#8217;un plus ancien, ou d&#8217;un plus jeune par sa capacit\u00e9 d&#8217;engagement, parole \u00e0 Monsieur St\u00e9phane Hessel.<\/p>\n<p><object width=\"480\" height=\"270\"><param name=\"movie\" value=\"http:\/\/www.dailymotion.com\/swf\/video\/xgcbml_les-vyux-de-stephane-hessel-pour-2011-sur-mediapart_news?additionalInfos=0\"><\/param><param name=\"allowFullScreen\" value=\"true\"><\/param><param name=\"allowScriptAccess\" value=\"always\"><\/param><\/object><br \/><b><a href=\"http:\/\/www.dailymotion.com\/video\/xgcbml_les-vyux-de-stephane-hessel-pour-2011-sur-mediapart_news\">Les v&oelig;ux de St&eacute;phane Hessel pour 2011 sur Mediapart<\/a><\/b><br \/><i>envoy&eacute; par <a href=\"http:\/\/www.dailymotion.com\/Mediapart\">Mediapart<\/a>. &#8211; <a target=\"_self\" href=\"http:\/\/www.dailymotion.com\/fr\/channel\/news\">L&#039;actualit&eacute; du moment en vid&eacute;o.<\/a><\/i><\/p>\n","protected":false},"excerpt":{"rendered":"<p>Recevez tous mes voeux pour cette nouvelle ann\u00e9e. Je vous souhaite le meilleur pour 2011. Je relaie \u00e0 pr\u00e9sent la parole d&#8217;un plus ancien, ou d&#8217;un plus jeune par sa capacit\u00e9 d&#8217;engagement, parole \u00e0 Monsieur St\u00e9phane Hessel. Les v&oelig;ux de St&eacute;phane Hessel pour 2011 sur Mediapartenvoy&eacute; par Mediapart. &#8211; L&#039;actualit&eacute; du moment en vid&eacute;o.<\/p>\n","protected":false},"author":1,"featured_media":0,"comment_status":"open","ping_status":"open","sticky":false,"template":"","format":"standard","meta":{"advanced_seo_description":"","jetpack_seo_html_title":"","jetpack_seo_noindex":false,"jetpack_post_was_ever_published":false,"_jetpack_newsletter_access":"","_jetpack_dont_email_post_to_subs":false,"_jetpack_newsletter_tier_id":0,"_jetpack_memberships_contains_paywalled_content":false,"_jetpack_memberships_contains_paid_content":false,"footnotes":""},"categories":[1],"tags":[],"class_list":["post-1018","post","type-post","status-publish","format-standard","hentry","category-all"],"jetpack_featured_media_url":"","jetpack_shortlink":"https:\/\/wp.me\/paNjQG-gq","jetpack-related-posts":[{"id":716,"url":"https:\/\/blog-alexis.monville.com\/en\/2010\/01\/04\/excellente-annee-2010\/","url_meta":{"origin":1018,"position":0},"title":"Excellente ann\u00e9e 2010","author":"Alexis","date":"January 4, 2010","format":false,"excerpt":"Je souhaite une excellente ann\u00e9e 2010 ! J'en profite pour faire de la pub en utilisant la carte de voeux d'ayeba !","rel":"","context":"In &quot;General&quot;","block_context":{"text":"General","link":"https:\/\/blog-alexis.monville.com\/en\/category\/all\/"},"img":{"alt_text":"2010-ayeba-voeux","src":"https:\/\/i0.wp.com\/blog-alexis.monville.com\/wp-content\/uploads\/sites\/2\/2010\/01\/2010-ayeba-voeux-01.png?resize=350%2C200&ssl=1","width":350,"height":200,"srcset":"https:\/\/i0.wp.com\/blog-alexis.monville.com\/wp-content\/uploads\/sites\/2\/2010\/01\/2010-ayeba-voeux-01.png?resize=350%2C200&ssl=1 1x, https:\/\/i0.wp.com\/blog-alexis.monville.com\/wp-content\/uploads\/sites\/2\/2010\/01\/2010-ayeba-voeux-01.png?resize=525%2C300&ssl=1 1.5x"},"classes":[]},{"id":276,"url":"https:\/\/blog-alexis.monville.com\/en\/2008\/12\/05\/charter-for-compassion\/","url_meta":{"origin":1018,"position":1},"title":"Charter For Compassion","author":"Alexis","date":"December 5, 2008","format":false,"excerpt":"Charter For Compassion, est une initiative lanc\u00e9e par Karen Armstrong, qui vise \u00e0 l'application de la R\u00e8gle d'Or dans le monde entier. De nombreuses personnes ont d\u00e9j\u00e0 contribu\u00e9 \u00e0 cette communaut\u00e9 en partageant leur histoire par \u00e9crit ou en vid\u00e9o. Karen Armstrong a re\u00e7u le prix TED en 2008 pour\u2026","rel":"","context":"In &quot;Explorateurs&quot;","block_context":{"text":"Explorateurs","link":"https:\/\/blog-alexis.monville.com\/en\/category\/explorateurs\/"},"img":{"alt_text":"charterforcompassion2","src":"https:\/\/alexismonville.files.wordpress.com\/2008\/12\/charterforcompassion2.jpg?w=350&h=200&crop=1","width":350,"height":200},"classes":[]},{"id":956,"url":"https:\/\/blog-alexis.monville.com\/en\/2010\/11\/20\/de-la-monnaie\/","url_meta":{"origin":1018,"position":2},"title":"De la monnaie&#8230;","author":"Alexis","date":"November 20, 2010","format":false,"excerpt":"La th\u00e9orie relative de la monnaie de St\u00e9phane Laborde explicite l\u2019histoire de la monnaie depuis sa cr\u00e9ation jusqu\u2019\u00e0 nos jours et propose une nouvelle approche pour la cr\u00e9ation mon\u00e9taire. Le syst\u00e8me mon\u00e9taire 1.0, est celui \u00e0 valeur de r\u00e9f\u00e9rence, l\u2019or par exemple. Dans ce syst\u00e8me la quantit\u00e9 physique d\u2019or disponible\u2026","rel":"","context":"In &quot;General&quot;","block_context":{"text":"General","link":"https:\/\/blog-alexis.monville.com\/en\/category\/all\/"},"img":{"alt_text":"","src":"https:\/\/i0.wp.com\/1.bp.blogspot.com\/_q_mHWDXlFMU\/TNMYHOA-OiI\/AAAAAAAAA0I\/VMaVAHd4_94\/s1600\/TRM_v1_0.jpg?resize=350%2C200","width":350,"height":200},"classes":[]},{"id":1183,"url":"https:\/\/blog-alexis.monville.com\/en\/2011\/09\/20\/un-toit-pour-les-abeilles\/","url_meta":{"origin":1018,"position":3},"title":"Un toit pour les abeilles","author":"Alexis","date":"September 20, 2011","format":false,"excerpt":"Surprise ! Un Petit colis dans la boite aux lettres ce matin ! J'ouvre un peu f\u00e9brile... Cela doit \u00eatre un effet d'\u00e9lastique avec les cadeaux de mon enfance... Et je d\u00e9couvre, emball\u00e9 par un petit mot sympathique de l'ami Eloi de Triple C, un petit pot de miel !\u2026","rel":"","context":"In &quot;ayeba&quot;","block_context":{"text":"ayeba","link":"https:\/\/blog-alexis.monville.com\/en\/category\/ayeba\/"},"img":{"alt_text":"","src":"https:\/\/i0.wp.com\/www.untoitpourlesabeilles.fr\/images\/logo_utpla.png?resize=350%2C200","width":350,"height":200},"classes":[]},{"id":1149,"url":"https:\/\/blog-alexis.monville.com\/en\/2011\/08\/27\/tax-me-if-you-can\/","url_meta":{"origin":1018,"position":4},"title":"Tax Me If You Can","author":"Alexis","date":"August 27, 2011","format":false,"excerpt":"Le succ\u00e8s d'un nouveau produit passe parfois\u00a0souvent par un bon lancement. Le produit dont je voudrais vous parler aujourd'hui est \"taxons les riches\". Taxons les riches Le lancement du produit a \u00e9t\u00e9 fait par une des plus c\u00e9l\u00e8bre et des plus grosse fortune mondiale, Warren Buffet, dans une tribune dans\u2026","rel":"","context":"In &quot;General&quot;","block_context":{"text":"General","link":"https:\/\/blog-alexis.monville.com\/en\/category\/all\/"},"img":{"alt_text":"","src":"https:\/\/kerrymedianetwork.files.wordpress.com\/2008\/09\/catch_me_if_you_can.jpg?w=350&h=200&crop=1","width":350,"height":200},"classes":[]},{"id":97,"url":"https:\/\/blog-alexis.monville.com\/en\/2008\/06\/02\/assises-du-numerique\/","url_meta":{"origin":1018,"position":5},"title":"Assises du num\u00e9rique","author":"Alexis","date":"June 2, 2008","format":false,"excerpt":"Les assises du num\u00e9rique ont \u00e9t\u00e9 ouvertes ce jeudi 29 mai 2008. Beaucoup de choses ont \u00e9t\u00e9 dites sur ce sujet, j'avais simplement envie de revenir sur quelques moments : Le discours d'ouverture d'Eric Besson : plan pour le d\u00e9veloppement du num\u00e9rique pour la fin juillet, 27 axes de travail,\u2026","rel":"","context":"In &quot;General&quot;","block_context":{"text":"General","link":"https:\/\/blog-alexis.monville.com\/en\/category\/all\/"},"img":{"alt_text":"","src":"","width":0,"height":0},"classes":[]}],"jetpack_sharing_enabled":true,"_links":{"self":[{"href":"https:\/\/blog-alexis.monville.com\/en\/wp-json\/wp\/v2\/posts\/1018","targetHints":{"allow":["GET"]}}],"collection":[{"href":"https:\/\/blog-alexis.monville.com\/en\/wp-json\/wp\/v2\/posts"}],"about":[{"href":"https:\/\/blog-alexis.monville.com\/en\/wp-json\/wp\/v2\/types\/post"}],"author":[{"embeddable":true,"href":"https:\/\/blog-alexis.monville.com\/en\/wp-json\/wp\/v2\/users\/1"}],"replies":[{"embeddable":true,"href":"https:\/\/blog-alexis.monville.com\/en\/wp-json\/wp\/v2\/comments?post=1018"}],"version-history":[{"count":1,"href":"https:\/\/blog-alexis.monville.com\/en\/wp-json\/wp\/v2\/posts\/1018\/revisions"}],"predecessor-version":[{"id":1708,"href":"https:\/\/blog-alexis.monville.com\/en\/wp-json\/wp\/v2\/posts\/1018\/revisions\/1708"}],"wp:attachment":[{"href":"https:\/\/blog-alexis.monville.com\/en\/wp-json\/wp\/v2\/media?parent=1018"}],"wp:term":[{"taxonomy":"category","embeddable":true,"href":"https:\/\/blog-alexis.monville.com\/en\/wp-json\/wp\/v2\/categories?post=1018"},{"taxonomy":"post_tag","embeddable":true,"href":"https:\/\/blog-alexis.monville.com\/en\/wp-json\/wp\/v2\/tags?post=1018"}],"curies":[{"name":"wp","href":"https:\/\/api.w.org\/{rel}","templated":true}]}}