{"id":1001,"date":"2010-12-17T16:57:04","date_gmt":"2010-12-17T15:57:04","guid":{"rendered":"https:\/\/blog-alexis.monville.com\/?p=1001"},"modified":"2014-01-08T22:15:48","modified_gmt":"2014-01-08T21:15:48","slug":"aquinum-hacke-la-cantine","status":"publish","type":"post","link":"https:\/\/blog-alexis.monville.com\/en\/2010\/12\/17\/aquinum-hacke-la-cantine\/","title":{"rendered":"Aquinum hacke La Cantine"},"content":{"rendered":"<p><a href=\"http:\/\/www.facebook.com\/Aquinum\"><img data-recalc-dims=\"1\" loading=\"lazy\" decoding=\"async\" class=\"alignleft\" style=\"margin: 10px;\" src=\"https:\/\/i0.wp.com\/www.editoile.fr\/wp-content\/uploads\/2010\/10\/Aquinum.jpg?resize=300%2C179\" alt=\"\" width=\"300\" height=\"179\" \/><\/a>Le 13 janvier 2011 sera le premier jour de l\u2019ann\u00e9e d\u2019<a href=\"http:\/\/www.facebook.com\/Aquinum\">Aquinum<\/a>, association repr\u00e9sentant les professionnels du num\u00e9rique en Aquitaine. A cette occasion, <a href=\"http:\/\/lacantine.org\/events\/aquinum-hacke-la-cantine\" target=\"_blank\">20 repr\u00e9sentants d\u2019Aquinum viendront \u00e0 La Cantine Num\u00e9rique \u00e0 Paris<\/a>, pr\u00e9senter leurs savoirs-faire !<\/p>\n<p>Au programme de l\u2019apr\u00e8s-midi, pr\u00e9sentations en format court, d\u00e9monstrations, ateliers, discussions. En fin d\u2019apr\u00e8s-midi, une keynote avec une star r\u00e9gionale (vous pouvez essayer de deviner). A partir de 18h, une table ronde sur la qualit\u00e9 et l\u2019accessibilit\u00e9 web, suivi d\u2019une conf\u00e9rence\/d\u00e9bat sur le nouveau journalisme.<\/p>\n<p>Et bien sur cl\u00f4ture avec un ap\u00e9ro bordelais avec des vins et des grignotages d\u2019Aquitaine !<\/p>\n<p>Pour vous inscrire :<\/p>\n<p><!-- p.p1 {margin: 0.0px 0.0px 0.0px 0.0px; line-height: 18.0px; font: 14.0px Helvetica; color: #0054af} span.s1 {text-decoration: underline} --><a href=\"http:\/\/www.amiando.com\/aqhackan.html?page=472059\" target=\"_blank\">http:\/\/www.amiando.com\/aqhackan.html?page=472059<\/a><\/p>\n","protected":false},"excerpt":{"rendered":"<p>Le 13 janvier 2011 sera le premier jour de l\u2019ann\u00e9e d\u2019Aquinum, association repr\u00e9sentant les professionnels du num\u00e9rique en Aquitaine. A cette occasion, 20 repr\u00e9sentants d\u2019Aquinum viendront \u00e0 La Cantine Num\u00e9rique \u00e0 Paris, pr\u00e9senter leurs savoirs-faire ! Au programme de l\u2019apr\u00e8s-midi, pr\u00e9sentations en format court, d\u00e9monstrations, ateliers, discussions. En fin d\u2019apr\u00e8s-midi, une keynote avec une star [&hellip;]<\/p>\n","protected":false},"author":1,"featured_media":0,"comment_status":"open","ping_status":"open","sticky":false,"template":"","format":"standard","meta":{"advanced_seo_description":"","jetpack_seo_html_title":"","jetpack_seo_noindex":false,"jetpack_post_was_ever_published":false,"_jetpack_newsletter_access":"","_jetpack_dont_email_post_to_subs":false,"_jetpack_newsletter_tier_id":0,"_jetpack_memberships_contains_paywalled_content":false,"_jetpack_memberships_contains_paid_content":false,"footnotes":""},"categories":[8],"tags":[],"class_list":["post-1001","post","type-post","status-publish","format-standard","hentry","category-interventions"],"jetpack_featured_media_url":"","jetpack_shortlink":"https:\/\/wp.me\/paNjQG-g9","jetpack-related-posts":[{"id":1075,"url":"https:\/\/blog-alexis.monville.com\/en\/2011\/03\/04\/le-reseau-des-cantines\/","url_meta":{"origin":1001,"position":0},"title":"le r\u00e9seau des Cantines","author":"Alexis","date":"March 4, 2011","format":false,"excerpt":"Le r\u00e9seau des Cantines s'ouvre aujourd'hui avec l'ambition d'\u00e9tablir une charte d\u00e9finissant les valeurs et les ambitions communes des porteurs du r\u00e9seaux. 4 Cantines sont membres du r\u00e9seau \u00e0 sa cr\u00e9ation : La Cantine par Silicon Sentier (Paris) La Cantine par La M\u00eal\u00e9e (Toulouse) La Cantine Num\u00e9rique Rennaise (Rennes) La\u2026","rel":"","context":"In &quot;General&quot;","block_context":{"text":"General","link":"https:\/\/blog-alexis.monville.com\/en\/category\/all\/"},"img":{"alt_text":"","src":"https:\/\/i0.wp.com\/reseaudescantines.org\/wp-content\/uploads\/2011\/01\/Logo.Cantines.Web-copy1.png?resize=350%2C200","width":350,"height":200},"classes":[]},{"id":1005,"url":"https:\/\/blog-alexis.monville.com\/en\/2010\/12\/19\/noel-a-la-cantine\/","url_meta":{"origin":1001,"position":1},"title":"No\u00ebl \u00e0 La Cantine","author":"Alexis","date":"December 19, 2010","format":false,"excerpt":"Ce samedi 18 d\u00e9cembre 2010, Silicon Sentier invitait toutes les \u00e9quipes des entreprises adh\u00e9rentes \u00e0 f\u00eater No\u00ebl avec conjoints et enfants bien sur ! Un super apr\u00e8s-midi avec cadeaux apport\u00e9s par le p\u00e8re-no\u00ebl, fontaine de chocolat et quelques bulles. Comme les grandes entreprises, les petites entreprises adh\u00e9rentes de Silicon Sentier,\u2026","rel":"","context":"In &quot;General&quot;","block_context":{"text":"General","link":"https:\/\/blog-alexis.monville.com\/en\/category\/all\/"},"img":{"alt_text":"","src":"https:\/\/i0.wp.com\/blog-alexis.monville.com\/files\/2010\/12\/emma-cadeau-150x150.jpg?resize=350%2C200&ssl=1","width":350,"height":200},"classes":[]},{"id":1127,"url":"https:\/\/blog-alexis.monville.com\/en\/2011\/06\/14\/pas-sage-en-seine\/","url_meta":{"origin":1001,"position":2},"title":"Pas Sage en Seine","author":"Alexis","date":"June 14, 2011","format":false,"excerpt":"Pas Sage en Seine se tiendra les\u00a017, 18, et 19 juin 2011 \u00e0 La Cantine, Passage des Panoramas, 75002 Paris. De nombreux pr\u00e9sentations, ateliers, d\u00e9mos... se d\u00e9rouleront sur ces trois jours dont une conf\u00e9rence sur le lifehacking avec Fabien Benetou, Tangui Morlier, Fr\u00e9d\u00e9ric Couchet et moi-m\u00eame ! Rendez-vous vendredi 17\u2026","rel":"","context":"In &quot;Interventions&quot;","block_context":{"text":"Interventions","link":"https:\/\/blog-alexis.monville.com\/en\/category\/interventions\/"},"img":{"alt_text":"","src":"https:\/\/i0.wp.com\/www.passageenseine.org\/pes-2011\/PES2011.jpg?resize=350%2C200","width":350,"height":200},"classes":[]},{"id":688,"url":"https:\/\/blog-alexis.monville.com\/en\/2009\/11\/21\/acces-aux-donnees-publiques\/","url_meta":{"origin":1001,"position":3},"title":"Acc\u00e8s aux donn\u00e9es publiques","author":"Alexis","date":"November 21, 2009","format":false,"excerpt":"La premi\u00e8re fois que j'ai vu\u00a0Hans Rossling d\u00e9voiler des statistiques extraordinaires lors d'une session TED, je me suis dit que \"nous\" tenions une d\u00e9monstration de l'int\u00e9r\u00eat de donner acc\u00e8s aux donn\u00e9es publiques afin que \"nous\" puissions tous les utiliser. Depuis, les choses ont \u00e9volu\u00e9es et de nombreux pays ont fait\u2026","rel":"","context":"In &quot;Interventions&quot;","block_context":{"text":"Interventions","link":"https:\/\/blog-alexis.monville.com\/en\/category\/interventions\/"},"img":{"alt_text":"","src":"https:\/\/i0.wp.com\/lacantine.org\/\/uploads\/9\/opendatcamp_OKV5_R.png?resize=350%2C200","width":350,"height":200},"classes":[]},{"id":585,"url":"https:\/\/blog-alexis.monville.com\/en\/2009\/06\/02\/tedx-paris\/","url_meta":{"origin":1001,"position":4},"title":"TEDx Paris","author":"Alexis","date":"June 2, 2009","format":false,"excerpt":"L'\u00e9dition pilote des TEDx Paris s'est d\u00e9roul\u00e9e le 28 mai 2009 \u00e0 La Cantine. Je vous invite bien sur \u00e0 d\u00e9couvrir la version originale en regardant par exemple Richard St-John parler des 8 secrets du succ\u00e8s ou Hans Rossling d\u00e9voiler des statistiques extraordinaires. Un projet de traduction vient de commencer\u2026","rel":"","context":"In &quot;Explorateurs&quot;","block_context":{"text":"Explorateurs","link":"https:\/\/blog-alexis.monville.com\/en\/category\/explorateurs\/"},"img":{"alt_text":"","src":"https:\/\/i0.wp.com\/tedxparis.com\/sites\/default\/files\/zen_classic_logo.jpg?resize=350%2C200","width":350,"height":200},"classes":[]},{"id":305,"url":"https:\/\/blog-alexis.monville.com\/en\/2009\/01\/12\/gerer-ses-mots-de-passe-en-ligne-avec-clipperzcom\/","url_meta":{"origin":1001,"position":5},"title":"G\u00e8rer ses mots de passe en ligne avec clipperz.com","author":"Alexis","date":"January 12, 2009","format":false,"excerpt":"Emilie Ogez pose aujourd'hui la question : \"Comment g\u00e9rez-vous vos mots de passe ?\" Elle a re\u00e7u quelques \u00e9l\u00e9ments de r\u00e9ponse en commentaire de son message. Et pour poursuivre la discussion... Si ne je n'ai pas encore trouv\u00e9 la solution qui me satisfait totalement, je teste depuis quelques semaines la\u2026","rel":"","context":"In &quot;Explorateurs&quot;","block_context":{"text":"Explorateurs","link":"https:\/\/blog-alexis.monville.com\/en\/category\/explorateurs\/"},"img":{"alt_text":"clipperz_titre","src":"https:\/\/i0.wp.com\/blog-alexis.monville.com\/wp-content\/uploads\/sites\/2\/2009\/01\/clipperz_titre.gif?resize=350%2C200&ssl=1","width":350,"height":200},"classes":[]}],"jetpack_sharing_enabled":true,"_links":{"self":[{"href":"https:\/\/blog-alexis.monville.com\/en\/wp-json\/wp\/v2\/posts\/1001","targetHints":{"allow":["GET"]}}],"collection":[{"href":"https:\/\/blog-alexis.monville.com\/en\/wp-json\/wp\/v2\/posts"}],"about":[{"href":"https:\/\/blog-alexis.monville.com\/en\/wp-json\/wp\/v2\/types\/post"}],"author":[{"embeddable":true,"href":"https:\/\/blog-alexis.monville.com\/en\/wp-json\/wp\/v2\/users\/1"}],"replies":[{"embeddable":true,"href":"https:\/\/blog-alexis.monville.com\/en\/wp-json\/wp\/v2\/comments?post=1001"}],"version-history":[{"count":1,"href":"https:\/\/blog-alexis.monville.com\/en\/wp-json\/wp\/v2\/posts\/1001\/revisions"}],"predecessor-version":[{"id":1710,"href":"https:\/\/blog-alexis.monville.com\/en\/wp-json\/wp\/v2\/posts\/1001\/revisions\/1710"}],"wp:attachment":[{"href":"https:\/\/blog-alexis.monville.com\/en\/wp-json\/wp\/v2\/media?parent=1001"}],"wp:term":[{"taxonomy":"category","embeddable":true,"href":"https:\/\/blog-alexis.monville.com\/en\/wp-json\/wp\/v2\/categories?post=1001"},{"taxonomy":"post_tag","embeddable":true,"href":"https:\/\/blog-alexis.monville.com\/en\/wp-json\/wp\/v2\/tags?post=1001"}],"curies":[{"name":"wp","href":"https:\/\/api.w.org\/{rel}","templated":true}]}}